{"id":1275,"date":"2024-10-28T14:35:43","date_gmt":"2024-10-28T17:35:43","guid":{"rendered":"https:\/\/foto.art.br\/site\/?p=1275"},"modified":"2024-10-28T14:35:43","modified_gmt":"2024-10-28T17:35:43","slug":"revela-t","status":"publish","type":"post","link":"https:\/\/foto.art.br\/site\/2024\/10\/28\/revela-t\/","title":{"rendered":"Revela-t"},"content":{"rendered":"\n<p>Um dos mais importantes eventos de fotografia experimental acontece em Barcelona, o Revela-t que est\u00e1 com inscri\u00e7\u00f5es abertas para exposi\u00e7\u00f5es em 2025 at\u00e9 10\/11\/2024<\/p>\n\n\n\n<figure class=\"wp-block-image size-full\"><img loading=\"lazy\" decoding=\"async\" width=\"960\" height=\"388\" src=\"https:\/\/foto.art.br\/site\/wp-content\/uploads\/2024\/10\/revelat2.jpg\" alt=\"\" class=\"wp-image-1278\" srcset=\"https:\/\/foto.art.br\/site\/wp-content\/uploads\/2024\/10\/revelat2.jpg 960w, https:\/\/foto.art.br\/site\/wp-content\/uploads\/2024\/10\/revelat2-300x121.jpg 300w, https:\/\/foto.art.br\/site\/wp-content\/uploads\/2024\/10\/revelat2-768x310.jpg 768w\" sizes=\"auto, (max-width: 960px) 100vw, 960px\" \/><\/figure>\n\n\n\n<p><a href=\"https:\/\/revela-t.cat\" target=\"_blank\" rel=\"noreferrer noopener\">https:\/\/revela-t.cat<\/a><\/p>\n\n\n\n<p><\/p>\n","protected":false},"excerpt":{"rendered":"<p>Um dos mais importantes eventos de fotografia experimental acontece em Barcelona, o Revela-t que est\u00e1 com inscri\u00e7\u00f5es abertas para exposi\u00e7\u00f5es em 2025 at\u00e9 10\/11\/2024 https:\/\/revela-t.cat<\/p>\n","protected":false},"author":1,"featured_media":1276,"comment_status":"closed","ping_status":"","sticky":false,"template":"","format":"standard","meta":{"footnotes":""},"categories":[1],"tags":[],"class_list":["post-1275","post","type-post","status-publish","format-standard","has-post-thumbnail","hentry","category-uncategorized"],"blocksy_meta":[],"_links":{"self":[{"href":"https:\/\/foto.art.br\/site\/wp-json\/wp\/v2\/posts\/1275","targetHints":{"allow":["GET"]}}],"collection":[{"href":"https:\/\/foto.art.br\/site\/wp-json\/wp\/v2\/posts"}],"about":[{"href":"https:\/\/foto.art.br\/site\/wp-json\/wp\/v2\/types\/post"}],"author":[{"embeddable":true,"href":"https:\/\/foto.art.br\/site\/wp-json\/wp\/v2\/users\/1"}],"replies":[{"embeddable":true,"href":"https:\/\/foto.art.br\/site\/wp-json\/wp\/v2\/comments?post=1275"}],"version-history":[{"count":0,"href":"https:\/\/foto.art.br\/site\/wp-json\/wp\/v2\/posts\/1275\/revisions"}],"wp:featuredmedia":[{"embeddable":true,"href":"https:\/\/foto.art.br\/site\/wp-json\/wp\/v2\/media\/1276"}],"wp:attachment":[{"href":"https:\/\/foto.art.br\/site\/wp-json\/wp\/v2\/media?parent=1275"}],"wp:term":[{"taxonomy":"category","embeddable":true,"href":"https:\/\/foto.art.br\/site\/wp-json\/wp\/v2\/categories?post=1275"},{"taxonomy":"post_tag","embeddable":true,"href":"https:\/\/foto.art.br\/site\/wp-json\/wp\/v2\/tags?post=1275"}],"curies":[{"name":"wp","href":"https:\/\/api.w.org\/{rel}","templated":true}]}}