{"id":1295,"date":"2024-11-07T10:46:29","date_gmt":"2024-11-07T13:46:29","guid":{"rendered":"https:\/\/foto.art.br\/site\/?p=1295"},"modified":"2024-11-07T16:44:56","modified_gmt":"2024-11-07T19:44:56","slug":"amparoemfoco","status":"publish","type":"post","link":"https:\/\/foto.art.br\/site\/2024\/11\/07\/amparoemfoco\/","title":{"rendered":"AMPAROemFOCO"},"content":{"rendered":"\n<figure class=\"wp-block-image size-full\"><img loading=\"lazy\" decoding=\"async\" width=\"675\" height=\"396\" src=\"https:\/\/foto.art.br\/site\/wp-content\/uploads\/2024\/11\/AEF_Oficial_Amarelo.webp\" alt=\"\" class=\"wp-image-1296\" srcset=\"https:\/\/foto.art.br\/site\/wp-content\/uploads\/2024\/11\/AEF_Oficial_Amarelo.webp 675w, https:\/\/foto.art.br\/site\/wp-content\/uploads\/2024\/11\/AEF_Oficial_Amarelo-300x176.webp 300w\" sizes=\"auto, (max-width: 675px) 100vw, 675px\" \/><\/figure>\n\n\n\n<p>de 07 a 10 de novembro, a cidade de Amparo vai respirar fotografia com a 8\u00aa edi\u00e7\u00e3o do Festival de Fotografia&nbsp;<strong>Amparo em Foco<\/strong>.<\/p>\n\n\n\n<p>Ser\u00e3o quatro dias de exposi\u00e7\u00f5es, palestras, oficinas e passeios fotogr\u00e1ficos que v\u00e3o tomar todos os cantos da hist\u00f3rica Pra\u00e7a P\u00e1dua Salles, no centro de Amparo.<\/p>\n\n\n\n<p>Numa \u00e9poca de decl\u00ednio dos festivais de fototografia a edi\u00e7\u00e3o deste ano veio com presen\u00e7a forte da fotografia qu\u00edmica,\u00a0 experimental, com a presen\u00e7a, entre outros de Jo\u00e3o Saidler,\u00a0C\u00e1ssia Xavier e Gustavo Falqueiro, Alex Gimenes, S\u00e9rgio Cabral Fernandes,\u00a0 Felipe\u00a0 Coivara.<\/p>\n\n\n\n<p>Abrilhantam o evento\u00a0 Iat\u00e3 Cannabrava, Rubens Fernandes Junior e Jo\u00e3o Ripper.<\/p>\n\n\n\n<p>veja mais em:<\/p>\n\n\n\n<p><a href=\"https:\/\/www.amparoemfoco.com.br\" target=\"_blank\" rel=\"noreferrer noopener\">https:\/\/www.amparoemfoco.com.br<\/a><\/p>\n","protected":false},"excerpt":{"rendered":"<p>de 07 a 10 de novembro, a cidade de Amparo vai respirar fotografia com a 8\u00aa edi\u00e7\u00e3o do Festival de Fotografia&nbsp;Amparo em Foco. Ser\u00e3o quatro dias de exposi\u00e7\u00f5es, palestras, oficinas e passeios fotogr\u00e1ficos que v\u00e3o tomar todos os cantos da hist\u00f3rica Pra\u00e7a P\u00e1dua Salles, no centro de Amparo. Numa \u00e9poca de decl\u00ednio dos festivais de [&hellip;]<\/p>\n","protected":false},"author":1,"featured_media":1296,"comment_status":"closed","ping_status":"","sticky":false,"template":"","format":"standard","meta":{"footnotes":""},"categories":[1],"tags":[],"class_list":["post-1295","post","type-post","status-publish","format-standard","has-post-thumbnail","hentry","category-uncategorized"],"blocksy_meta":[],"_links":{"self":[{"href":"https:\/\/foto.art.br\/site\/wp-json\/wp\/v2\/posts\/1295","targetHints":{"allow":["GET"]}}],"collection":[{"href":"https:\/\/foto.art.br\/site\/wp-json\/wp\/v2\/posts"}],"about":[{"href":"https:\/\/foto.art.br\/site\/wp-json\/wp\/v2\/types\/post"}],"author":[{"embeddable":true,"href":"https:\/\/foto.art.br\/site\/wp-json\/wp\/v2\/users\/1"}],"replies":[{"embeddable":true,"href":"https:\/\/foto.art.br\/site\/wp-json\/wp\/v2\/comments?post=1295"}],"version-history":[{"count":0,"href":"https:\/\/foto.art.br\/site\/wp-json\/wp\/v2\/posts\/1295\/revisions"}],"wp:featuredmedia":[{"embeddable":true,"href":"https:\/\/foto.art.br\/site\/wp-json\/wp\/v2\/media\/1296"}],"wp:attachment":[{"href":"https:\/\/foto.art.br\/site\/wp-json\/wp\/v2\/media?parent=1295"}],"wp:term":[{"taxonomy":"category","embeddable":true,"href":"https:\/\/foto.art.br\/site\/wp-json\/wp\/v2\/categories?post=1295"},{"taxonomy":"post_tag","embeddable":true,"href":"https:\/\/foto.art.br\/site\/wp-json\/wp\/v2\/tags?post=1295"}],"curies":[{"name":"wp","href":"https:\/\/api.w.org\/{rel}","templated":true}]}}