{"id":1299,"date":"2024-11-07T10:55:23","date_gmt":"2024-11-07T13:55:23","guid":{"rendered":"https:\/\/foto.art.br\/site\/?p=1299"},"modified":"2024-11-08T03:42:57","modified_gmt":"2024-11-08T06:42:57","slug":"the-analog-chronicles","status":"publish","type":"post","link":"https:\/\/foto.art.br\/site\/2024\/11\/07\/the-analog-chronicles\/","title":{"rendered":"The Analog Chronicles"},"content":{"rendered":"\n<figure class=\"wp-block-image size-large\"><img loading=\"lazy\" decoding=\"async\" width=\"1024\" height=\"820\" src=\"https:\/\/foto.art.br\/site\/wp-content\/uploads\/2024\/11\/unnamed-1024x820.jpg\" alt=\"\" class=\"wp-image-1298\" srcset=\"https:\/\/foto.art.br\/site\/wp-content\/uploads\/2024\/11\/unnamed-1024x820.jpg 1024w, https:\/\/foto.art.br\/site\/wp-content\/uploads\/2024\/11\/unnamed-300x240.jpg 300w, https:\/\/foto.art.br\/site\/wp-content\/uploads\/2024\/11\/unnamed-768x615.jpg 768w, https:\/\/foto.art.br\/site\/wp-content\/uploads\/2024\/11\/unnamed.jpg 1292w\" sizes=\"auto, (max-width: 1024px) 100vw, 1024px\" \/><\/figure>\n\n\n\n<p>O m\u00eas de novembro transforma Paris em fotografia&#8230;<\/p>\n\n\n\n<p>\u00c9 o &#8220;Mois de La Photo&#8221;, um evento que come\u00e7ou pequeno, e que com o tempo foi ganhando ades\u00f5es paralelas, acabando por acontecer que os eventos paralelos, o &#8220;Paris Bis&#8221; ficou maior que o evento que o originou, e hoje tudo junto transforma a cidade. Depois de transforma\u00e7\u00f5es, modifica\u00e7\u00f5es, ficou a tradi\u00e7\u00e3o do m\u00eas da fotografia, com muitos eventos acontecendo de forma descentralizada. Entre os eventos acontede a feira de galerias Paris Photo tamb\u00e9m<\/p>\n\n\n\n<p><a href=\"https:\/\/www.parisphoto.com\" target=\"_blank\" rel=\"noreferrer noopener\">https:\/\/www.parisphoto.com<\/a><\/p>\n\n\n\n<p>Esta exposi\u00e7\u00e3o \u00e9 uma que marca a presen\u00e7a da fotografia qu\u00edmica, ou &#8220;analogue&#8221; como os franceses chamam tamb\u00e9m erroneamente a fotografia &#8220;argentique&#8221; termo muito mais bonito!<\/p>\n\n\n\n<figure class=\"wp-block-embed is-type-wp-embed is-provider-the-99-cameras-museum wp-block-embed-the-99-cameras-museum\"><div class=\"wp-block-embed__wrapper\">\n<blockquote class=\"wp-embedded-content\" data-secret=\"YKugAc2ZjT\"><a href=\"https:\/\/99camerasmuseum.com\/the-analog-chronicles\"> The Analog Chronicles <\/a><\/blockquote><iframe loading=\"lazy\" class=\"wp-embedded-content\" sandbox=\"allow-scripts\" security=\"restricted\" style=\"position: absolute; visibility: hidden;\" title=\"&#8220;&lt;span class=&quot;homepage_title_white notranslate &quot;&gt; The Analog Chronicles &lt;\/span&gt;&#8221; &#8212; The 99 Cameras Museum\" src=\"https:\/\/99camerasmuseum.com\/the-analog-chronicles\/embed#?secret=91e2vgz1pt#?secret=YKugAc2ZjT\" data-secret=\"YKugAc2ZjT\" width=\"600\" height=\"338\" frameborder=\"0\" marginwidth=\"0\" marginheight=\"0\" scrolling=\"no\"><\/iframe>\n<\/div><\/figure>\n","protected":false},"excerpt":{"rendered":"<p>O m\u00eas de novembro transforma Paris em fotografia&#8230; \u00c9 o &#8220;Mois de La Photo&#8221;, um evento que come\u00e7ou pequeno, e que com o tempo foi ganhando ades\u00f5es paralelas, acabando por acontecer que os eventos paralelos, o &#8220;Paris Bis&#8221; ficou maior que o evento que o originou, e hoje tudo junto transforma a cidade. Depois de [&hellip;]<\/p>\n","protected":false},"author":1,"featured_media":1298,"comment_status":"closed","ping_status":"","sticky":false,"template":"","format":"standard","meta":{"footnotes":""},"categories":[1],"tags":[],"class_list":["post-1299","post","type-post","status-publish","format-standard","has-post-thumbnail","hentry","category-uncategorized"],"blocksy_meta":[],"_links":{"self":[{"href":"https:\/\/foto.art.br\/site\/wp-json\/wp\/v2\/posts\/1299","targetHints":{"allow":["GET"]}}],"collection":[{"href":"https:\/\/foto.art.br\/site\/wp-json\/wp\/v2\/posts"}],"about":[{"href":"https:\/\/foto.art.br\/site\/wp-json\/wp\/v2\/types\/post"}],"author":[{"embeddable":true,"href":"https:\/\/foto.art.br\/site\/wp-json\/wp\/v2\/users\/1"}],"replies":[{"embeddable":true,"href":"https:\/\/foto.art.br\/site\/wp-json\/wp\/v2\/comments?post=1299"}],"version-history":[{"count":0,"href":"https:\/\/foto.art.br\/site\/wp-json\/wp\/v2\/posts\/1299\/revisions"}],"wp:featuredmedia":[{"embeddable":true,"href":"https:\/\/foto.art.br\/site\/wp-json\/wp\/v2\/media\/1298"}],"wp:attachment":[{"href":"https:\/\/foto.art.br\/site\/wp-json\/wp\/v2\/media?parent=1299"}],"wp:term":[{"taxonomy":"category","embeddable":true,"href":"https:\/\/foto.art.br\/site\/wp-json\/wp\/v2\/categories?post=1299"},{"taxonomy":"post_tag","embeddable":true,"href":"https:\/\/foto.art.br\/site\/wp-json\/wp\/v2\/tags?post=1299"}],"curies":[{"name":"wp","href":"https:\/\/api.w.org\/{rel}","templated":true}]}}