{"id":1411,"date":"2024-11-23T04:31:56","date_gmt":"2024-11-23T07:31:56","guid":{"rendered":"https:\/\/foto.art.br\/site\/?p=1411"},"modified":"2024-11-23T06:35:18","modified_gmt":"2024-11-23T09:35:18","slug":"lafa-10-anos","status":"publish","type":"post","link":"https:\/\/foto.art.br\/site\/2024\/11\/23\/lafa-10-anos\/","title":{"rendered":"LAFA 10 anos"},"content":{"rendered":"\n<figure class=\"wp-block-image size-large\"><img loading=\"lazy\" decoding=\"async\" width=\"1024\" height=\"657\" src=\"https:\/\/foto.art.br\/site\/wp-content\/uploads\/2024\/11\/lafa01-1024x657.jpg\" alt=\"\" class=\"wp-image-1412\" srcset=\"https:\/\/foto.art.br\/site\/wp-content\/uploads\/2024\/11\/lafa01-1024x657.jpg 1024w, https:\/\/foto.art.br\/site\/wp-content\/uploads\/2024\/11\/lafa01-300x192.jpg 300w, https:\/\/foto.art.br\/site\/wp-content\/uploads\/2024\/11\/lafa01-768x493.jpg 768w, https:\/\/foto.art.br\/site\/wp-content\/uploads\/2024\/11\/lafa01.jpg 1437w\" sizes=\"auto, (max-width: 1024px) 100vw, 1024px\" \/><\/figure>\n\n\n\n<p>Completando 10 anos de atividade o <a href=\"https:\/\/www.facebook.com\/lafaunb\" target=\"_blank\" rel=\"noreferrer noopener\"><strong>LAFA &#8211; Laborat\u00f3rio de Fotografia Alternativa<\/strong>&nbsp;<\/a>grupo de pesquisa e extens\u00e3o, coordenado pela prof Dra Ruth Moreira Souza Regiani do<strong> <a href=\"https:\/\/ida.unb.br\/\" target=\"_blank\" rel=\"noreferrer noopener\">IDA-UnB<\/a><\/strong> Instituto de Artes da Universidade de Bras\u00edlia, comemora o decenio com muitas atividades, entre elas exposi\u00e7\u00f5es e agora a publica\u00e7\u00e3o do artigo <strong>Meninas e Mulheres na Ci\u00eancia: O Futuro \u00e9 Agora<\/strong>, de Fernando Ferreira Martins, Sofia Rocha Sartorello e Ruth Moreira de Sousa Regiani na publica\u00e7\u00e3o do Projeto de Extens\u00e3o Meninas e Mulherees na Ci\u00eancia. <a href=\"https:\/\/livros.unb.br\/index.php\/portal\/catalog\/view\/552\/784\/6398\" target=\"_blank\" rel=\"noreferrer noopener\"><strong>link para a publica\u00e7\u00e3o completa<\/strong><\/a><\/p>\n\n\n\n<figure class=\"wp-block-image size-large\"><img loading=\"lazy\" decoding=\"async\" width=\"1024\" height=\"865\" src=\"https:\/\/foto.art.br\/site\/wp-content\/uploads\/2024\/11\/lafa02-1024x865.jpg\" alt=\"\" class=\"wp-image-1414\" srcset=\"https:\/\/foto.art.br\/site\/wp-content\/uploads\/2024\/11\/lafa02-1024x865.jpg 1024w, https:\/\/foto.art.br\/site\/wp-content\/uploads\/2024\/11\/lafa02-300x253.jpg 300w, https:\/\/foto.art.br\/site\/wp-content\/uploads\/2024\/11\/lafa02-768x649.jpg 768w, https:\/\/foto.art.br\/site\/wp-content\/uploads\/2024\/11\/lafa02.jpg 1243w\" sizes=\"auto, (max-width: 1024px) 100vw, 1024px\" \/><figcaption class=\"wp-element-caption\">publica\u00e7\u00e3o<\/figcaption><\/figure>\n\n\n\n<p><\/p>\n\n\n\n<figure class=\"wp-block-image size-large\"><img loading=\"lazy\" decoding=\"async\" width=\"1024\" height=\"1024\" src=\"https:\/\/foto.art.br\/site\/wp-content\/uploads\/2024\/11\/lafa03-1024x1024.jpg\" alt=\"\" class=\"wp-image-1415\" srcset=\"https:\/\/foto.art.br\/site\/wp-content\/uploads\/2024\/11\/lafa03-1024x1024.jpg 1024w, https:\/\/foto.art.br\/site\/wp-content\/uploads\/2024\/11\/lafa03-300x300.jpg 300w, https:\/\/foto.art.br\/site\/wp-content\/uploads\/2024\/11\/lafa03-150x150.jpg 150w, https:\/\/foto.art.br\/site\/wp-content\/uploads\/2024\/11\/lafa03-768x768.jpg 768w, https:\/\/foto.art.br\/site\/wp-content\/uploads\/2024\/11\/lafa03.jpg 1440w\" sizes=\"auto, (max-width: 1024px) 100vw, 1024px\" \/><\/figure>\n\n\n\n<figure class=\"wp-block-image size-large\"><img loading=\"lazy\" decoding=\"async\" width=\"1024\" height=\"1024\" src=\"https:\/\/foto.art.br\/site\/wp-content\/uploads\/2024\/11\/lafa04-1024x1024.jpg\" alt=\"\" class=\"wp-image-1416\" srcset=\"https:\/\/foto.art.br\/site\/wp-content\/uploads\/2024\/11\/lafa04-1024x1024.jpg 1024w, https:\/\/foto.art.br\/site\/wp-content\/uploads\/2024\/11\/lafa04-300x300.jpg 300w, https:\/\/foto.art.br\/site\/wp-content\/uploads\/2024\/11\/lafa04-150x150.jpg 150w, https:\/\/foto.art.br\/site\/wp-content\/uploads\/2024\/11\/lafa04-768x768.jpg 768w, https:\/\/foto.art.br\/site\/wp-content\/uploads\/2024\/11\/lafa04.jpg 1440w\" sizes=\"auto, (max-width: 1024px) 100vw, 1024px\" \/><figcaption class=\"wp-element-caption\">uma das exposi\u00e7\u00f5es das oficinas<\/figcaption><\/figure>\n\n\n\n<figure class=\"wp-block-image size-large\"><img loading=\"lazy\" decoding=\"async\" width=\"1024\" height=\"1024\" src=\"https:\/\/foto.art.br\/site\/wp-content\/uploads\/2024\/11\/lafa05-1024x1024.jpg\" alt=\"\" class=\"wp-image-1417\" srcset=\"https:\/\/foto.art.br\/site\/wp-content\/uploads\/2024\/11\/lafa05-1024x1024.jpg 1024w, https:\/\/foto.art.br\/site\/wp-content\/uploads\/2024\/11\/lafa05-300x300.jpg 300w, https:\/\/foto.art.br\/site\/wp-content\/uploads\/2024\/11\/lafa05-150x150.jpg 150w, https:\/\/foto.art.br\/site\/wp-content\/uploads\/2024\/11\/lafa05-768x768.jpg 768w, https:\/\/foto.art.br\/site\/wp-content\/uploads\/2024\/11\/lafa05.jpg 1440w\" sizes=\"auto, (max-width: 1024px) 100vw, 1024px\" \/><\/figure>\n\n\n\n<figure class=\"wp-block-image size-full\"><img loading=\"lazy\" decoding=\"async\" width=\"509\" height=\"720\" src=\"https:\/\/foto.art.br\/site\/wp-content\/uploads\/2024\/11\/lafa06.jpg\" alt=\"\" class=\"wp-image-1418\" srcset=\"https:\/\/foto.art.br\/site\/wp-content\/uploads\/2024\/11\/lafa06.jpg 509w, https:\/\/foto.art.br\/site\/wp-content\/uploads\/2024\/11\/lafa06-212x300.jpg 212w\" sizes=\"auto, (max-width: 509px) 100vw, 509px\" \/><figcaption class=\"wp-element-caption\">exposi\u00e7\u00e3o dos 10 anos do grupo<\/figcaption><\/figure>\n","protected":false},"excerpt":{"rendered":"<p>Completando 10 anos de atividade o LAFA &#8211; Laborat\u00f3rio de Fotografia Alternativa&nbsp;grupo de pesquisa e extens\u00e3o, coordenado pela prof Dra Ruth Moreira Souza Regiani do IDA-UnB Instituto de Artes da Universidade de Bras\u00edlia, comemora o decenio com muitas atividades, entre elas exposi\u00e7\u00f5es e agora a publica\u00e7\u00e3o do artigo Meninas e Mulheres na Ci\u00eancia: O Futuro [&hellip;]<\/p>\n","protected":false},"author":1,"featured_media":1412,"comment_status":"closed","ping_status":"","sticky":false,"template":"","format":"standard","meta":{"footnotes":""},"categories":[1],"tags":[],"class_list":["post-1411","post","type-post","status-publish","format-standard","has-post-thumbnail","hentry","category-uncategorized"],"blocksy_meta":[],"_links":{"self":[{"href":"https:\/\/foto.art.br\/site\/wp-json\/wp\/v2\/posts\/1411","targetHints":{"allow":["GET"]}}],"collection":[{"href":"https:\/\/foto.art.br\/site\/wp-json\/wp\/v2\/posts"}],"about":[{"href":"https:\/\/foto.art.br\/site\/wp-json\/wp\/v2\/types\/post"}],"author":[{"embeddable":true,"href":"https:\/\/foto.art.br\/site\/wp-json\/wp\/v2\/users\/1"}],"replies":[{"embeddable":true,"href":"https:\/\/foto.art.br\/site\/wp-json\/wp\/v2\/comments?post=1411"}],"version-history":[{"count":0,"href":"https:\/\/foto.art.br\/site\/wp-json\/wp\/v2\/posts\/1411\/revisions"}],"wp:featuredmedia":[{"embeddable":true,"href":"https:\/\/foto.art.br\/site\/wp-json\/wp\/v2\/media\/1412"}],"wp:attachment":[{"href":"https:\/\/foto.art.br\/site\/wp-json\/wp\/v2\/media?parent=1411"}],"wp:term":[{"taxonomy":"category","embeddable":true,"href":"https:\/\/foto.art.br\/site\/wp-json\/wp\/v2\/categories?post=1411"},{"taxonomy":"post_tag","embeddable":true,"href":"https:\/\/foto.art.br\/site\/wp-json\/wp\/v2\/tags?post=1411"}],"curies":[{"name":"wp","href":"https:\/\/api.w.org\/{rel}","templated":true}]}}