{"id":1426,"date":"2024-12-05T17:46:43","date_gmt":"2024-12-05T20:46:43","guid":{"rendered":"https:\/\/foto.art.br\/site\/?p=1426"},"modified":"2024-12-05T18:10:29","modified_gmt":"2024-12-05T21:10:29","slug":"denis-brihat-1928-2024","status":"publish","type":"post","link":"https:\/\/foto.art.br\/site\/2024\/12\/05\/denis-brihat-1928-2024\/","title":{"rendered":"Denis Brihat (1928-2024)"},"content":{"rendered":"\n<figure class=\"wp-block-image size-full\"><img loading=\"lazy\" decoding=\"async\" width=\"610\" height=\"480\" src=\"https:\/\/foto.art.br\/site\/wp-content\/uploads\/2024\/12\/portrait-denis-brihathelene-theret.jpeg\" alt=\"\" class=\"wp-image-1427\" srcset=\"https:\/\/foto.art.br\/site\/wp-content\/uploads\/2024\/12\/portrait-denis-brihathelene-theret.jpeg 610w, https:\/\/foto.art.br\/site\/wp-content\/uploads\/2024\/12\/portrait-denis-brihathelene-theret-300x236.jpeg 300w\" sizes=\"auto, (max-width: 610px) 100vw, 610px\" \/><\/figure>\n\n\n\n<p>falecido esta semana &#8211; 3\/12\/2024 Brihat deixa uma obra marcada pela pesquisa pessoal de processos \u00fanicos em fotografia qu\u00edmica de grande sofisica\u00e7\u00e3o, com viragens seletivas em cores, mordan\u00e7age, solariza\u00e7\u00e3o, fotogravura etc.<\/p>\n\n\n<style type=\"text\/css\" scoped>.rbs_gallery_69ef7368864d3Spinner{\r\n\t\t\t\tmargin: 50px auto;\r\n\t\t\t\twidth: 50px;\r\n\t\t\t\theight: 40px;\r\n\t\t\t\ttext-align: center;\r\n\t\t\t\tfont-size: 10px;\r\n\t\t\t}\r\n\t\t\t.rbs_gallery_69ef7368864d3Spinner > div{\r\n\t\t\t  background-color: #333;\r\n\t\t\t  height: 100%;\r\n\t\t\t  width: 6px;\r\n\t\t\t  display: inline-block;\r\n\t\t\t  -webkit-animation: rbs_gallery_69ef7368864d3-stretchdelay 1.2s infinite ease-in-out;\r\n\t\t\t  animation: rbs_gallery_69ef7368864d3-stretchdelay 1.2s infinite ease-in-out;\r\n\t\t\t}\r\n\t\t\t.rbs_gallery_69ef7368864d3Spinner .rbs_gallery_69ef7368864d3Rect2 {\r\n\t\t\t  -webkit-animation-delay: -1.1s;\r\n\t\t\t  animation-delay: -1.1s;\r\n\t\t\t}\r\n\t\t\t.rbs_gallery_69ef7368864d3Spinner .rbs_gallery_69ef7368864d3Rect3 {\r\n\t\t\t  -webkit-animation-delay: -1.0s;\r\n\t\t\t  animation-delay: -1.0s;\r\n\t\t\t}\r\n\t\t\t.rbs_gallery_69ef7368864d3Spinner .rbs_gallery_69ef7368864d3Rect4 {\r\n\t\t\t  -webkit-animation-delay: -0.9s;\r\n\t\t\t  animation-delay: -0.9s;\r\n\t\t\t}\r\n\t\t\t.rbs_gallery_69ef7368864d3Spinner .rbs_gallery_69ef7368864d3Rect5 {\r\n\t\t\t  -webkit-animation-delay: -0.8s;\r\n\t\t\t  animation-delay: -0.8s;\r\n\t\t\t}\r\n\t\t\t@-webkit-keyframes rbs_gallery_69ef7368864d3-stretchdelay {\r\n\t\t\t  0%, 40%, 100% { -webkit-transform: scaleY(0.4) }  \r\n\t\t\t  20% { -webkit-transform: scaleY(1.0) }\r\n\t\t\t}\r\n\t\t\t@keyframes rbs_gallery_69ef7368864d3-stretchdelay {\r\n\t\t\t  0%, 40%, 100% { \r\n\t\t\t    transform: scaleY(0.4);\r\n\t\t\t    -webkit-transform: scaleY(0.4);\r\n\t\t\t  }  20% { \r\n\t\t\t    transform: scaleY(1.0);\r\n\t\t\t    -webkit-transform: scaleY(1.0);\r\n\t\t\t  }\r\n\t\t\t}\r\n\t\t<\/style><div class=\"robo-gallery-wrap robo-gallery-wrap-id1446 robo-gallery-grid\" ><div id=\"rbs_gallery_69ef7368864d3-block-loader\" class=\"rbs_gallery_69ef7368864d3Spinner\"><div class=\"rbs_gallery_69ef7368864d3Rect1\"><\/div> <div class=\"rbs_gallery_69ef7368864d3Rect2\"><\/div> <div class=\"rbs_gallery_69ef7368864d3Rect3\"><\/div> <div class=\"rbs_gallery_69ef7368864d3Rect4\"><\/div> <div class=\"rbs_gallery_69ef7368864d3Rect5\"><\/div><\/div><div id=\"robo_gallery_main_block_rbs_gallery_69ef7368864d3\" class=\"robogallery-gallery-1446\" style=\"width:100%;  display: none;\"><div id=\"rbs_gallery_69ef7368864d3\" data-options=\"rbs_gallery_69ef7368864d3\" style=\"width:100%;\" class=\"robo_gallery  \"><div class=\"rbs-img  category1446 \" ><div class=\"rbs-img-image   rbs-lightbox \" ><div class=\"rbs-img-thumbs\"  data-thumbnail=\"https:\/\/foto.art.br\/site\/wp-content\/uploads\/2024\/12\/coeur-de-kiwi-300x247.jpg\"  title=\"coeur-de-kiwi\"  data-width=\"300\"  data-height=\"247\" ><\/div><div class=\"rbs-img-data-popup\"  data-popup=\"https:\/\/foto.art.br\/site\/wp-content\/uploads\/2024\/12\/coeur-de-kiwi.jpg\"  title=\"Coeur de kiwi, 1990 Tirage argentique, virage au fer-vanadium, 40x50 cm\" ><\/div><div class=\"thumbnail-overlay\"><div class=\"rbsTitle \">coeur-de-kiwi<\/div><div class=\"rbsIcons\"><i class=\"fa fa-search-plus rbsZoomIcon \" ><\/i><\/div><\/div><\/div><\/div><div class=\"rbs-img  category1446 \" ><div class=\"rbs-img-image   rbs-lightbox \" ><div class=\"rbs-img-thumbs\"  data-thumbnail=\"https:\/\/foto.art.br\/site\/wp-content\/uploads\/2024\/12\/rondelle-doignon-239x300.jpg\"  title=\"Rondelle d&#039;oignon Tirage 40x50cm\"  data-width=\"239\"  data-height=\"300\" ><\/div><div class=\"rbs-img-data-popup\"  data-popup=\"https:\/\/foto.art.br\/site\/wp-content\/uploads\/2024\/12\/rondelle-doignon.jpg\"  title=\"Rondelle d&#039;oignon\rTirage 40x50cm\" ><\/div><div class=\"thumbnail-overlay\"><div class=\"rbsTitle \">Rondelle d&#039;oignon Tirage 40x50cm<\/div><div class=\"rbsIcons\"><i class=\"fa fa-search-plus rbsZoomIcon \" ><\/i><\/div><\/div><\/div><\/div><div class=\"rbs-img  category1446 \" ><div class=\"rbs-img-image   rbs-lightbox \" ><div class=\"rbs-img-thumbs\"  data-thumbnail=\"https:\/\/foto.art.br\/site\/wp-content\/uploads\/2024\/12\/obscura-4-x540q80-300x228.jpg\"  title=\"obscura-4-x540q80\"  data-width=\"300\"  data-height=\"228\" ><\/div><div class=\"rbs-img-data-popup\"  data-popup=\"https:\/\/foto.art.br\/site\/wp-content\/uploads\/2024\/12\/obscura-4-x540q80.jpg\"  title=\" Coupe de Kiwi, 1990. Tirage argentique r\u00e9alis\u00e9 par l&#039;artiste, virage au fervanadium 50 x 60 cm\" ><\/div><div class=\"thumbnail-overlay\"><div class=\"rbsTitle \">obscura-4-x540q80<\/div><div class=\"rbsIcons\"><i class=\"fa fa-search-plus rbsZoomIcon \" ><\/i><\/div><\/div><\/div><\/div><div class=\"rbs-img  category1446 \" ><div class=\"rbs-img-image   rbs-lightbox \" ><div class=\"rbs-img-thumbs\"  data-thumbnail=\"https:\/\/foto.art.br\/site\/wp-content\/uploads\/2024\/12\/pelure-doignon-300x225.jpg\"  title=\"pelure-doignon\"  data-width=\"300\"  data-height=\"225\" ><\/div><div class=\"rbs-img-data-popup\"  data-popup=\"https:\/\/foto.art.br\/site\/wp-content\/uploads\/2024\/12\/pelure-doignon.jpg\"  title=\" Pelure d\u2019oignon, 2002 Tirage argentique, virage \u00e0 l\u2019or, 50 x 60 cm \" ><\/div><div class=\"thumbnail-overlay\"><div class=\"rbsTitle \">pelure-doignon<\/div><div class=\"rbsIcons\"><i class=\"fa fa-search-plus rbsZoomIcon \" ><\/i><\/div><\/div><\/div><\/div><div class=\"rbs-img  category1446 \" ><div class=\"rbs-img-image   rbs-lightbox \" ><div class=\"rbs-img-thumbs\"  data-thumbnail=\"https:\/\/foto.art.br\/site\/wp-content\/uploads\/2024\/12\/obscura-15-x540q80-300x237.jpg\"  title=\"obscura-15-x540q80\"  data-width=\"300\"  data-height=\"237\" ><\/div><div class=\"rbs-img-data-popup\"  data-popup=\"https:\/\/foto.art.br\/site\/wp-content\/uploads\/2024\/12\/obscura-15-x540q80.jpg\"  title=\"Tulipe noire, 2001. Tirage argentique r\u00e9alis\u00e9 par l&#039;artiste, virage s\u00e9l\u00e9nium 40 x 50 cm \" ><\/div><div class=\"thumbnail-overlay\"><div class=\"rbsTitle \">obscura-15-x540q80<\/div><div class=\"rbsIcons\"><i class=\"fa fa-search-plus rbsZoomIcon \" ><\/i><\/div><\/div><\/div><\/div><div class=\"rbs-img  category1446 \" ><div class=\"rbs-img-image   rbs-lightbox \" ><div class=\"rbs-img-thumbs\"  data-thumbnail=\"https:\/\/foto.art.br\/site\/wp-content\/uploads\/2024\/12\/obscura-11-x540q80-300x236.jpg\"  title=\"obscura-11-x540q80\"  data-width=\"300\"  data-height=\"236\" ><\/div><div class=\"rbs-img-data-popup\"  data-popup=\"https:\/\/foto.art.br\/site\/wp-content\/uploads\/2024\/12\/obscura-11-x540q80.jpg\"  title=\"Kaki rouge, 2005. Tirage argentique r\u00e9alis\u00e9 par l&#039;artiste, sulfuration et virage \u00e0 l&#039;or 40 x 50 cm\" ><\/div><div class=\"thumbnail-overlay\"><div class=\"rbsTitle \">obscura-11-x540q80<\/div><div class=\"rbsIcons\"><i class=\"fa fa-search-plus rbsZoomIcon \" ><\/i><\/div><\/div><\/div><\/div><div class=\"rbs-img  category1446 \" ><div class=\"rbs-img-image   rbs-lightbox \" ><div class=\"rbs-img-thumbs\"  data-thumbnail=\"https:\/\/foto.art.br\/site\/wp-content\/uploads\/2024\/12\/coquelicot-fripe-300x227.jpg\"  title=\"Coquelicot. 1994 Dim en cm 30x40\"  data-width=\"300\"  data-height=\"227\" ><\/div><div class=\"rbs-img-data-popup\"  data-popup=\"https:\/\/foto.art.br\/site\/wp-content\/uploads\/2024\/12\/coquelicot-fripe.jpg\"  title=\"Coquelicot. 1994\rDim en cm 30x40\" ><\/div><div class=\"thumbnail-overlay\"><div class=\"rbsTitle \">Coquelicot. 1994 Dim en cm 30&#215;40<\/div><div class=\"rbsIcons\"><i class=\"fa fa-search-plus rbsZoomIcon \" ><\/i><\/div><\/div><\/div><\/div><div class=\"rbs-img  category1446 \" ><div class=\"rbs-img-image   rbs-lightbox \" ><div class=\"rbs-img-thumbs\"  data-thumbnail=\"https:\/\/foto.art.br\/site\/wp-content\/uploads\/2024\/12\/obscura-3-x540q80-300x229.jpg\"  title=\"obscura-3-x540q80\"  data-width=\"300\"  data-height=\"229\" ><\/div><div class=\"rbs-img-data-popup\"  data-popup=\"https:\/\/foto.art.br\/site\/wp-content\/uploads\/2024\/12\/obscura-3-x540q80.jpg\"  title=\"Coquelicot, 1981. Tirage argentique r\u00e9alis\u00e9 par l&#039;artiste, sulfuration et virage \u00e0 l&#039;or 40 x 50 cm \" ><\/div><div class=\"thumbnail-overlay\"><div class=\"rbsTitle \">obscura-3-x540q80<\/div><div class=\"rbsIcons\"><i class=\"fa fa-search-plus rbsZoomIcon \" ><\/i><\/div><\/div><\/div><\/div><div class=\"rbs-img  category1446 \" ><div class=\"rbs-img-image   rbs-lightbox \" ><div class=\"rbs-img-thumbs\"  data-thumbnail=\"https:\/\/foto.art.br\/site\/wp-content\/uploads\/2024\/12\/obscura-8-x540q80-300x233.jpg\"  title=\"obscura-8-x540q80\"  data-width=\"300\"  data-height=\"233\" ><\/div><div class=\"rbs-img-data-popup\"  data-popup=\"https:\/\/foto.art.br\/site\/wp-content\/uploads\/2024\/12\/obscura-8-x540q80.jpg\"  title=\"Gard\u00e9nia sur fond noir, 1997. Tirage argentique r\u00e9alis\u00e9 par l&#039;artiste, virage s\u00e9pia 40 x 50 cm\u00a9\" ><\/div><div class=\"thumbnail-overlay\"><div class=\"rbsTitle \">obscura-8-x540q80<\/div><div class=\"rbsIcons\"><i class=\"fa fa-search-plus rbsZoomIcon \" ><\/i><\/div><\/div><\/div><\/div><div class=\"rbs-img  category1446 \" ><div class=\"rbs-img-image   rbs-lightbox \" ><div class=\"rbs-img-thumbs\"  data-thumbnail=\"https:\/\/foto.art.br\/site\/wp-content\/uploads\/2024\/12\/obscura-2-x540q80-300x234.jpg\"  title=\"obscura-2-x540q80\"  data-width=\"300\"  data-height=\"234\" ><\/div><div class=\"rbs-img-data-popup\"  data-popup=\"https:\/\/foto.art.br\/site\/wp-content\/uploads\/2024\/12\/obscura-2-x540q80.jpg\"  title=\"Choux 1983. Tirage argentique r\u00e9alis\u00e9 par l&#039;artiste, gravure photographique 40 x 50 cm\" ><\/div><div class=\"thumbnail-overlay\"><div class=\"rbsTitle \">obscura-2-x540q80<\/div><div class=\"rbsIcons\"><i class=\"fa fa-search-plus rbsZoomIcon \" ><\/i><\/div><\/div><\/div><\/div><div class=\"rbs-img  category1446 \" ><div class=\"rbs-img-image   rbs-lightbox \" ><div class=\"rbs-img-thumbs\"  data-thumbnail=\"https:\/\/foto.art.br\/site\/wp-content\/uploads\/2024\/12\/obscura-5-x540q80-254x300.jpg\"  title=\"obscura-5-x540q80\"  data-width=\"254\"  data-height=\"300\" ><\/div><div class=\"rbs-img-data-popup\"  data-popup=\"https:\/\/foto.art.br\/site\/wp-content\/uploads\/2024\/12\/obscura-5-x540q80.jpg\"  title=\"Fleur de carotte sauvage, 1987. Tirage argentique r\u00e9alis\u00e9 par l&#039;artiste, gravure photographique et virage 50 x 60 cm\" ><\/div><div class=\"thumbnail-overlay\"><div class=\"rbsTitle \">obscura-5-x540q80<\/div><div class=\"rbsIcons\"><i class=\"fa fa-search-plus rbsZoomIcon \" ><\/i><\/div><\/div><\/div><\/div><div class=\"rbs-img  category1446 \" ><div class=\"rbs-img-image   rbs-lightbox \" ><div class=\"rbs-img-thumbs\"  data-thumbnail=\"https:\/\/foto.art.br\/site\/wp-content\/uploads\/2024\/12\/lichens-237x300.jpg\"  title=\"lichens\"  data-width=\"237\"  data-height=\"300\" ><\/div><div class=\"rbs-img-data-popup\"  data-popup=\"https:\/\/foto.art.br\/site\/wp-content\/uploads\/2024\/12\/lichens.jpg\"  title=\"Lichens, 1972 Tirage argentique, gravure photographique, oxydation, 40 x 50 cm \" ><\/div><div class=\"thumbnail-overlay\"><div class=\"rbsTitle \">lichens<\/div><div class=\"rbsIcons\"><i class=\"fa fa-search-plus rbsZoomIcon \" ><\/i><\/div><\/div><\/div><\/div><div class=\"rbs-img  category1446 \" ><div class=\"rbs-img-image   rbs-lightbox \" ><div class=\"rbs-img-thumbs\"  data-thumbnail=\"https:\/\/foto.art.br\/site\/wp-content\/uploads\/2024\/12\/champignons-sur-une-branche-225x300.jpg\"  title=\"champignons-sur-une-branche\"  data-width=\"225\"  data-height=\"300\" ><\/div><div class=\"rbs-img-data-popup\"  data-popup=\"https:\/\/foto.art.br\/site\/wp-content\/uploads\/2024\/12\/champignons-sur-une-branche.jpg\"  title=\" Champignons sur une branche, 1991. Tirage argentique et gravure photographique, 40 x 50 cm \" ><\/div><div class=\"thumbnail-overlay\"><div class=\"rbsTitle \">champignons-sur-une-branche<\/div><div class=\"rbsIcons\"><i class=\"fa fa-search-plus rbsZoomIcon \" ><\/i><\/div><\/div><\/div><\/div><div class=\"rbs-img  category1446 \" ><div class=\"rbs-img-image   rbs-lightbox \" ><div class=\"rbs-img-thumbs\"  data-thumbnail=\"https:\/\/foto.art.br\/site\/wp-content\/uploads\/2024\/12\/Sables-224x300.jpg\"  title=\"Varech dans le sable. 1998Dim en cm 30X40\"  data-width=\"224\"  data-height=\"300\" ><\/div><div class=\"rbs-img-data-popup\"  data-popup=\"https:\/\/foto.art.br\/site\/wp-content\/uploads\/2024\/12\/Sables.jpg\"  title=\"Varech dans le sable. 1998\nDim en cm 30X40\" ><\/div><div class=\"thumbnail-overlay\"><div class=\"rbsTitle \">Varech dans le sable. 1998Dim en cm 30X40<\/div><div class=\"rbsIcons\"><i class=\"fa fa-search-plus rbsZoomIcon \" ><\/i><\/div><\/div><\/div><\/div><\/div><\/div><\/div><script>var rbs_gallery_69ef7368864d3 = {\"version\":\"5.1.4\",\"id\":1446,\"class\":\"id1446\",\"roboGalleryDelay\":1000,\"mainContainer\":\"#robo_gallery_main_block_rbs_gallery_69ef7368864d3\",\"loadingContainer\":\"#rbs_gallery_69ef7368864d3-block-loader\",\"loadingContainerObj\":\"rbs_gallery_69ef7368864d3-block-loader\",\"columnWidth\":\"auto\",\"columns\":3,\"resolutions\":[{\"columnWidth\":\"auto\",\"columns\":3,\"maxWidth\":960},{\"columnWidth\":\"auto\",\"columns\":2,\"maxWidth\":650},{\"columnWidth\":\"auto\",\"columns\":1,\"maxWidth\":450}],\"lightboxOptions\":{\"gallery\":{\"enabled\":true,\"tCounter\":\"%curr% of %total%\"}},\"overlayEffect\":\"direction-aware-fade\",\"boxesToLoadStart\":12,\"boxesToLoad\":8,\"waitUntilThumbLoads\":1,\"LoadingWord\":\"Loading...\",\"loadMoreWord\":\"Load More\",\"noMoreEntriesWord\":\"No More Entries\",\"horizontalSpaceBetweenBoxes\":15,\"verticalSpaceBetweenBoxes\":15,\"lazyLoad\":1,\"wrapContainer\":\"#robo-gallery-wrap-rbs_gallery_69ef7368864d3\"};<\/script>\n\n\n<p>Seu trabalho pode ser apreciado em seu site pessoal<br><a href=\"https:\/\/www.denisbrihat.com\/\" target=\"_blank\" rel=\"noreferrer noopener\">https:\/\/www.denisbrihat.com\/<\/a><\/p>\n\n\n\n<p><\/p>\n","protected":false},"excerpt":{"rendered":"<p>falecido esta semana &#8211; 3\/12\/2024 Brihat deixa uma obra marcada pela pesquisa pessoal de processos \u00fanicos em fotografia qu\u00edmica de grande sofisica\u00e7\u00e3o, com viragens seletivas em cores, mordan\u00e7age, solariza\u00e7\u00e3o, fotogravura etc. Seu trabalho pode ser apreciado em seu site pessoalhttps:\/\/www.denisbrihat.com\/<\/p>\n","protected":false},"author":1,"featured_media":1427,"comment_status":"closed","ping_status":"","sticky":false,"template":"","format":"standard","meta":{"footnotes":""},"categories":[1],"tags":[],"class_list":["post-1426","post","type-post","status-publish","format-standard","has-post-thumbnail","hentry","category-uncategorized"],"blocksy_meta":[],"_links":{"self":[{"href":"https:\/\/foto.art.br\/site\/wp-json\/wp\/v2\/posts\/1426","targetHints":{"allow":["GET"]}}],"collection":[{"href":"https:\/\/foto.art.br\/site\/wp-json\/wp\/v2\/posts"}],"about":[{"href":"https:\/\/foto.art.br\/site\/wp-json\/wp\/v2\/types\/post"}],"author":[{"embeddable":true,"href":"https:\/\/foto.art.br\/site\/wp-json\/wp\/v2\/users\/1"}],"replies":[{"embeddable":true,"href":"https:\/\/foto.art.br\/site\/wp-json\/wp\/v2\/comments?post=1426"}],"version-history":[{"count":0,"href":"https:\/\/foto.art.br\/site\/wp-json\/wp\/v2\/posts\/1426\/revisions"}],"wp:featuredmedia":[{"embeddable":true,"href":"https:\/\/foto.art.br\/site\/wp-json\/wp\/v2\/media\/1427"}],"wp:attachment":[{"href":"https:\/\/foto.art.br\/site\/wp-json\/wp\/v2\/media?parent=1426"}],"wp:term":[{"taxonomy":"category","embeddable":true,"href":"https:\/\/foto.art.br\/site\/wp-json\/wp\/v2\/categories?post=1426"},{"taxonomy":"post_tag","embeddable":true,"href":"https:\/\/foto.art.br\/site\/wp-json\/wp\/v2\/tags?post=1426"}],"curies":[{"name":"wp","href":"https:\/\/api.w.org\/{rel}","templated":true}]}}