{"id":1541,"date":"2025-01-07T08:45:37","date_gmt":"2025-01-07T11:45:37","guid":{"rendered":"https:\/\/foto.art.br\/site\/?p=1541"},"modified":"2025-01-07T08:45:37","modified_gmt":"2025-01-07T11:45:37","slug":"krappy-kamera-competition-2025","status":"publish","type":"post","link":"https:\/\/foto.art.br\/site\/2025\/01\/07\/krappy-kamera-competition-2025\/","title":{"rendered":"Krappy Kamera Competition &#8211; 2025"},"content":{"rendered":"\n<figure class=\"wp-block-image size-full\"><img loading=\"lazy\" decoding=\"async\" width=\"960\" height=\"926\" src=\"https:\/\/foto.art.br\/site\/wp-content\/uploads\/2025\/01\/01_Potter_Diver.webp\" alt=\"\" class=\"wp-image-1542\" srcset=\"https:\/\/foto.art.br\/site\/wp-content\/uploads\/2025\/01\/01_Potter_Diver.webp 960w, https:\/\/foto.art.br\/site\/wp-content\/uploads\/2025\/01\/01_Potter_Diver-300x289.webp 300w, https:\/\/foto.art.br\/site\/wp-content\/uploads\/2025\/01\/01_Potter_Diver-768x741.webp 768w\" sizes=\"auto, (max-width: 960px) 100vw, 960px\" \/><\/figure>\n\n\n\n<p>A palestra de Justin Quinnell no Zoom ontem serviu como diculga\u00e7\u00e3o do concurso anual da SOHO cujas inscri\u00e7\u00f5es se encerrram na pr\u00f3xima senana.<\/p>\n\n\n\n<p>(veja as fotos vencedoras do ano passado<\/p>\n\n\n\n<figure class=\"wp-block-embed is-type-wp-embed is-provider-foto-art-br wp-block-embed-foto-art-br\"><div class=\"wp-block-embed__wrapper\">\n<blockquote class=\"wp-embedded-content\" data-secret=\"I52yZxkiE8\"><a href=\"https:\/\/foto.art.br\/site\/2024\/04\/11\/krappy-kamera\/\">Krappy Kamera<\/a><\/blockquote><iframe loading=\"lazy\" class=\"wp-embedded-content\" sandbox=\"allow-scripts\" security=\"restricted\" style=\"position: absolute; visibility: hidden;\" title=\"&#8220;Krappy Kamera&#8221; &#8212; foto.art.br\" src=\"https:\/\/foto.art.br\/site\/2024\/04\/11\/krappy-kamera\/embed\/#?secret=OGLjgWTRM0#?secret=I52yZxkiE8\" data-secret=\"I52yZxkiE8\" width=\"600\" height=\"338\" frameborder=\"0\" marginwidth=\"0\" marginheight=\"0\" scrolling=\"no\"><\/iframe>\n<\/div><\/figure>\n\n\n\n<p>Justin Quinnell \u00e9 um educador e pesquisador de fotografia pinhole e outras t\u00e9cnicas educacionais envolvendo fotografia, quem se interessa pelo assunto deve conhecer.<\/p>\n\n\n\n<p><a href=\"https:\/\/www.pinholephotography.org\" target=\"_blank\" rel=\"noreferrer noopener\">https:\/\/www.pinholephotography.org<\/a><\/p>\n\n\n\n<p><\/p>\n\n\n\n<p><a href=\"https:\/\/www.instagram.com\/justin_quinnell\/?hl=en\" target=\"_blank\" rel=\"noreferrer noopener\"><strong>@justin_quinnell<\/strong><\/a><\/p>\n\n\n\n<p><\/p>\n","protected":false},"excerpt":{"rendered":"<p>A palestra de Justin Quinnell no Zoom ontem serviu como diculga\u00e7\u00e3o do concurso anual da SOHO cujas inscri\u00e7\u00f5es se encerrram na pr\u00f3xima senana. (veja as fotos vencedoras do ano passado Justin Quinnell \u00e9 um educador e pesquisador de fotografia pinhole e outras t\u00e9cnicas educacionais envolvendo fotografia, quem se interessa pelo assunto deve conhecer. https:\/\/www.pinholephotography.org @justin_quinnell<\/p>\n","protected":false},"author":1,"featured_media":1542,"comment_status":"closed","ping_status":"","sticky":false,"template":"","format":"standard","meta":{"footnotes":""},"categories":[1],"tags":[],"class_list":["post-1541","post","type-post","status-publish","format-standard","has-post-thumbnail","hentry","category-uncategorized"],"blocksy_meta":[],"_links":{"self":[{"href":"https:\/\/foto.art.br\/site\/wp-json\/wp\/v2\/posts\/1541","targetHints":{"allow":["GET"]}}],"collection":[{"href":"https:\/\/foto.art.br\/site\/wp-json\/wp\/v2\/posts"}],"about":[{"href":"https:\/\/foto.art.br\/site\/wp-json\/wp\/v2\/types\/post"}],"author":[{"embeddable":true,"href":"https:\/\/foto.art.br\/site\/wp-json\/wp\/v2\/users\/1"}],"replies":[{"embeddable":true,"href":"https:\/\/foto.art.br\/site\/wp-json\/wp\/v2\/comments?post=1541"}],"version-history":[{"count":0,"href":"https:\/\/foto.art.br\/site\/wp-json\/wp\/v2\/posts\/1541\/revisions"}],"wp:featuredmedia":[{"embeddable":true,"href":"https:\/\/foto.art.br\/site\/wp-json\/wp\/v2\/media\/1542"}],"wp:attachment":[{"href":"https:\/\/foto.art.br\/site\/wp-json\/wp\/v2\/media?parent=1541"}],"wp:term":[{"taxonomy":"category","embeddable":true,"href":"https:\/\/foto.art.br\/site\/wp-json\/wp\/v2\/categories?post=1541"},{"taxonomy":"post_tag","embeddable":true,"href":"https:\/\/foto.art.br\/site\/wp-json\/wp\/v2\/tags?post=1541"}],"curies":[{"name":"wp","href":"https:\/\/api.w.org\/{rel}","templated":true}]}}