{"id":1557,"date":"2025-01-19T18:00:43","date_gmt":"2025-01-19T21:00:43","guid":{"rendered":"https:\/\/foto.art.br\/site\/?p=1557"},"modified":"2025-01-19T18:00:43","modified_gmt":"2025-01-19T21:00:43","slug":"fundacao-cultural-badesc-abre-inscricoes-para-oficina-gratuita-de-impressao-artesanal","status":"publish","type":"post","link":"https:\/\/foto.art.br\/site\/2025\/01\/19\/fundacao-cultural-badesc-abre-inscricoes-para-oficina-gratuita-de-impressao-artesanal\/","title":{"rendered":"Funda\u00e7\u00e3o Cultural BADESC abre inscri\u00e7\u00f5es para oficina gratuita de Impress\u00e3o Artesanal"},"content":{"rendered":"\n<figure class=\"wp-block-image size-large\"><img loading=\"lazy\" decoding=\"async\" width=\"1024\" height=\"557\" src=\"https:\/\/foto.art.br\/site\/wp-content\/uploads\/2025\/01\/badesc1-1024x557.jpeg\" alt=\"\" class=\"wp-image-1558\" srcset=\"https:\/\/foto.art.br\/site\/wp-content\/uploads\/2025\/01\/badesc1-1024x557.jpeg 1024w, https:\/\/foto.art.br\/site\/wp-content\/uploads\/2025\/01\/badesc1-300x163.jpeg 300w, https:\/\/foto.art.br\/site\/wp-content\/uploads\/2025\/01\/badesc1-768x417.jpeg 768w, https:\/\/foto.art.br\/site\/wp-content\/uploads\/2025\/01\/badesc1.jpeg 1150w\" sizes=\"auto, (max-width: 1024px) 100vw, 1024px\" \/><\/figure>\n\n\n\n<p><em>Interessados em participar da atividade \u201cProcessos de Impress\u00e3o Artesanal\u201d, com o artista Audrian Cassanelli, podem se inscrever at\u00e9 29 de janeiro.<\/em><\/p>\n\n\n\n<p>Destinada para pessoas acima de 16 anos com interesse em artes, abrem na sexta-feira, dia 17 de janeiro, as inscri\u00e7\u00f5es para a oficina \u201cProcessos de Impress\u00e3o Artesanal\u201d, com o artista Audrian Cassanelli. A atividade gratuita ser\u00e1 realizada na Funda\u00e7\u00e3o Cultural BADESC, em Florian\u00f3polis.<\/p>\n\n\n\n<p>De acordo com o artista, a oficina \u00e9 destinada para pessoas que desejam uma aproxima\u00e7\u00e3o a t\u00e9cnicas que utilizem a imagem fotogr\u00e1fica como base para cria\u00e7\u00e3o de trabalhos com algumas t\u00e9cnicas de impress\u00e3o, como: fitotipia, antotipia, monotipia, fototransfer\u00eancia com cola e fototransfer\u00eancia com thinner.&nbsp;&nbsp;<\/p>\n\n\n\n<p>As inscri\u00e7\u00f5es s\u00e3o limitadas e podem ser realizadas at\u00e9 29 de janeiro. Para se inscrever \u00e9 preciso acessar o formul\u00e1rio&nbsp;<a href=\"https:\/\/bit.ly\/fcbimpressao\">https:\/\/bit.ly\/fcbimpressao<\/a>&nbsp;<\/p>\n\n\n\n<p>A oficina, com carga hor\u00e1ria de 8 horas, ser\u00e1 realizada no s\u00e1bado, dia 8 de fevereiro, das 9h \u00e0s 12h e das 13h \u00e0s 18h. A Funda\u00e7\u00e3o Cultural BADESC fica na Rua Visconde de Ouro Preto, 216, no Centro de Florian\u00f3polis\/SC.&nbsp;<\/p>\n\n\n\n<p><strong>Sobre o ministrante<\/strong><\/p>\n\n\n\n<p>Natural de Xanxer\u00ea\/SC, Audrian Cassanelli \u00e9 mestre pelo Programa de P\u00f3s-Gradua\u00e7\u00e3o em Artes Visuais da UFSM na linha de pesquisa de Arte e Tecnologia sob orienta\u00e7\u00e3o da Prof.\u00aa Dr.\u00aa Darci Raquel Fonseca. bolsista CAPES de 2021-2023, integra o Grupo de Pesquisa em Fotografia (LabFoto) \u2013 UFSM e Laborat\u00f3rio de Pesquisa de Filosofia da Fotografia (LabFotoFilo) \u2013 FAFIL-UFG. Possui gradua\u00e7\u00e3o em Artes Visuais \u2013 Unochapec\u00f3. Al\u00e9m de ser membro cofundador do Coletivo In\u00e7o. Participou de in\u00fameras exposi\u00e7\u00f5es pelo pa\u00eds, com destaque para 16\u00ba Sal\u00e3o Latino-Americano de Santa Maria\/RS (2022), II Sal\u00e3o Vermelho de Artes Degeneradas\/RJ (2022), I Circuito Latino-Americano de Arte Contempor\u00e2nea\/RS (2021), V Sal\u00e3o Internacional de Arte Contempor\u00e2nea de Alagoas\/AL (2019), 12\u00ba Sal\u00e3o de Arte Contempor\u00e2nea de S\u00e3o Bernardo do Campo\/SP (2019),&nbsp; IV Bienal do Sert\u00e3o de Artes Visuais (2019), Bienal Internacional de Curitiba\/Polo SC (2017 e 2019) e ArteSesc Conflu\u00eancias (2015).Destaque para as exposi\u00e7\u00f5es individuais na Funda\u00e7\u00e3o Cultural BADESC em Florian\u00f3polis\/SC (2022), Casa de Cultura Dide Brand\u00e3o em Itaja\u00ed\/SC (2020) e Museu de Arte de Blumenau\/SC (2014). Sua pesquisa tem como foco o autorretrato fotogr\u00e1fico e a imagem do corpo humano associado \u00e0s ervas-daninhas.<\/p>\n","protected":false},"excerpt":{"rendered":"<p>Interessados em participar da atividade \u201cProcessos de Impress\u00e3o Artesanal\u201d, com o artista Audrian Cassanelli, podem se inscrever at\u00e9 29 de janeiro. Destinada para pessoas acima de 16 anos com interesse em artes, abrem na sexta-feira, dia 17 de janeiro, as inscri\u00e7\u00f5es para a oficina \u201cProcessos de Impress\u00e3o Artesanal\u201d, com o artista Audrian Cassanelli. A atividade [&hellip;]<\/p>\n","protected":false},"author":1,"featured_media":1558,"comment_status":"closed","ping_status":"","sticky":false,"template":"","format":"standard","meta":{"footnotes":""},"categories":[1],"tags":[],"class_list":["post-1557","post","type-post","status-publish","format-standard","has-post-thumbnail","hentry","category-uncategorized"],"blocksy_meta":[],"_links":{"self":[{"href":"https:\/\/foto.art.br\/site\/wp-json\/wp\/v2\/posts\/1557","targetHints":{"allow":["GET"]}}],"collection":[{"href":"https:\/\/foto.art.br\/site\/wp-json\/wp\/v2\/posts"}],"about":[{"href":"https:\/\/foto.art.br\/site\/wp-json\/wp\/v2\/types\/post"}],"author":[{"embeddable":true,"href":"https:\/\/foto.art.br\/site\/wp-json\/wp\/v2\/users\/1"}],"replies":[{"embeddable":true,"href":"https:\/\/foto.art.br\/site\/wp-json\/wp\/v2\/comments?post=1557"}],"version-history":[{"count":0,"href":"https:\/\/foto.art.br\/site\/wp-json\/wp\/v2\/posts\/1557\/revisions"}],"wp:featuredmedia":[{"embeddable":true,"href":"https:\/\/foto.art.br\/site\/wp-json\/wp\/v2\/media\/1558"}],"wp:attachment":[{"href":"https:\/\/foto.art.br\/site\/wp-json\/wp\/v2\/media?parent=1557"}],"wp:term":[{"taxonomy":"category","embeddable":true,"href":"https:\/\/foto.art.br\/site\/wp-json\/wp\/v2\/categories?post=1557"},{"taxonomy":"post_tag","embeddable":true,"href":"https:\/\/foto.art.br\/site\/wp-json\/wp\/v2\/tags?post=1557"}],"curies":[{"name":"wp","href":"https:\/\/api.w.org\/{rel}","templated":true}]}}