{"id":1567,"date":"2025-01-25T17:46:30","date_gmt":"2025-01-25T20:46:30","guid":{"rendered":"https:\/\/foto.art.br\/site\/?p=1567"},"modified":"2025-03-25T07:32:40","modified_gmt":"2025-03-25T10:32:40","slug":"barbara-morais","status":"publish","type":"post","link":"https:\/\/foto.art.br\/site\/2025\/01\/25\/barbara-morais\/","title":{"rendered":"B\u00e1rbara Morais"},"content":{"rendered":"\n<figure class=\"wp-block-image size-large\"><img loading=\"lazy\" decoding=\"async\" width=\"490\" height=\"417\" src=\"https:\/\/foto.art.br\/site\/wp-content\/uploads\/2025\/01\/BarbaraMorais.jpg\" alt=\"\" class=\"wp-image-1569\" srcset=\"https:\/\/foto.art.br\/site\/wp-content\/uploads\/2025\/01\/BarbaraMorais.jpg 490w, https:\/\/foto.art.br\/site\/wp-content\/uploads\/2025\/01\/BarbaraMorais-300x255.jpg 300w\" sizes=\"auto, (max-width: 490px) 100vw, 490px\" \/><figcaption class=\"wp-element-caption\">B\u00e1rbara Morais, autoretrato com sua Plaubel 4&#215;5 <\/figcaption><\/figure>\n\n\n\n<p>Fot\u00f3grafa amadora avan\u00e7ada,&nbsp; m\u00e9dica de profiss\u00e3o, em uma de suas pesquisas chegou a um m\u00e9todo de preservar as fr\u00e1geis impress\u00f5es de imagens em folhas de plantas, impress\u00f5es em clorofila.<\/p>\n\n\n\n<p>mat\u00e9ria sobre a t\u00e9cnica <\/p>\n\n\n\n<p><a href=\"https:\/\/www.alternativephotography.com\/how-to-preserve-chlorophyll-prints\/\">https:\/\/www.alternativephotography.com\/how-to-preserve-chlorophyll-prints\/<\/a><a href=\"https:\/\/www.alternativephotography.com\/how-to-preserve-chlorophyll-prints\/\" target=\"_blank\" rel=\"noreferrer noopener\">https:\/\/www.alternativephotography.com\/how-to-preserve-chlorophyll-prints\/<\/a><\/p>\n\n\n\n<p>Mat\u00e9ria com B\u00e1rbara no site Espiral do Tempo<\/p>\n\n\n\n<p><a href=\"https:\/\/espiraldotempo.com\/caderno-de-viagem-barbara-morais-dar-e-receber\/\" target=\"_blank\" rel=\"noreferrer noopener\">https:\/\/espiraldotempo.com\/caderno-de-viagem-barbara-morais-dar-e-receber\/<\/a><\/p>\n\n\n\n<p>Site pessoal <\/p>\n\n\n\n<p><a href=\"https:\/\/www.barbaramorais.site\" target=\"_blank\" rel=\"noreferrer noopener\">https:\/\/www.barbaramorais.site<\/a><\/p>\n\n\n\n<p>ps as dicas t\u00e9cnicas est\u00e3o no blog<\/p>\n","protected":false},"excerpt":{"rendered":"<p>Fot\u00f3grafa amadora avan\u00e7ada,&nbsp; m\u00e9dica de profiss\u00e3o, em uma de suas pesquisas chegou a um m\u00e9todo de preservar as fr\u00e1geis impress\u00f5es de imagens em folhas de plantas, impress\u00f5es em clorofila. mat\u00e9ria sobre a t\u00e9cnica https:\/\/www.alternativephotography.com\/how-to-preserve-chlorophyll-prints\/https:\/\/www.alternativephotography.com\/how-to-preserve-chlorophyll-prints\/ Mat\u00e9ria com B\u00e1rbara no site Espiral do Tempo https:\/\/espiraldotempo.com\/caderno-de-viagem-barbara-morais-dar-e-receber\/ Site pessoal https:\/\/www.barbaramorais.site ps as dicas t\u00e9cnicas est\u00e3o no blog<\/p>\n","protected":false},"author":1,"featured_media":1571,"comment_status":"closed","ping_status":"","sticky":false,"template":"","format":"standard","meta":{"footnotes":""},"categories":[12,13],"tags":[],"class_list":["post-1567","post","type-post","status-publish","format-standard","has-post-thumbnail","hentry","category-pessoas","category-tecnicas"],"blocksy_meta":[],"_links":{"self":[{"href":"https:\/\/foto.art.br\/site\/wp-json\/wp\/v2\/posts\/1567","targetHints":{"allow":["GET"]}}],"collection":[{"href":"https:\/\/foto.art.br\/site\/wp-json\/wp\/v2\/posts"}],"about":[{"href":"https:\/\/foto.art.br\/site\/wp-json\/wp\/v2\/types\/post"}],"author":[{"embeddable":true,"href":"https:\/\/foto.art.br\/site\/wp-json\/wp\/v2\/users\/1"}],"replies":[{"embeddable":true,"href":"https:\/\/foto.art.br\/site\/wp-json\/wp\/v2\/comments?post=1567"}],"version-history":[{"count":0,"href":"https:\/\/foto.art.br\/site\/wp-json\/wp\/v2\/posts\/1567\/revisions"}],"wp:featuredmedia":[{"embeddable":true,"href":"https:\/\/foto.art.br\/site\/wp-json\/wp\/v2\/media\/1571"}],"wp:attachment":[{"href":"https:\/\/foto.art.br\/site\/wp-json\/wp\/v2\/media?parent=1567"}],"wp:term":[{"taxonomy":"category","embeddable":true,"href":"https:\/\/foto.art.br\/site\/wp-json\/wp\/v2\/categories?post=1567"},{"taxonomy":"post_tag","embeddable":true,"href":"https:\/\/foto.art.br\/site\/wp-json\/wp\/v2\/tags?post=1567"}],"curies":[{"name":"wp","href":"https:\/\/api.w.org\/{rel}","templated":true}]}}