{"id":1582,"date":"2025-02-05T09:03:04","date_gmt":"2025-02-05T12:03:04","guid":{"rendered":"https:\/\/foto.art.br\/site\/?p=1582"},"modified":"2025-02-05T09:25:05","modified_gmt":"2025-02-05T12:25:05","slug":"pinholeday","status":"publish","type":"post","link":"https:\/\/foto.art.br\/site\/2025\/02\/05\/pinholeday\/","title":{"rendered":"Pinholeday"},"content":{"rendered":"\n<figure class=\"wp-block-image size-large\"><img loading=\"lazy\" decoding=\"async\" width=\"250\" height=\"250\" src=\"https:\/\/foto.art.br\/site\/wp-content\/uploads\/2025\/02\/Dittmer-2015.png\" alt=\"\" class=\"wp-image-1581\" srcset=\"https:\/\/foto.art.br\/site\/wp-content\/uploads\/2025\/02\/Dittmer-2015.png 250w, https:\/\/foto.art.br\/site\/wp-content\/uploads\/2025\/02\/Dittmer-2015-150x150.png 150w\" sizes=\"auto, (max-width: 250px) 100vw, 250px\" \/><\/figure>\n\n\n\n<p>no pr\u00f3ximo dia 27 de abril de 2025 acontece mais um Dia Mundial da Fotografia Pinhole, em seu vig\u00e9simo quinto ano!<\/p>\n\n\n\n<p>O evento acontece sempre no \u00faltimo domingo de abril, quando participantes do mundo inteiro fazem suas fotografias pinhole e publicam na galeria do site que tem um vasto reposit\u00f3rio de imagens, iniciado em 2001.<\/p>\n\n\n\n<p>Acontecem de forma paralela cursos, exposi\u00e7\u00f5es,\u00a0 etc.<\/p>\n\n\n\n<p>Preparem-se e se programa em para a data.<\/p>\n\n\n\n<p><a href=\"https:\/\/pinholeday.org\/\" target=\"_blank\" rel=\"noreferrer noopener\">https:\/\/pinholeday.org\/<\/a><\/p>\n\n\n\n<p><\/p>\n","protected":false},"excerpt":{"rendered":"<p>no pr\u00f3ximo dia 27 de abril de 2025 acontece mais um Dia Mundial da Fotografia Pinhole, em seu vig\u00e9simo quinto ano! O evento acontece sempre no \u00faltimo domingo de abril, quando participantes do mundo inteiro fazem suas fotografias pinhole e publicam na galeria do site que tem um vasto reposit\u00f3rio de imagens, iniciado em 2001. [&hellip;]<\/p>\n","protected":false},"author":1,"featured_media":1587,"comment_status":"closed","ping_status":"","sticky":false,"template":"","format":"standard","meta":{"footnotes":""},"categories":[1],"tags":[],"class_list":["post-1582","post","type-post","status-publish","format-standard","has-post-thumbnail","hentry","category-uncategorized"],"blocksy_meta":[],"_links":{"self":[{"href":"https:\/\/foto.art.br\/site\/wp-json\/wp\/v2\/posts\/1582","targetHints":{"allow":["GET"]}}],"collection":[{"href":"https:\/\/foto.art.br\/site\/wp-json\/wp\/v2\/posts"}],"about":[{"href":"https:\/\/foto.art.br\/site\/wp-json\/wp\/v2\/types\/post"}],"author":[{"embeddable":true,"href":"https:\/\/foto.art.br\/site\/wp-json\/wp\/v2\/users\/1"}],"replies":[{"embeddable":true,"href":"https:\/\/foto.art.br\/site\/wp-json\/wp\/v2\/comments?post=1582"}],"version-history":[{"count":0,"href":"https:\/\/foto.art.br\/site\/wp-json\/wp\/v2\/posts\/1582\/revisions"}],"wp:featuredmedia":[{"embeddable":true,"href":"https:\/\/foto.art.br\/site\/wp-json\/wp\/v2\/media\/1587"}],"wp:attachment":[{"href":"https:\/\/foto.art.br\/site\/wp-json\/wp\/v2\/media?parent=1582"}],"wp:term":[{"taxonomy":"category","embeddable":true,"href":"https:\/\/foto.art.br\/site\/wp-json\/wp\/v2\/categories?post=1582"},{"taxonomy":"post_tag","embeddable":true,"href":"https:\/\/foto.art.br\/site\/wp-json\/wp\/v2\/tags?post=1582"}],"curies":[{"name":"wp","href":"https:\/\/api.w.org\/{rel}","templated":true}]}}