{"id":1597,"date":"2025-02-25T06:35:40","date_gmt":"2025-02-25T09:35:40","guid":{"rendered":"https:\/\/foto.art.br\/site\/?p=1597"},"modified":"2025-02-25T06:44:41","modified_gmt":"2025-02-25T09:44:41","slug":"palestra-e-curso-de-construcao-de-cameras-artesanais-e-para-oficina-de-fotografia-de-grande-formato","status":"publish","type":"post","link":"https:\/\/foto.art.br\/site\/2025\/02\/25\/palestra-e-curso-de-construcao-de-cameras-artesanais-e-para-oficina-de-fotografia-de-grande-formato\/","title":{"rendered":"Palestra e Curso de Constru\u00e7\u00e3o de C\u00e2meras Artesanais e para Oficina de Fotografia de Grande Formato"},"content":{"rendered":"\n<figure class=\"wp-block-image size-large\"><img loading=\"lazy\" decoding=\"async\" width=\"1024\" height=\"1024\" src=\"https:\/\/foto.art.br\/site\/wp-content\/uploads\/2025\/02\/construcao-1024x1024.jpg\" alt=\"\" class=\"wp-image-1604\" srcset=\"https:\/\/foto.art.br\/site\/wp-content\/uploads\/2025\/02\/construcao-1024x1024.jpg 1024w, https:\/\/foto.art.br\/site\/wp-content\/uploads\/2025\/02\/construcao-300x300.jpg 300w, https:\/\/foto.art.br\/site\/wp-content\/uploads\/2025\/02\/construcao-150x150.jpg 150w, https:\/\/foto.art.br\/site\/wp-content\/uploads\/2025\/02\/construcao-768x768.jpg 768w, https:\/\/foto.art.br\/site\/wp-content\/uploads\/2025\/02\/construcao.jpg 1280w\" sizes=\"auto, (max-width: 1024px) 100vw, 1024px\" \/><\/figure>\n\n\n\n<p>Est\u00e3o abertas as inscri\u00e7\u00f5es para Palestra e Curso de Constru\u00e7\u00e3o de C\u00e2meras Artesanais e para Oficina de Fotografia de Grande Formato, oferecidas gratuitamente pela Funda\u00e7\u00e3o Catarinense de Cultura (FCC).<\/p>\n\n\n\n<p>A&nbsp;<strong>Palestra e curso de Constru\u00e7\u00e3o de C\u00e2meras Artesanais<\/strong>&nbsp;ter\u00e1&nbsp;dura\u00e7\u00e3o de uma hora e meia, com disponibilidade de 100 vagas, preenchidas pela ordem de inscri\u00e7\u00f5es. A atividade ser\u00e1 realizada no dia 8 de mar\u00e7o, s\u00e1bado, das 9h \u00e0s 10h30. Os interessados devem preencher o seguinte formul\u00e1rio:&nbsp;<a href=\"https:\/\/docs.google.com\/forms\/d\/e\/1FAIpQLSfgvdsALrkKl9G2y5-qScnk_Tbrm-OZ5raV84-GjVPMBggYnw\/viewform\" target=\"_blank\" rel=\"noreferrer noopener\">https:\/\/forms.gle\/<wbr>31yNnuE8YpP5Edwb6<\/a>&nbsp;.<br>As pessoas inscritas v\u00e3o receber o link na v\u00e9spera.<\/p>\n\n\n\n<p>Sobre a palestra: na \u00e9poca da onipresen\u00e7a da imagem digital, esta palestra trata da possibilidade de se construir c\u00e2meras fotogr\u00e1ficas artesanais como atividade l\u00fadica, art\u00edstica ou pedag\u00f3gica resgatando a manualidade, a materialidade da fotografia, desvendando o funcionamento da caixa preta da fotografia. Ser\u00e3o abordados a anatomia da c\u00e2mera, seu desenvolvimento hist\u00f3rico, o &#8216;fa\u00e7a voc\u00ea mesmo&#8221;, exemplos de c\u00e2meras feitas por fot\u00f3grafos, artistas, pedagogos.&nbsp;A palestra serve tamb\u00e9m de apresenta\u00e7\u00e3o e pr\u00e9-requisito de um curso presencial Constru\u00e7\u00e3o de C\u00e2meras Artesanais que vai ocorrer na sequ\u00eancia. As informa\u00e7\u00f5es sobre o curso ser\u00e3o apresentadas durante a palestra.<\/p>\n\n\n\n<p>J\u00e1 a&nbsp;<strong>Oficina de Fotografia de Grande Formato&nbsp;<\/strong>trata-se de atividade pr\u00e1tica de fotografia 4&#215;5&#8243; em filme de Raio-X, com uma c\u00e2mera comercial por participante. Ser\u00e1 apresentada uma introdu\u00e7\u00e3o ao formato, no\u00e7\u00f5es t\u00e9cnicas e te\u00f3ricas, revela\u00e7\u00e3o, impress\u00e3o, usos e projetos. O objetivo da atividade \u00e9 a experi\u00eancia e familiariza\u00e7\u00e3o com a fotografia de filme em grande formato para uma posterior constru\u00e7\u00e3o ou reforma de c\u00e2mera pelo aluno, ou apenas para experimentar o formato. A oficina tem 20 horas aula e ser\u00e1 fornecido certificado.<\/p>\n\n\n\n<p>Os custos de material de consumo, filme e reveladores ser\u00e3o rateados entre os alunos.&nbsp;Ser\u00e3o seis vagas, destinadas a pessoas com conhecimento de fotografia qu\u00edmica ou digital.&nbsp;Ser\u00e3o preenchidas pelos crit\u00e9rios de ordem de inscri\u00e7\u00e3o, curr\u00edculo e portf\u00f3lio.&nbsp;A falta na primeira aula ou duas faltas implicam no cancelamento da vaga.<br>As inscri\u00e7\u00f5es podem ser feitas pelo formul\u00e1rio no link:<a href=\"https:\/\/docs.google.com\/forms\/d\/e\/1FAIpQLSciRHtjIo6NIzayYJQthWLNN0_nhwvRNM9eneKHQNAbVOVIhw\/viewform\" target=\"_blank\" rel=\"noreferrer noopener\">&nbsp;https:\/\/forms.gle\/<wbr>865XkWwkcXB6TDHA8<\/a><\/p>\n\n\n\n<p>As aulas ser\u00e3o \u00e0s ter\u00e7as e quintas-feiras, das 8h30 \u00e0s 11h45, nos dias 18, 20, 25 e 27 de mar\u00e7o e 1 e 3 de abril, na Sala 4 das Oficinas de Arte do&nbsp;Centro Integrado de Cultura (CIC).&nbsp;<\/p>\n\n\n\n<p><a href=\"https:\/\/www.instagram.com\/p\/DGeFDGLvBEZ\/\" target=\"_blank\" rel=\"noreferrer noopener\">https:\/\/www.instagram.com\/p\/DGeFDGLvBEZ\/<\/a><\/p>\n\n\n\n<p><\/p>\n\n\n\n<p><\/p>\n\n\n\n<p><\/p>\n\n\n\n<p><\/p>\n\n\n\n<p><\/p>\n\n\n\n<p><\/p>\n\n\n\n<p><\/p>\n\n\n\n<p><\/p>\n\n\n\n<p><\/p>\n\n\n\n<p><\/p>\n\n\n\n<p><\/p>\n\n\n\n<p><\/p>\n\n\n\n<p><\/p>\n\n\n\n<p><\/p>\n\n\n\n<p><\/p>\n\n\n\n<p><\/p>\n\n\n\n<p><\/p>\n\n\n\n<p><\/p>\n\n\n\n<p><\/p>\n\n\n\n<p><\/p>\n\n\n\n<p><\/p>\n\n\n\n<p><\/p>\n\n\n\n<p><\/p>\n\n\n\n<p><\/p>\n\n\n\n<p><\/p>\n\n\n\n<p><\/p>\n\n\n\n<p><\/p>\n\n\n\n<p><\/p>\n\n\n\n<p><\/p>\n\n\n\n<p><\/p>\n\n\n\n<p><\/p>\n\n\n\n<p><\/p>\n\n\n\n<p><\/p>\n\n\n\n<p><\/p>\n\n\n\n<p><\/p>\n\n\n\n<p><\/p>\n\n\n\n<p><\/p>\n\n\n\n<p><\/p>\n\n\n\n<p><\/p>\n\n\n\n<p><\/p>\n\n\n\n<p><\/p>\n\n\n\n<p><\/p>\n\n\n\n<p><\/p>\n\n\n\n<p><\/p>\n\n\n\n<p><\/p>\n\n\n\n<p><\/p>\n\n\n\n<p><\/p>\n\n\n\n<p><\/p>\n\n\n\n<p><\/p>\n\n\n\n<p><\/p>\n\n\n\n<p><\/p>\n\n\n\n<p><\/p>\n\n\n\n<p><\/p>\n\n\n\n<p><\/p>\n\n\n\n<p><\/p>\n\n\n\n<p><\/p>\n\n\n\n<p><\/p>\n\n\n\n<p><\/p>\n\n\n\n<p><\/p>\n\n\n\n<p><\/p>\n\n\n\n<p><\/p>\n\n\n\n<p><\/p>\n\n\n\n<p><\/p>\n\n\n\n<p><\/p>\n","protected":false},"excerpt":{"rendered":"<p>Est\u00e3o abertas as inscri\u00e7\u00f5es para Palestra e Curso de Constru\u00e7\u00e3o de C\u00e2meras Artesanais e para Oficina de Fotografia de Grande Formato, oferecidas gratuitamente pela Funda\u00e7\u00e3o Catarinense de Cultura (FCC). A&nbsp;Palestra e curso de Constru\u00e7\u00e3o de C\u00e2meras Artesanais&nbsp;ter\u00e1&nbsp;dura\u00e7\u00e3o de uma hora e meia, com disponibilidade de 100 vagas, preenchidas pela ordem de inscri\u00e7\u00f5es. A atividade ser\u00e1 [&hellip;]<\/p>\n","protected":false},"author":1,"featured_media":1604,"comment_status":"closed","ping_status":"","sticky":false,"template":"","format":"standard","meta":{"footnotes":""},"categories":[1],"tags":[],"class_list":["post-1597","post","type-post","status-publish","format-standard","has-post-thumbnail","hentry","category-uncategorized"],"blocksy_meta":[],"_links":{"self":[{"href":"https:\/\/foto.art.br\/site\/wp-json\/wp\/v2\/posts\/1597","targetHints":{"allow":["GET"]}}],"collection":[{"href":"https:\/\/foto.art.br\/site\/wp-json\/wp\/v2\/posts"}],"about":[{"href":"https:\/\/foto.art.br\/site\/wp-json\/wp\/v2\/types\/post"}],"author":[{"embeddable":true,"href":"https:\/\/foto.art.br\/site\/wp-json\/wp\/v2\/users\/1"}],"replies":[{"embeddable":true,"href":"https:\/\/foto.art.br\/site\/wp-json\/wp\/v2\/comments?post=1597"}],"version-history":[{"count":0,"href":"https:\/\/foto.art.br\/site\/wp-json\/wp\/v2\/posts\/1597\/revisions"}],"wp:featuredmedia":[{"embeddable":true,"href":"https:\/\/foto.art.br\/site\/wp-json\/wp\/v2\/media\/1604"}],"wp:attachment":[{"href":"https:\/\/foto.art.br\/site\/wp-json\/wp\/v2\/media?parent=1597"}],"wp:term":[{"taxonomy":"category","embeddable":true,"href":"https:\/\/foto.art.br\/site\/wp-json\/wp\/v2\/categories?post=1597"},{"taxonomy":"post_tag","embeddable":true,"href":"https:\/\/foto.art.br\/site\/wp-json\/wp\/v2\/tags?post=1597"}],"curies":[{"name":"wp","href":"https:\/\/api.w.org\/{rel}","templated":true}]}}