{"id":1832,"date":"2025-04-06T05:05:55","date_gmt":"2025-04-06T08:05:55","guid":{"rendered":"https:\/\/foto.art.br\/site\/?p=1832"},"modified":"2025-04-06T05:16:21","modified_gmt":"2025-04-06T08:16:21","slug":"revelat-2025","status":"publish","type":"post","link":"https:\/\/foto.art.br\/site\/2025\/04\/06\/revelat-2025\/","title":{"rendered":"Revela&#8217;t 2025"},"content":{"rendered":"\n<figure class=\"wp-block-image size-large\"><img loading=\"lazy\" decoding=\"async\" width=\"1024\" height=\"420\" src=\"https:\/\/foto.art.br\/site\/wp-content\/uploads\/2025\/04\/logotext-rgb-1-1024x420.png\" alt=\"\" class=\"wp-image-1833\" srcset=\"https:\/\/foto.art.br\/site\/wp-content\/uploads\/2025\/04\/logotext-rgb-1-1024x420.png 1024w, https:\/\/foto.art.br\/site\/wp-content\/uploads\/2025\/04\/logotext-rgb-1-300x123.png 300w, https:\/\/foto.art.br\/site\/wp-content\/uploads\/2025\/04\/logotext-rgb-1-768x315.png 768w, https:\/\/foto.art.br\/site\/wp-content\/uploads\/2025\/04\/logotext-rgb-1-1536x629.png 1536w, https:\/\/foto.art.br\/site\/wp-content\/uploads\/2025\/04\/logotext-rgb-1-2048x839.png 2048w\" sizes=\"auto, (max-width: 1024px) 100vw, 1024px\" \/><\/figure>\n\n\n\n<h3 class=\"wp-block-heading\">17 de maig al 15 de juny de 2025<br>Main weekend 23, 24 i 25 de maig<br><strong>13\u00aa edici\u00f3&nbsp;<\/strong><br>Revela\u2019t 2025<br>\u201cHe vist coses que no creur\u00edeu\u2026\u201d<\/h3>\n\n\n\n<p>na capital catal\u00e3 acontece um dos mais importantes eventos da atualidade de fotografia experimental, em sua d\u00e9cima terceira edi\u00e7\u00e3o, exposi\u00e7\u00f5es, palestras, oficinas, feira<\/p>\n\n\n\n<p><a href=\"https:\/\/revela-t.cat\/ca\" target=\"_blank\" rel=\"noreferrer noopener\">https:\/\/revela-t.cat\/ca<\/a><\/p>\n\n\n\n<p><a href=\"https:\/\/www.instagram.com\/revelatfestival\" target=\"_blank\" rel=\"noreferrer noopener\">https:\/\/www.instagram.com\/revelatfestival<\/a><\/p>\n\n\n\n<p><a href=\"https:\/\/www.facebook.com\/revelatfestival\" target=\"_blank\" rel=\"noreferrer noopener\">https:\/\/www.facebook.com\/revelatfestival<\/a><\/p>\n\n\n\n<p><\/p>\n","protected":false},"excerpt":{"rendered":"<p>17 de maig al 15 de juny de 2025Main weekend 23, 24 i 25 de maig13\u00aa edici\u00f3&nbsp;Revela\u2019t 2025\u201cHe vist coses que no creur\u00edeu\u2026\u201d na capital catal\u00e3 acontece um dos mais importantes eventos da atualidade de fotografia experimental, em sua d\u00e9cima terceira edi\u00e7\u00e3o, exposi\u00e7\u00f5es, palestras, oficinas, feira https:\/\/revela-t.cat\/ca https:\/\/www.instagram.com\/revelatfestival https:\/\/www.facebook.com\/revelatfestival<\/p>\n","protected":false},"author":1,"featured_media":1833,"comment_status":"closed","ping_status":"","sticky":false,"template":"","format":"standard","meta":{"footnotes":""},"categories":[1],"tags":[],"class_list":["post-1832","post","type-post","status-publish","format-standard","has-post-thumbnail","hentry","category-uncategorized"],"blocksy_meta":[],"_links":{"self":[{"href":"https:\/\/foto.art.br\/site\/wp-json\/wp\/v2\/posts\/1832","targetHints":{"allow":["GET"]}}],"collection":[{"href":"https:\/\/foto.art.br\/site\/wp-json\/wp\/v2\/posts"}],"about":[{"href":"https:\/\/foto.art.br\/site\/wp-json\/wp\/v2\/types\/post"}],"author":[{"embeddable":true,"href":"https:\/\/foto.art.br\/site\/wp-json\/wp\/v2\/users\/1"}],"replies":[{"embeddable":true,"href":"https:\/\/foto.art.br\/site\/wp-json\/wp\/v2\/comments?post=1832"}],"version-history":[{"count":0,"href":"https:\/\/foto.art.br\/site\/wp-json\/wp\/v2\/posts\/1832\/revisions"}],"wp:featuredmedia":[{"embeddable":true,"href":"https:\/\/foto.art.br\/site\/wp-json\/wp\/v2\/media\/1833"}],"wp:attachment":[{"href":"https:\/\/foto.art.br\/site\/wp-json\/wp\/v2\/media?parent=1832"}],"wp:term":[{"taxonomy":"category","embeddable":true,"href":"https:\/\/foto.art.br\/site\/wp-json\/wp\/v2\/categories?post=1832"},{"taxonomy":"post_tag","embeddable":true,"href":"https:\/\/foto.art.br\/site\/wp-json\/wp\/v2\/tags?post=1832"}],"curies":[{"name":"wp","href":"https:\/\/api.w.org\/{rel}","templated":true}]}}