{"id":1840,"date":"2025-04-06T05:19:49","date_gmt":"2025-04-06T08:19:49","guid":{"rendered":"https:\/\/foto.art.br\/site\/?p=1840"},"modified":"2025-04-07T08:23:46","modified_gmt":"2025-04-07T11:23:46","slug":"o-sal-maceio-renata-voss","status":"publish","type":"post","link":"https:\/\/foto.art.br\/site\/2025\/04\/06\/o-sal-maceio-renata-voss\/","title":{"rendered":"o Sal, Macei\u00f3 &amp; Renata Voss"},"content":{"rendered":"\n<figure class=\"wp-block-image size-large\"><img loading=\"lazy\" decoding=\"async\" width=\"977\" height=\"1024\" src=\"https:\/\/foto.art.br\/site\/wp-content\/uploads\/2025\/04\/SumirdoMapa06-977x1024.png\" alt=\"\" class=\"wp-image-1846\" srcset=\"https:\/\/foto.art.br\/site\/wp-content\/uploads\/2025\/04\/SumirdoMapa06-977x1024.png 977w, https:\/\/foto.art.br\/site\/wp-content\/uploads\/2025\/04\/SumirdoMapa06-286x300.png 286w, https:\/\/foto.art.br\/site\/wp-content\/uploads\/2025\/04\/SumirdoMapa06-768x805.png 768w, https:\/\/foto.art.br\/site\/wp-content\/uploads\/2025\/04\/SumirdoMapa06.png 1145w\" sizes=\"auto, (max-width: 977px) 100vw, 977px\" \/><\/figure>\n\n\n\n<p>A alagoana de Macei\u00f3 Renata Voss, prof na UFBA, usa o papel salgado, um processo hist\u00f3rico\/ alternativo para mostrar os estragos ambientais ocorridos em Macei\u00f3 por conta da minera\u00e7\u00e3o descontrolada do sal gema no subsolo da \u00e1rea urbana da cidade que provocou o afundamento de trecho da cidade \u00e0 beira da lagoa do Munda\u00fa, entre os bairros do Bom Parto (pr\u00f3ximo ao centro) e Bebedouro (bairro onde se soncentra a coleta de sururu, que sofre com outros problemas ambientais).<\/p>\n\n\n\n<figure class=\"wp-block-image size-full\"><img loading=\"lazy\" decoding=\"async\" width=\"1024\" height=\"486\" src=\"https:\/\/foto.art.br\/site\/wp-content\/uploads\/2025\/04\/SumirdoMapa04-2022-1024x486-1.png\" alt=\"\" class=\"wp-image-1848\" srcset=\"https:\/\/foto.art.br\/site\/wp-content\/uploads\/2025\/04\/SumirdoMapa04-2022-1024x486-1.png 1024w, https:\/\/foto.art.br\/site\/wp-content\/uploads\/2025\/04\/SumirdoMapa04-2022-1024x486-1-300x142.png 300w, https:\/\/foto.art.br\/site\/wp-content\/uploads\/2025\/04\/SumirdoMapa04-2022-1024x486-1-768x365.png 768w\" sizes=\"auto, (max-width: 1024px) 100vw, 1024px\" \/><figcaption class=\"wp-element-caption\">trecho da avenida entre a lagoa e o tabuleiro, cortada pela estrada de ferro que sai do centro rumo a Fern\u00e3o Velho<\/figcaption><\/figure>\n\n\n\n<p>Por muitos anos a f\u00e1brica Sal Gema, (situada entre a praia da Avenida e a Lagoa), mais tarde comprada pela Braskem retirou sal gema de minas no subsolo para a fabrica\u00e7\u00e3o de \u00e1cido clor\u00eddrico, soda c\u00e1ustica, PVC, e demais derivados, o que resultou este colapso do solo.<\/p>\n\n\n\n<p>J\u00e1 o<a href=\"https:\/\/foto.art.br\/site\/papel-salgado\/\" data-type=\"link\" data-id=\"https:\/\/foto.art.br\/site\/papel-salgado\/\" target=\"_blank\" rel=\"noreferrer noopener\"> <strong>papel salgado<\/strong><\/a> \u00e9 um processo muito antigo de impress\u00e3o &#8220;POP&#8221; (Print Out Paper) que usa sal de cozinha &#8211; NaCl o mesmo que pode ser retirado das minas ou da \u00e1gua do mar, associado ao nitrato de prata.<\/p>\n\n\n\n<p>site da artista<\/p>\n\n\n\n<figure class=\"wp-block-embed is-type-wp-embed is-provider-renata-voss wp-block-embed-renata-voss\"><div class=\"wp-block-embed__wrapper\">\n<blockquote class=\"wp-embedded-content\" data-secret=\"bAPBarmCvy\"><a href=\"https:\/\/renatavoss.com\/\">Artes Visuais<\/a><\/blockquote><iframe loading=\"lazy\" class=\"wp-embedded-content\" sandbox=\"allow-scripts\" security=\"restricted\" style=\"position: absolute; visibility: hidden;\" title=\"&#8220;Artes Visuais&#8221; &#8212; Renata Voss\" src=\"https:\/\/renatavoss.com\/embed\/#?secret=CJ2F5euqRv#?secret=bAPBarmCvy\" data-secret=\"bAPBarmCvy\" width=\"600\" height=\"338\" frameborder=\"0\" marginwidth=\"0\" marginheight=\"0\" scrolling=\"no\"><\/iframe>\n<\/div><\/figure>\n\n\n\n<p>entrevista<\/p>\n\n\n\n<p><a href=\"https:\/\/revistazum.com.br\/entrevistas\/retratos-de-um-apagamento\/\">https:\/\/revistazum.com.br\/entrevistas\/retratos-de-um-apagamento\/<\/a><\/p>\n\n\n\n<p><strong>Sobre a t\u00e9cnica do papel salgado<\/strong><br><a href=\"https:\/\/foto.art.br\/site\/papel-salgado\/\" target=\"_blank\" rel=\"noreferrer noopener\"><strong>papel salgado<\/strong><\/a><\/p>\n\n\n\n<p><\/p>\n","protected":false},"excerpt":{"rendered":"<p>A alagoana de Macei\u00f3 Renata Voss, prof na UFBA, usa o papel salgado, um processo hist\u00f3rico\/ alternativo para mostrar os estragos ambientais ocorridos em Macei\u00f3 por conta da minera\u00e7\u00e3o descontrolada do sal gema no subsolo da \u00e1rea urbana da cidade que provocou o afundamento de trecho da cidade \u00e0 beira da lagoa do Munda\u00fa, entre [&hellip;]<\/p>\n","protected":false},"author":1,"featured_media":1846,"comment_status":"closed","ping_status":"","sticky":false,"template":"","format":"standard","meta":{"footnotes":""},"categories":[12,13],"tags":[],"class_list":["post-1840","post","type-post","status-publish","format-standard","has-post-thumbnail","hentry","category-pessoas","category-tecnicas"],"blocksy_meta":[],"_links":{"self":[{"href":"https:\/\/foto.art.br\/site\/wp-json\/wp\/v2\/posts\/1840","targetHints":{"allow":["GET"]}}],"collection":[{"href":"https:\/\/foto.art.br\/site\/wp-json\/wp\/v2\/posts"}],"about":[{"href":"https:\/\/foto.art.br\/site\/wp-json\/wp\/v2\/types\/post"}],"author":[{"embeddable":true,"href":"https:\/\/foto.art.br\/site\/wp-json\/wp\/v2\/users\/1"}],"replies":[{"embeddable":true,"href":"https:\/\/foto.art.br\/site\/wp-json\/wp\/v2\/comments?post=1840"}],"version-history":[{"count":0,"href":"https:\/\/foto.art.br\/site\/wp-json\/wp\/v2\/posts\/1840\/revisions"}],"wp:featuredmedia":[{"embeddable":true,"href":"https:\/\/foto.art.br\/site\/wp-json\/wp\/v2\/media\/1846"}],"wp:attachment":[{"href":"https:\/\/foto.art.br\/site\/wp-json\/wp\/v2\/media?parent=1840"}],"wp:term":[{"taxonomy":"category","embeddable":true,"href":"https:\/\/foto.art.br\/site\/wp-json\/wp\/v2\/categories?post=1840"},{"taxonomy":"post_tag","embeddable":true,"href":"https:\/\/foto.art.br\/site\/wp-json\/wp\/v2\/tags?post=1840"}],"curies":[{"name":"wp","href":"https:\/\/api.w.org\/{rel}","templated":true}]}}