{"id":186,"date":"2023-05-01T05:44:29","date_gmt":"2023-05-01T08:44:29","guid":{"rendered":"https:\/\/foto.art.br\/site\/?p=186"},"modified":"2023-05-01T05:50:23","modified_gmt":"2023-05-01T08:50:23","slug":"pinholeday-2023","status":"publish","type":"post","link":"https:\/\/foto.art.br\/site\/2023\/05\/01\/pinholeday-2023\/","title":{"rendered":"Pinholeday 2023"},"content":{"rendered":"\n<p>Oficina preparat\u00f3ria  com alunos do Cinema-UFSC com prof Rodrigo Garcez 28 de abril.<\/p>\n\n\n\n<p>Papel fotogr\u00e1fico colorido, revela\u00e7\u00e3o revers\u00edvel com Dektol e processo RA4.<\/p>\n\n\n\n<figure class=\"wp-block-image size-large\"><img loading=\"lazy\" decoding=\"async\" width=\"1024\" height=\"579\" src=\"https:\/\/foto.art.br\/site\/wp-content\/uploads\/2023\/05\/2-1024x579.jpg\" alt=\"\" class=\"wp-image-188\" srcset=\"https:\/\/foto.art.br\/site\/wp-content\/uploads\/2023\/05\/2-1024x579.jpg 1024w, https:\/\/foto.art.br\/site\/wp-content\/uploads\/2023\/05\/2-300x170.jpg 300w, https:\/\/foto.art.br\/site\/wp-content\/uploads\/2023\/05\/2-768x434.jpg 768w, https:\/\/foto.art.br\/site\/wp-content\/uploads\/2023\/05\/2-1536x868.jpg 1536w, https:\/\/foto.art.br\/site\/wp-content\/uploads\/2023\/05\/2-2048x1158.jpg 2048w\" sizes=\"auto, (max-width: 1024px) 100vw, 1024px\" \/><\/figure>\n\n\n\n<figure class=\"wp-block-image size-large\"><img loading=\"lazy\" decoding=\"async\" width=\"576\" height=\"1024\" src=\"https:\/\/foto.art.br\/site\/wp-content\/uploads\/2023\/05\/1-576x1024.webp\" alt=\"\" class=\"wp-image-189\" srcset=\"https:\/\/foto.art.br\/site\/wp-content\/uploads\/2023\/05\/1-576x1024.webp 576w, https:\/\/foto.art.br\/site\/wp-content\/uploads\/2023\/05\/1-169x300.webp 169w, https:\/\/foto.art.br\/site\/wp-content\/uploads\/2023\/05\/1-768x1365.webp 768w, https:\/\/foto.art.br\/site\/wp-content\/uploads\/2023\/05\/1-864x1536.webp 864w, https:\/\/foto.art.br\/site\/wp-content\/uploads\/2023\/05\/1.webp 1080w\" sizes=\"auto, (max-width: 576px) 100vw, 576px\" \/><\/figure>\n\n\n\n<figure class=\"wp-block-image size-large\"><img loading=\"lazy\" decoding=\"async\" width=\"1024\" height=\"768\" src=\"https:\/\/foto.art.br\/site\/wp-content\/uploads\/2023\/05\/20230430_113711-1024x768.jpg\" alt=\"\" class=\"wp-image-190\" srcset=\"https:\/\/foto.art.br\/site\/wp-content\/uploads\/2023\/05\/20230430_113711-1024x768.jpg 1024w, https:\/\/foto.art.br\/site\/wp-content\/uploads\/2023\/05\/20230430_113711-300x225.jpg 300w, https:\/\/foto.art.br\/site\/wp-content\/uploads\/2023\/05\/20230430_113711-768x576.jpg 768w, https:\/\/foto.art.br\/site\/wp-content\/uploads\/2023\/05\/20230430_113711-1536x1152.jpg 1536w, https:\/\/foto.art.br\/site\/wp-content\/uploads\/2023\/05\/20230430_113711-2048x1536.jpg 2048w\" sizes=\"auto, (max-width: 1024px) 100vw, 1024px\" \/><\/figure>\n\n\n\n<p>Pinholeday 2023 Prof Rodrigo Garcez e Bhadra (UFSC), L\u00fa Renata (UDESC), S\u00e9rgio (MIS-SC) e Roberto Svolenski (Est\u00e1cio)<\/p>\n\n\n\n<p><a href=\"https:\/\/pinholeday.org\/gallery\/2023\/index.php?formType=list&amp;groupname=MIS-SC\" target=\"_blank\" rel=\"noreferrer noopener\">https:\/\/pinholeday.org\/gallery\/2023\/index.php?formType=list&amp;groupname=MIS-SC<\/a><\/p>\n\n\n\n<figure class=\"wp-block-embed is-type-wp-embed is-provider-foto-art-br wp-block-embed-foto-art-br\"><div class=\"wp-block-embed__wrapper\">\nhttps:\/\/foto.art.br\/site\/tecnicas\/papel-color-reversivel\/\n<\/div><\/figure>\n","protected":false},"excerpt":{"rendered":"<p>Oficina preparat\u00f3ria com alunos do Cinema-UFSC com prof Rodrigo Garcez 28 de abril. Papel fotogr\u00e1fico colorido, revela\u00e7\u00e3o revers\u00edvel com Dektol e processo RA4. Pinholeday 2023 Prof Rodrigo Garcez e Bhadra (UFSC), L\u00fa Renata (UDESC), S\u00e9rgio (MIS-SC) e Roberto Svolenski (Est\u00e1cio) https:\/\/pinholeday.org\/gallery\/2023\/index.php?formType=list&amp;groupname=MIS-SC<\/p>\n","protected":false},"author":1,"featured_media":187,"comment_status":"closed","ping_status":"","sticky":false,"template":"","format":"standard","meta":{"footnotes":""},"categories":[1],"tags":[],"class_list":["post-186","post","type-post","status-publish","format-standard","has-post-thumbnail","hentry","category-uncategorized"],"blocksy_meta":[],"_links":{"self":[{"href":"https:\/\/foto.art.br\/site\/wp-json\/wp\/v2\/posts\/186","targetHints":{"allow":["GET"]}}],"collection":[{"href":"https:\/\/foto.art.br\/site\/wp-json\/wp\/v2\/posts"}],"about":[{"href":"https:\/\/foto.art.br\/site\/wp-json\/wp\/v2\/types\/post"}],"author":[{"embeddable":true,"href":"https:\/\/foto.art.br\/site\/wp-json\/wp\/v2\/users\/1"}],"replies":[{"embeddable":true,"href":"https:\/\/foto.art.br\/site\/wp-json\/wp\/v2\/comments?post=186"}],"version-history":[{"count":0,"href":"https:\/\/foto.art.br\/site\/wp-json\/wp\/v2\/posts\/186\/revisions"}],"wp:featuredmedia":[{"embeddable":true,"href":"https:\/\/foto.art.br\/site\/wp-json\/wp\/v2\/media\/187"}],"wp:attachment":[{"href":"https:\/\/foto.art.br\/site\/wp-json\/wp\/v2\/media?parent=186"}],"wp:term":[{"taxonomy":"category","embeddable":true,"href":"https:\/\/foto.art.br\/site\/wp-json\/wp\/v2\/categories?post=186"},{"taxonomy":"post_tag","embeddable":true,"href":"https:\/\/foto.art.br\/site\/wp-json\/wp\/v2\/tags?post=186"}],"curies":[{"name":"wp","href":"https:\/\/api.w.org\/{rel}","templated":true}]}}