{"id":1894,"date":"2025-04-12T14:02:17","date_gmt":"2025-04-12T17:02:17","guid":{"rendered":"https:\/\/foto.art.br\/site\/?p=1894"},"modified":"2025-04-15T15:25:54","modified_gmt":"2025-04-15T18:25:54","slug":"corpo-camara-escura-dispositivo-uterino-protagonismo-femininos-na-fotografia-experimental-brasileira","status":"publish","type":"post","link":"https:\/\/foto.art.br\/site\/2025\/04\/12\/corpo-camara-escura-dispositivo-uterino-protagonismo-femininos-na-fotografia-experimental-brasileira\/","title":{"rendered":"Corpo, c\u00e2mara escura, dispositivo&nbsp; uterino: protagonismo femininos na fotografia experimental brasileira"},"content":{"rendered":"\n<p><\/p>\n\n\n\n<figure class=\"wp-block-image size-large\"><img loading=\"lazy\" decoding=\"async\" width=\"819\" height=\"1024\" src=\"https:\/\/foto.art.br\/site\/wp-content\/uploads\/2025\/04\/IMG_20250412_135421_104-819x1024.jpg\" alt=\"\" class=\"wp-image-1893\" srcset=\"https:\/\/foto.art.br\/site\/wp-content\/uploads\/2025\/04\/IMG_20250412_135421_104-819x1024.jpg 819w, https:\/\/foto.art.br\/site\/wp-content\/uploads\/2025\/04\/IMG_20250412_135421_104-240x300.jpg 240w, https:\/\/foto.art.br\/site\/wp-content\/uploads\/2025\/04\/IMG_20250412_135421_104-768x960.jpg 768w, https:\/\/foto.art.br\/site\/wp-content\/uploads\/2025\/04\/IMG_20250412_135421_104.jpg 1024w\" sizes=\"auto, (max-width: 819px) 100vw, 819px\" \/><\/figure>\n\n\n\n<p>Corpo, c\u00e2mara escura, dispositivo uterino: protagonismos femininos na fotografia experimental brasileira \u00e9 uma pesquisa que tem como ponto central aprofundar a reflex\u00e3o sobre a c\u00e2mera obscura como dispositivo uterino em oposi\u00e7\u00e3o \u00e0s met\u00e1foras f\u00e1licas de arma, posse, morte, captura, usadas ao longo de toda a hist\u00f3ria da fotografia.<br>Se voc\u00ea \u00e9 uma artista mulher cis, trans, n\u00e3o bin\u00e1ria e trabalha com pr\u00e1ticas experimentais na fotografia, fa\u00e7a parte desta pesquisa! Se conhece algu\u00e9m com este perfil, compartilhe a not\u00edcia com ela!<br>Al\u00e9m desta cartografia, o projeto prev\u00ea ainda a realiza\u00e7\u00e3o de conversas on-line, de uma p\u00e1gina web onde o conte\u00fado da pesquisa ser\u00e1 armazenado e disponibilizado para pessoas interessadas no tema e de uma publica\u00e7\u00e3o impressa, a ser lan\u00e7ada no segundo semestre.<br>Este projeto \u00e9 fomentado pelo PR\u00caMIO FUNARTE MARC FERREZ DE FOTOGRAFIA &#8211; 17\u00b0EDI\u00c7\u00c3O.<br>Imagens de fundo:<br>Neide Jallageas<br>Ana Ang\u00e9lica Costa<\/p>\n\n\n\n<p><a href=\"https:\/\/facebook.com\/ana.a.costa.9404\/\" target=\"_blank\" rel=\"noreferrer noopener\">https:\/\/facebook.com\/ana.a.costa.9404\/<\/a><\/p>\n\n\n\n<p><strong>Formul\u00e1rio de inscri\u00e7\u00e3o<\/strong><\/p>\n\n\n\n<p><a href=\"https:\/\/docs.google.com\/forms\/d\/e\/1FAIpQLSfWfNZ0iN-PC2GvplGmapEhHLLtnKiCS8TQYv99mJXKuPC8UA\/viewform\" target=\"_blank\" rel=\"noreferrer noopener\">https:\/\/docs.google.com\/forms\/d\/e\/1FAIpQLSfWfNZ0iN-PC2GvplGmapEhHLLtnKiCS8TQYv99mJXKuPC8UA\/viewform<\/a><\/p>\n\n\n\n<p><\/p>\n","protected":false},"excerpt":{"rendered":"<p>Corpo, c\u00e2mara escura, dispositivo uterino: protagonismos femininos na fotografia experimental brasileira \u00e9 uma pesquisa que tem como ponto central aprofundar a reflex\u00e3o sobre a c\u00e2mera obscura como dispositivo uterino em oposi\u00e7\u00e3o \u00e0s met\u00e1foras f\u00e1licas de arma, posse, morte, captura, usadas ao longo de toda a hist\u00f3ria da fotografia.Se voc\u00ea \u00e9 uma artista mulher cis, trans, [&hellip;]<\/p>\n","protected":false},"author":1,"featured_media":1896,"comment_status":"closed","ping_status":"","sticky":false,"template":"","format":"standard","meta":{"footnotes":""},"categories":[1],"tags":[],"class_list":["post-1894","post","type-post","status-publish","format-standard","has-post-thumbnail","hentry","category-uncategorized"],"blocksy_meta":[],"_links":{"self":[{"href":"https:\/\/foto.art.br\/site\/wp-json\/wp\/v2\/posts\/1894","targetHints":{"allow":["GET"]}}],"collection":[{"href":"https:\/\/foto.art.br\/site\/wp-json\/wp\/v2\/posts"}],"about":[{"href":"https:\/\/foto.art.br\/site\/wp-json\/wp\/v2\/types\/post"}],"author":[{"embeddable":true,"href":"https:\/\/foto.art.br\/site\/wp-json\/wp\/v2\/users\/1"}],"replies":[{"embeddable":true,"href":"https:\/\/foto.art.br\/site\/wp-json\/wp\/v2\/comments?post=1894"}],"version-history":[{"count":0,"href":"https:\/\/foto.art.br\/site\/wp-json\/wp\/v2\/posts\/1894\/revisions"}],"wp:featuredmedia":[{"embeddable":true,"href":"https:\/\/foto.art.br\/site\/wp-json\/wp\/v2\/media\/1896"}],"wp:attachment":[{"href":"https:\/\/foto.art.br\/site\/wp-json\/wp\/v2\/media?parent=1894"}],"wp:term":[{"taxonomy":"category","embeddable":true,"href":"https:\/\/foto.art.br\/site\/wp-json\/wp\/v2\/categories?post=1894"},{"taxonomy":"post_tag","embeddable":true,"href":"https:\/\/foto.art.br\/site\/wp-json\/wp\/v2\/tags?post=1894"}],"curies":[{"name":"wp","href":"https:\/\/api.w.org\/{rel}","templated":true}]}}