{"id":1901,"date":"2025-04-29T16:28:21","date_gmt":"2025-04-29T19:28:21","guid":{"rendered":"https:\/\/foto.art.br\/site\/?p=1901"},"modified":"2025-04-29T18:24:40","modified_gmt":"2025-04-29T21:24:40","slug":"lente-da-paraiba-um-artigo-em-portugues","status":"publish","type":"post","link":"https:\/\/foto.art.br\/site\/2025\/04\/29\/lente-da-paraiba-um-artigo-em-portugues\/","title":{"rendered":"Lenot, da Paraiba, um artigo em portugu\u00eas."},"content":{"rendered":"\n<p>Convidado a participar de um evento de fotografia em Campina Grande,&nbsp; Marc Lenot apresenta um artigo em portugu\u00eas,&nbsp; revisado pelos colegas praibanos, a melhor vers\u00e3o que apareceu at\u00e9 agora de sua pesquisa de doutorado, que virou livro, em que trata da fotografia experimental,&nbsp; usando ideias de Vil\u00e9m Flusser, ampliando sua visibilidade no meio acad\u00eamico europeu. <\/p>\n\n\n\n<p><\/p>\n\n\n\n<figure class=\"wp-block-image size-full\"><img loading=\"lazy\" decoding=\"async\" width=\"363\" height=\"587\" src=\"https:\/\/foto.art.br\/site\/wp-content\/uploads\/2025\/04\/marc-lenot-1.jpg\" alt=\"\" class=\"wp-image-1905\" srcset=\"https:\/\/foto.art.br\/site\/wp-content\/uploads\/2025\/04\/marc-lenot-1.jpg 363w, https:\/\/foto.art.br\/site\/wp-content\/uploads\/2025\/04\/marc-lenot-1-186x300.jpg 186w\" sizes=\"auto, (max-width: 363px) 100vw, 363px\" \/><figcaption class=\"wp-element-caption\">Livro com o tema da tese<\/figcaption><\/figure>\n\n\n\n<p><\/p>\n\n\n\n<p>Este texto abaixo \u00e9 resultado da palestra \u201cFotografia Experimental\u201d proferida pelo Dr. Marc Lenot durante a abertura da <a href=\"https:\/\/graofinofoto.com.br\/anais2024\/#palestra\" target=\"_blank\" rel=\"noreferrer noopener\">VI Gr\u00e3o Fino: Semana de Fotografia<\/a>, em 07 de novembro de 2023.\u00a0<\/p>\n\n\n\n<p><a href=\"https:\/\/photographie-experimentale.com\/wp-content\/uploads\/2025\/01\/Artigo-Marc-Lenot_Versao-final-OK.pdf\" target=\"_blank\" rel=\"noreferrer noopener\">https:\/\/photographie-experimentale.com\/wp-content\/uploads\/2025\/01\/Artigo-Marc-Lenot_Versao-final-OK.pdf<\/a><\/p>\n\n\n\n<p><\/p>\n","protected":false},"excerpt":{"rendered":"<p>Convidado a participar de um evento de fotografia em Campina Grande,&nbsp; Marc Lenot apresenta um artigo em portugu\u00eas,&nbsp; revisado pelos colegas praibanos, a melhor vers\u00e3o que apareceu at\u00e9 agora de sua pesquisa de doutorado, que virou livro, em que trata da fotografia experimental,&nbsp; usando ideias de Vil\u00e9m Flusser, ampliando sua visibilidade no meio acad\u00eamico europeu. [&hellip;]<\/p>\n","protected":false},"author":1,"featured_media":1905,"comment_status":"closed","ping_status":"","sticky":false,"template":"","format":"standard","meta":{"footnotes":""},"categories":[12],"tags":[],"class_list":["post-1901","post","type-post","status-publish","format-standard","has-post-thumbnail","hentry","category-pessoas"],"blocksy_meta":[],"_links":{"self":[{"href":"https:\/\/foto.art.br\/site\/wp-json\/wp\/v2\/posts\/1901","targetHints":{"allow":["GET"]}}],"collection":[{"href":"https:\/\/foto.art.br\/site\/wp-json\/wp\/v2\/posts"}],"about":[{"href":"https:\/\/foto.art.br\/site\/wp-json\/wp\/v2\/types\/post"}],"author":[{"embeddable":true,"href":"https:\/\/foto.art.br\/site\/wp-json\/wp\/v2\/users\/1"}],"replies":[{"embeddable":true,"href":"https:\/\/foto.art.br\/site\/wp-json\/wp\/v2\/comments?post=1901"}],"version-history":[{"count":0,"href":"https:\/\/foto.art.br\/site\/wp-json\/wp\/v2\/posts\/1901\/revisions"}],"wp:featuredmedia":[{"embeddable":true,"href":"https:\/\/foto.art.br\/site\/wp-json\/wp\/v2\/media\/1905"}],"wp:attachment":[{"href":"https:\/\/foto.art.br\/site\/wp-json\/wp\/v2\/media?parent=1901"}],"wp:term":[{"taxonomy":"category","embeddable":true,"href":"https:\/\/foto.art.br\/site\/wp-json\/wp\/v2\/categories?post=1901"},{"taxonomy":"post_tag","embeddable":true,"href":"https:\/\/foto.art.br\/site\/wp-json\/wp\/v2\/tags?post=1901"}],"curies":[{"name":"wp","href":"https:\/\/api.w.org\/{rel}","templated":true}]}}