{"id":1933,"date":"2025-05-01T19:14:26","date_gmt":"2025-05-01T22:14:26","guid":{"rendered":"https:\/\/foto.art.br\/site\/?p=1933"},"modified":"2025-05-04T14:37:47","modified_gmt":"2025-05-04T17:37:47","slug":"a-impressao-viva-de-kari-varner-retratando-a-morte-da-natureza","status":"publish","type":"post","link":"https:\/\/foto.art.br\/site\/2025\/05\/01\/a-impressao-viva-de-kari-varner-retratando-a-morte-da-natureza\/","title":{"rendered":"a impress\u00e3o viva de Kari Varner retratando a morte da natureza"},"content":{"rendered":"\n<figure class=\"wp-block-image size-full\"><img loading=\"lazy\" decoding=\"async\" width=\"778\" height=\"1000\" src=\"https:\/\/foto.art.br\/site\/wp-content\/uploads\/2025\/05\/kari01.jpg\" alt=\"\" class=\"wp-image-1934\" srcset=\"https:\/\/foto.art.br\/site\/wp-content\/uploads\/2025\/05\/kari01.jpg 778w, https:\/\/foto.art.br\/site\/wp-content\/uploads\/2025\/05\/kari01-233x300.jpg 233w, https:\/\/foto.art.br\/site\/wp-content\/uploads\/2025\/05\/kari01-768x987.jpg 768w\" sizes=\"auto, (max-width: 778px) 100vw, 778px\" \/><figcaption class=\"wp-element-caption\">Impress\u00e3o pigmentada de uma imagem cultivada na microalga Chlorella vulgaris<\/figcaption><\/figure>\n\n\n<style type=\"text\/css\" scoped>.rbs_gallery_69ef7347aa3cbSpinner{\r\n\t\t\t\tmargin: 50px auto;\r\n\t\t\t\twidth: 50px;\r\n\t\t\t\theight: 40px;\r\n\t\t\t\ttext-align: center;\r\n\t\t\t\tfont-size: 10px;\r\n\t\t\t}\r\n\t\t\t.rbs_gallery_69ef7347aa3cbSpinner > div{\r\n\t\t\t  background-color: #333;\r\n\t\t\t  height: 100%;\r\n\t\t\t  width: 6px;\r\n\t\t\t  display: inline-block;\r\n\t\t\t  -webkit-animation: rbs_gallery_69ef7347aa3cb-stretchdelay 1.2s infinite ease-in-out;\r\n\t\t\t  animation: rbs_gallery_69ef7347aa3cb-stretchdelay 1.2s infinite ease-in-out;\r\n\t\t\t}\r\n\t\t\t.rbs_gallery_69ef7347aa3cbSpinner .rbs_gallery_69ef7347aa3cbRect2 {\r\n\t\t\t  -webkit-animation-delay: -1.1s;\r\n\t\t\t  animation-delay: -1.1s;\r\n\t\t\t}\r\n\t\t\t.rbs_gallery_69ef7347aa3cbSpinner .rbs_gallery_69ef7347aa3cbRect3 {\r\n\t\t\t  -webkit-animation-delay: -1.0s;\r\n\t\t\t  animation-delay: -1.0s;\r\n\t\t\t}\r\n\t\t\t.rbs_gallery_69ef7347aa3cbSpinner .rbs_gallery_69ef7347aa3cbRect4 {\r\n\t\t\t  -webkit-animation-delay: -0.9s;\r\n\t\t\t  animation-delay: -0.9s;\r\n\t\t\t}\r\n\t\t\t.rbs_gallery_69ef7347aa3cbSpinner .rbs_gallery_69ef7347aa3cbRect5 {\r\n\t\t\t  -webkit-animation-delay: -0.8s;\r\n\t\t\t  animation-delay: -0.8s;\r\n\t\t\t}\r\n\t\t\t@-webkit-keyframes rbs_gallery_69ef7347aa3cb-stretchdelay {\r\n\t\t\t  0%, 40%, 100% { -webkit-transform: scaleY(0.4) }  \r\n\t\t\t  20% { -webkit-transform: scaleY(1.0) }\r\n\t\t\t}\r\n\t\t\t@keyframes rbs_gallery_69ef7347aa3cb-stretchdelay {\r\n\t\t\t  0%, 40%, 100% { \r\n\t\t\t    transform: scaleY(0.4);\r\n\t\t\t    -webkit-transform: scaleY(0.4);\r\n\t\t\t  }  20% { \r\n\t\t\t    transform: scaleY(1.0);\r\n\t\t\t    -webkit-transform: scaleY(1.0);\r\n\t\t\t  }\r\n\t\t\t}\r\n\t\t<\/style><div class=\"robo-gallery-wrap robo-gallery-wrap-id1987 robo-gallery-grid\" ><div id=\"rbs_gallery_69ef7347aa3cb-block-loader\" class=\"rbs_gallery_69ef7347aa3cbSpinner\"><div class=\"rbs_gallery_69ef7347aa3cbRect1\"><\/div> <div class=\"rbs_gallery_69ef7347aa3cbRect2\"><\/div> <div class=\"rbs_gallery_69ef7347aa3cbRect3\"><\/div> <div class=\"rbs_gallery_69ef7347aa3cbRect4\"><\/div> <div class=\"rbs_gallery_69ef7347aa3cbRect5\"><\/div><\/div><div id=\"robo_gallery_main_block_rbs_gallery_69ef7347aa3cb\" class=\"robogallery-gallery-1987\" style=\"width:100%;  display: none;\"><div id=\"rbs_gallery_69ef7347aa3cb\" data-options=\"rbs_gallery_69ef7347aa3cb\" style=\"width:100%;\" class=\"robo_gallery  \"><div class=\"rbs-img  category1987 \" ><div class=\"rbs-img-image   rbs-lightbox \" ><div class=\"rbs-img-thumbs\"  data-thumbnail=\"https:\/\/foto.art.br\/site\/wp-content\/uploads\/2025\/05\/kari01-233x300.jpg\"  title=\"kari01\"  data-width=\"233\"  data-height=\"300\" ><\/div><div class=\"rbs-img-data-popup\"  data-popup=\"https:\/\/foto.art.br\/site\/wp-content\/uploads\/2025\/05\/kari01.jpg\"  title=\"kari01\" ><\/div><div class=\"thumbnail-overlay\"><div class=\"rbsTitle \">kari01<\/div><div class=\"rbsIcons\"><i class=\"fa fa-search-plus rbsZoomIcon \" ><\/i><\/div><\/div><\/div><\/div><div class=\"rbs-img  category1987 \" ><div class=\"rbs-img-image   rbs-lightbox \" ><div class=\"rbs-img-thumbs\"  data-thumbnail=\"https:\/\/foto.art.br\/site\/wp-content\/uploads\/2025\/05\/kari02-233x300.jpg\"  title=\"kari02\"  data-width=\"233\"  data-height=\"300\" ><\/div><div class=\"rbs-img-data-popup\"  data-popup=\"https:\/\/foto.art.br\/site\/wp-content\/uploads\/2025\/05\/kari02.jpg\"  title=\"kari02\" ><\/div><div class=\"thumbnail-overlay\"><div class=\"rbsTitle \">kari02<\/div><div class=\"rbsIcons\"><i class=\"fa fa-search-plus rbsZoomIcon \" ><\/i><\/div><\/div><\/div><\/div><div class=\"rbs-img  category1987 \" ><div class=\"rbs-img-image   rbs-lightbox \" ><div class=\"rbs-img-thumbs\"  data-thumbnail=\"https:\/\/foto.art.br\/site\/wp-content\/uploads\/2025\/05\/kari03-233x300.jpg\"  title=\"kari03\"  data-width=\"233\"  data-height=\"300\" ><\/div><div class=\"rbs-img-data-popup\"  data-popup=\"https:\/\/foto.art.br\/site\/wp-content\/uploads\/2025\/05\/kari03.jpg\"  title=\"kari03\" ><\/div><div class=\"thumbnail-overlay\"><div class=\"rbsTitle \">kari03<\/div><div class=\"rbsIcons\"><i class=\"fa fa-search-plus rbsZoomIcon \" ><\/i><\/div><\/div><\/div><\/div><div class=\"rbs-img  category1987 \" ><div class=\"rbs-img-image   rbs-lightbox \" ><div class=\"rbs-img-thumbs\"  data-thumbnail=\"https:\/\/foto.art.br\/site\/wp-content\/uploads\/2025\/05\/kari04-233x300.jpg\"  title=\"kari04\"  data-width=\"233\"  data-height=\"300\" ><\/div><div class=\"rbs-img-data-popup\"  data-popup=\"https:\/\/foto.art.br\/site\/wp-content\/uploads\/2025\/05\/kari04.jpg\"  title=\"kari04\" ><\/div><div class=\"thumbnail-overlay\"><div class=\"rbsTitle \">kari04<\/div><div class=\"rbsIcons\"><i class=\"fa fa-search-plus rbsZoomIcon \" ><\/i><\/div><\/div><\/div><\/div><div class=\"rbs-img  category1987 \" ><div class=\"rbs-img-image   rbs-lightbox \" ><div class=\"rbs-img-thumbs\"  data-thumbnail=\"https:\/\/foto.art.br\/site\/wp-content\/uploads\/2025\/05\/kari05-233x300.jpg\"  title=\"kari05\"  data-width=\"233\"  data-height=\"300\" ><\/div><div class=\"rbs-img-data-popup\"  data-popup=\"https:\/\/foto.art.br\/site\/wp-content\/uploads\/2025\/05\/kari05.jpg\"  title=\"kari05\" ><\/div><div class=\"thumbnail-overlay\"><div class=\"rbsTitle \">kari05<\/div><div class=\"rbsIcons\"><i class=\"fa fa-search-plus rbsZoomIcon \" ><\/i><\/div><\/div><\/div><\/div><div class=\"rbs-img  category1987 \" ><div class=\"rbs-img-image   rbs-lightbox \" ><div class=\"rbs-img-thumbs\"  data-thumbnail=\"https:\/\/foto.art.br\/site\/wp-content\/uploads\/2025\/05\/kari06-225x300.jpg\"  title=\"kari06\"  data-width=\"225\"  data-height=\"300\" ><\/div><div class=\"rbs-img-data-popup\"  data-popup=\"https:\/\/foto.art.br\/site\/wp-content\/uploads\/2025\/05\/kari06.jpg\"  title=\"kari06\" ><\/div><div class=\"thumbnail-overlay\"><div class=\"rbsTitle \">kari06<\/div><div class=\"rbsIcons\"><i class=\"fa fa-search-plus rbsZoomIcon \" ><\/i><\/div><\/div><\/div><\/div><div class=\"rbs-img  category1987 \" ><div class=\"rbs-img-image   rbs-lightbox \" ><div class=\"rbs-img-thumbs\"  data-thumbnail=\"https:\/\/foto.art.br\/site\/wp-content\/uploads\/2025\/05\/kari07-268x300.jpg\"  title=\"kari07\"  data-width=\"268\"  data-height=\"300\" ><\/div><div class=\"rbs-img-data-popup\"  data-popup=\"https:\/\/foto.art.br\/site\/wp-content\/uploads\/2025\/05\/kari07.jpg\"  title=\"kari07\" ><\/div><div class=\"thumbnail-overlay\"><div class=\"rbsTitle \">kari07<\/div><div class=\"rbsIcons\"><i class=\"fa fa-search-plus rbsZoomIcon \" ><\/i><\/div><\/div><\/div><\/div><div class=\"rbs-img  category1987 \" ><div class=\"rbs-img-image   rbs-lightbox \" ><div class=\"rbs-img-thumbs\"  data-thumbnail=\"https:\/\/foto.art.br\/site\/wp-content\/uploads\/2025\/05\/kari08-300x225.jpg\"  title=\"kari08\"  data-width=\"300\"  data-height=\"225\" ><\/div><div class=\"rbs-img-data-popup\"  data-popup=\"https:\/\/foto.art.br\/site\/wp-content\/uploads\/2025\/05\/kari08.jpg\"  title=\"kari08\" ><\/div><div class=\"thumbnail-overlay\"><div class=\"rbsTitle \">kari08<\/div><div class=\"rbsIcons\"><i class=\"fa fa-search-plus rbsZoomIcon \" ><\/i><\/div><\/div><\/div><\/div><div class=\"rbs-img  category1987 \" ><div class=\"rbs-img-image   rbs-lightbox \" ><div class=\"rbs-img-thumbs\"  data-thumbnail=\"https:\/\/foto.art.br\/site\/wp-content\/uploads\/2025\/05\/kari09-225x300.jpg\"  title=\"kari09\"  data-width=\"225\"  data-height=\"300\" ><\/div><div class=\"rbs-img-data-popup\"  data-popup=\"https:\/\/foto.art.br\/site\/wp-content\/uploads\/2025\/05\/kari09.jpg\"  title=\"kari09\" ><\/div><div class=\"thumbnail-overlay\"><div class=\"rbsTitle \">kari09<\/div><div class=\"rbsIcons\"><i class=\"fa fa-search-plus rbsZoomIcon \" ><\/i><\/div><\/div><\/div><\/div><div class=\"rbs-img  category1987 \" ><div class=\"rbs-img-image   rbs-lightbox \" ><div class=\"rbs-img-thumbs\"  data-thumbnail=\"https:\/\/foto.art.br\/site\/wp-content\/uploads\/2025\/05\/kari10-225x300.jpg\"  title=\"kari10\"  data-width=\"225\"  data-height=\"300\" ><\/div><div class=\"rbs-img-data-popup\"  data-popup=\"https:\/\/foto.art.br\/site\/wp-content\/uploads\/2025\/05\/kari10.jpg\"  title=\"kari10\" ><\/div><div class=\"thumbnail-overlay\"><div class=\"rbsTitle \">kari10<\/div><div class=\"rbsIcons\"><i class=\"fa fa-search-plus rbsZoomIcon \" ><\/i><\/div><\/div><\/div><\/div><div class=\"rbs-img  category1987 \" ><div class=\"rbs-img-image   rbs-lightbox \" ><div class=\"rbs-img-thumbs\"  data-thumbnail=\"https:\/\/foto.art.br\/site\/wp-content\/uploads\/2025\/05\/kari12-300x225.jpg\"  title=\"kari12\"  data-width=\"300\"  data-height=\"225\" ><\/div><div class=\"rbs-img-data-popup\"  data-popup=\"https:\/\/foto.art.br\/site\/wp-content\/uploads\/2025\/05\/kari12.jpg\"  title=\"kari12\" ><\/div><div class=\"thumbnail-overlay\"><div class=\"rbsTitle \">kari12<\/div><div class=\"rbsIcons\"><i class=\"fa fa-search-plus rbsZoomIcon \" ><\/i><\/div><\/div><\/div><\/div><div class=\"rbs-img  category1987 \" ><div class=\"rbs-img-image   rbs-lightbox \" ><div class=\"rbs-img-thumbs\"  data-thumbnail=\"https:\/\/foto.art.br\/site\/wp-content\/uploads\/2025\/05\/kari11-300x225.jpg\"  title=\"kari11\"  data-width=\"300\"  data-height=\"225\" ><\/div><div class=\"rbs-img-data-popup\"  data-popup=\"https:\/\/foto.art.br\/site\/wp-content\/uploads\/2025\/05\/kari11.jpg\"  title=\"kari11\" ><\/div><div class=\"thumbnail-overlay\"><div class=\"rbsTitle \">kari11<\/div><div class=\"rbsIcons\"><i class=\"fa fa-search-plus rbsZoomIcon \" ><\/i><\/div><\/div><\/div><\/div><\/div><\/div><\/div><script>var rbs_gallery_69ef7347aa3cb = {\"version\":\"5.1.4\",\"id\":1987,\"class\":\"id1987\",\"roboGalleryDelay\":1000,\"mainContainer\":\"#robo_gallery_main_block_rbs_gallery_69ef7347aa3cb\",\"loadingContainer\":\"#rbs_gallery_69ef7347aa3cb-block-loader\",\"loadingContainerObj\":\"rbs_gallery_69ef7347aa3cb-block-loader\",\"columnWidth\":\"auto\",\"columns\":3,\"resolutions\":[{\"columnWidth\":\"auto\",\"columns\":3,\"maxWidth\":960},{\"columnWidth\":\"auto\",\"columns\":2,\"maxWidth\":650},{\"columnWidth\":\"auto\",\"columns\":1,\"maxWidth\":450}],\"lightboxOptions\":{\"gallery\":{\"enabled\":true,\"tCounter\":\"%curr% of %total%\"}},\"overlayEffect\":\"direction-aware-fade\",\"boxesToLoadStart\":12,\"boxesToLoad\":8,\"waitUntilThumbLoads\":1,\"LoadingWord\":\"Loading...\",\"loadMoreWord\":\"Load More\",\"noMoreEntriesWord\":\"No More Entries\",\"horizontalSpaceBetweenBoxes\":15,\"verticalSpaceBetweenBoxes\":15,\"lazyLoad\":1,\"wrapContainer\":\"#robo-gallery-wrap-rbs_gallery_69ef7347aa3cb\"};<\/script>\n\n\n<p>Monett e Sedalia<br>2021 &#8211; em andamento<\/p>\n\n\n\n<p>Em 2018, fotografei granjas av\u00edcolas e os cursos d&#8217;\u00e1gua circundantes de Monett e Sedalia, na zona rural do Missouri. Esses dois locais j\u00e1 foram palco de desastres ambientais e, coletivamente, contribuem para a superabund\u00e2ncia de nutrientes, a prolifera\u00e7\u00e3o de algas e a consequente zona morta que se forma anualmente no Golfo do M\u00e9xico. Ap\u00f3s a cria\u00e7\u00e3o das imagens, n\u00e3o consegui identificar um meio adequado que retratasse a interconex\u00e3o desses ambientes aparentemente d\u00edspares. Em 2021, comecei a experimentar o uso de um ampliador de 35 mm e uma unidade de exposi\u00e7\u00e3o de mesa de luz para cultivar essas fotografias diretamente na microalga Chlorella vulgaris. No negativo fotogr\u00e1fico, as \u00e1reas mais escuras recebem mais luz e, portanto, tornam-se mais escuras. O resultado \u00e9 uma renderiza\u00e7\u00e3o viva que leva uma semana para se formar. Em sua forma final, os resultados s\u00e3o digitalizados e impressos.<\/p>\n\n\n\n<figure class=\"wp-block-image size-full\"><img loading=\"lazy\" decoding=\"async\" width=\"1000\" height=\"667\" src=\"https:\/\/foto.art.br\/site\/wp-content\/uploads\/2025\/05\/MG_2394.jpg\" alt=\"\" class=\"wp-image-1947\" srcset=\"https:\/\/foto.art.br\/site\/wp-content\/uploads\/2025\/05\/MG_2394.jpg 1000w, https:\/\/foto.art.br\/site\/wp-content\/uploads\/2025\/05\/MG_2394-300x200.jpg 300w, https:\/\/foto.art.br\/site\/wp-content\/uploads\/2025\/05\/MG_2394-768x512.jpg 768w\" sizes=\"auto, (max-width: 1000px) 100vw, 1000px\" \/><\/figure>\n\n\n\n<p>Kari Varner (americana, nascida em 1991 em Overland Park, Kansas) \u00e9 uma artista cujo trabalho explora representa\u00e7\u00f5es da paisagem por meio da imagem fotogr\u00e1fica. Kari obteve seu Bacharelado em Belas Artes em Design de M\u00eddia Eletr\u00f4nica pela Universidade de Denver e seu Mestrado em Belas Artes pela Universidade de Washington em St. Louis. Atualmente, Kari leciona fotografia na Universidade de Binghamton, em Nova York. Anteriormente, lecionou na Escola Internacional de Arte Santa Reparata, no Instituto de Arte e Design de Floren\u00e7a e na Universidade de Denver. Kari ministrou workshops no Studio Art College International e no Anderson Ranch Arts Center.<\/p>\n\n\n\n<p>Seu trabalho recente tem se concentrado no impacto humano na paisagem, particularmente por meio da agricultura industrializada e da canaliza\u00e7\u00e3o de cursos d&#8217;\u00e1gua. Utilizando imagens de sat\u00e9lite, processos fotogr\u00e1ficos hist\u00f3ricos e produ\u00e7\u00e3o experimental de imagens, Kari busca retratar as maneiras pelas quais alteramos profundamente nossa terra e \u00e1gua.<\/p>\n\n\n\n<p><a href=\"https:\/\/www.karivarner.com\" target=\"_blank\" rel=\"noreferrer noopener\">https:\/\/www.karivarner.com<\/a><\/p>\n\n\n\n<p><\/p>\n","protected":false},"excerpt":{"rendered":"<p>Monett e Sedalia2021 &#8211; em andamento Em 2018, fotografei granjas av\u00edcolas e os cursos d&#8217;\u00e1gua circundantes de Monett e Sedalia, na zona rural do Missouri. Esses dois locais j\u00e1 foram palco de desastres ambientais e, coletivamente, contribuem para a superabund\u00e2ncia de nutrientes, a prolifera\u00e7\u00e3o de algas e a consequente zona morta que se forma anualmente [&hellip;]<\/p>\n","protected":false},"author":1,"featured_media":1934,"comment_status":"closed","ping_status":"","sticky":false,"template":"","format":"standard","meta":{"footnotes":""},"categories":[1,12,13],"tags":[],"class_list":["post-1933","post","type-post","status-publish","format-standard","has-post-thumbnail","hentry","category-uncategorized","category-pessoas","category-tecnicas"],"blocksy_meta":[],"_links":{"self":[{"href":"https:\/\/foto.art.br\/site\/wp-json\/wp\/v2\/posts\/1933","targetHints":{"allow":["GET"]}}],"collection":[{"href":"https:\/\/foto.art.br\/site\/wp-json\/wp\/v2\/posts"}],"about":[{"href":"https:\/\/foto.art.br\/site\/wp-json\/wp\/v2\/types\/post"}],"author":[{"embeddable":true,"href":"https:\/\/foto.art.br\/site\/wp-json\/wp\/v2\/users\/1"}],"replies":[{"embeddable":true,"href":"https:\/\/foto.art.br\/site\/wp-json\/wp\/v2\/comments?post=1933"}],"version-history":[{"count":0,"href":"https:\/\/foto.art.br\/site\/wp-json\/wp\/v2\/posts\/1933\/revisions"}],"wp:featuredmedia":[{"embeddable":true,"href":"https:\/\/foto.art.br\/site\/wp-json\/wp\/v2\/media\/1934"}],"wp:attachment":[{"href":"https:\/\/foto.art.br\/site\/wp-json\/wp\/v2\/media?parent=1933"}],"wp:term":[{"taxonomy":"category","embeddable":true,"href":"https:\/\/foto.art.br\/site\/wp-json\/wp\/v2\/categories?post=1933"},{"taxonomy":"post_tag","embeddable":true,"href":"https:\/\/foto.art.br\/site\/wp-json\/wp\/v2\/tags?post=1933"}],"curies":[{"name":"wp","href":"https:\/\/api.w.org\/{rel}","templated":true}]}}