{"id":2058,"date":"2025-06-01T13:10:47","date_gmt":"2025-06-01T16:10:47","guid":{"rendered":"https:\/\/foto.art.br\/site\/?p=2058"},"modified":"2025-06-01T13:28:41","modified_gmt":"2025-06-01T16:28:41","slug":"barcelona-on-line","status":"publish","type":"post","link":"https:\/\/foto.art.br\/site\/2025\/06\/01\/barcelona-on-line\/","title":{"rendered":"\u00a1 Barcelona on-line !"},"content":{"rendered":"\n<figure class=\"wp-block-image size-full\"><img loading=\"lazy\" decoding=\"async\" width=\"282\" height=\"45\" src=\"https:\/\/foto.art.br\/site\/wp-content\/uploads\/2025\/06\/Logo_Experimental_2025.png\" alt=\"\" class=\"wp-image-2062\"\/><\/figure>\n\n\n\n<figure class=\"wp-block-image size-full\"><img loading=\"lazy\" decoding=\"async\" width=\"690\" height=\"375\" src=\"https:\/\/foto.art.br\/site\/wp-content\/uploads\/2025\/06\/2025-06-01_051945.png\" alt=\"\" class=\"wp-image-2061\" srcset=\"https:\/\/foto.art.br\/site\/wp-content\/uploads\/2025\/06\/2025-06-01_051945.png 690w, https:\/\/foto.art.br\/site\/wp-content\/uploads\/2025\/06\/2025-06-01_051945-300x163.png 300w\" sizes=\"auto, (max-width: 690px) 100vw, 690px\" \/><\/figure>\n\n\n\n<p>a novidade do Festival de&nbsp; Fotografia Experimental&nbsp; de Barcelona este ano \u00e9&nbsp; a amplia\u00e7\u00e3o das possibilidades de participa\u00e7\u00e3o on-line; adequando-se aos tempos \u00e9 poss\u00edvel uma grande participa\u00e7\u00e3o de palestras e oficinas mesmo \u00e0 dist\u00e2ncia. Os valores s\u00e3o atraentes, mesmo para nossa desvalorizada moeda.<\/p>\n\n\n\n<p>Em Julho, de 23 a 27, f\u00e9rias escolares. <\/p>\n\n\n\n<p><a href=\"https:\/\/ca.experimentalphotofestival.com\/online-2025\" target=\"_blank\" rel=\"noreferrer noopener\">https:\/\/ca.experimentalphotofestival.com\/online-2025<\/a><\/p>\n\n\n\n<p><\/p>\n","protected":false},"excerpt":{"rendered":"<p>a novidade do Festival de&nbsp; Fotografia Experimental&nbsp; de Barcelona este ano \u00e9&nbsp; a amplia\u00e7\u00e3o das possibilidades de participa\u00e7\u00e3o on-line; adequando-se aos tempos \u00e9 poss\u00edvel uma grande participa\u00e7\u00e3o de palestras e oficinas mesmo \u00e0 dist\u00e2ncia. Os valores s\u00e3o atraentes, mesmo para nossa desvalorizada moeda. Em Julho, de 23 a 27, f\u00e9rias escolares. https:\/\/ca.experimentalphotofestival.com\/online-2025<\/p>\n","protected":false},"author":1,"featured_media":2061,"comment_status":"closed","ping_status":"","sticky":false,"template":"","format":"standard","meta":{"footnotes":""},"categories":[1],"tags":[],"class_list":["post-2058","post","type-post","status-publish","format-standard","has-post-thumbnail","hentry","category-uncategorized"],"blocksy_meta":[],"_links":{"self":[{"href":"https:\/\/foto.art.br\/site\/wp-json\/wp\/v2\/posts\/2058","targetHints":{"allow":["GET"]}}],"collection":[{"href":"https:\/\/foto.art.br\/site\/wp-json\/wp\/v2\/posts"}],"about":[{"href":"https:\/\/foto.art.br\/site\/wp-json\/wp\/v2\/types\/post"}],"author":[{"embeddable":true,"href":"https:\/\/foto.art.br\/site\/wp-json\/wp\/v2\/users\/1"}],"replies":[{"embeddable":true,"href":"https:\/\/foto.art.br\/site\/wp-json\/wp\/v2\/comments?post=2058"}],"version-history":[{"count":0,"href":"https:\/\/foto.art.br\/site\/wp-json\/wp\/v2\/posts\/2058\/revisions"}],"wp:featuredmedia":[{"embeddable":true,"href":"https:\/\/foto.art.br\/site\/wp-json\/wp\/v2\/media\/2061"}],"wp:attachment":[{"href":"https:\/\/foto.art.br\/site\/wp-json\/wp\/v2\/media?parent=2058"}],"wp:term":[{"taxonomy":"category","embeddable":true,"href":"https:\/\/foto.art.br\/site\/wp-json\/wp\/v2\/categories?post=2058"},{"taxonomy":"post_tag","embeddable":true,"href":"https:\/\/foto.art.br\/site\/wp-json\/wp\/v2\/tags?post=2058"}],"curies":[{"name":"wp","href":"https:\/\/api.w.org\/{rel}","templated":true}]}}