{"id":2076,"date":"2025-06-15T08:05:57","date_gmt":"2025-06-15T11:05:57","guid":{"rendered":"https:\/\/foto.art.br\/site\/?p=2076"},"modified":"2025-06-15T09:25:24","modified_gmt":"2025-06-15T12:25:24","slug":"joao-saidler-e-sua-fotografia-artesanal","status":"publish","type":"post","link":"https:\/\/foto.art.br\/site\/2025\/06\/15\/joao-saidler-e-sua-fotografia-artesanal\/","title":{"rendered":"Jo\u00e3o Saidler e sua fotografia artesanal"},"content":{"rendered":"\n<figure class=\"wp-block-image size-full\"><img loading=\"lazy\" decoding=\"async\" width=\"400\" height=\"400\" src=\"https:\/\/foto.art.br\/site\/wp-content\/uploads\/2025\/06\/Joao-Saidler-400.jpg\" alt=\"\" class=\"wp-image-2086\" srcset=\"https:\/\/foto.art.br\/site\/wp-content\/uploads\/2025\/06\/Joao-Saidler-400.jpg 400w, https:\/\/foto.art.br\/site\/wp-content\/uploads\/2025\/06\/Joao-Saidler-400-300x300.jpg 300w, https:\/\/foto.art.br\/site\/wp-content\/uploads\/2025\/06\/Joao-Saidler-400-150x150.jpg 150w\" sizes=\"auto, (max-width: 400px) 100vw, 400px\" \/><\/figure>\n\n\n\n<p>H\u00e1bil artes\u00e3o da fotografia Jo\u00e3o Saidler constr\u00f3i suas c\u00e2meras com grande refinamento,\u00a0 usando materiais simples faz diafragma, obturador, aperfei\u00e7oando t\u00e9cnicas de laborat\u00f3rio produz imagens de grande qualidade !<\/p>\n\n\n\n<figure class=\"wp-block-image size-full\"><img loading=\"lazy\" decoding=\"async\" width=\"550\" height=\"827\" src=\"https:\/\/foto.art.br\/site\/wp-content\/uploads\/2025\/06\/4.webp\" alt=\"\" class=\"wp-image-2090\" srcset=\"https:\/\/foto.art.br\/site\/wp-content\/uploads\/2025\/06\/4.webp 550w, https:\/\/foto.art.br\/site\/wp-content\/uploads\/2025\/06\/4-200x300.webp 200w\" sizes=\"auto, (max-width: 550px) 100vw, 550px\" \/><\/figure>\n\n\n\n<figure class=\"wp-block-image size-large\"><img loading=\"lazy\" decoding=\"async\" width=\"1024\" height=\"576\" src=\"https:\/\/foto.art.br\/site\/wp-content\/uploads\/2025\/06\/maxresdefault-1024x576.jpg\" alt=\"\" class=\"wp-image-2087\" srcset=\"https:\/\/foto.art.br\/site\/wp-content\/uploads\/2025\/06\/maxresdefault-1024x576.jpg 1024w, https:\/\/foto.art.br\/site\/wp-content\/uploads\/2025\/06\/maxresdefault-300x169.jpg 300w, https:\/\/foto.art.br\/site\/wp-content\/uploads\/2025\/06\/maxresdefault-768x432.jpg 768w, https:\/\/foto.art.br\/site\/wp-content\/uploads\/2025\/06\/maxresdefault.jpg 1280w\" sizes=\"auto, (max-width: 1024px) 100vw, 1024px\" \/><\/figure>\n\n\n\n<p><br>Procura usar no laborat\u00f3rio processos ambientalmente\u00a0 sustent\u00e1veis com grande efici\u00eancia.<br>Com lente de lupa e filme de Raio-x faz diapositivos em est\u00fadio, com flash, retratos.<br>Com seu trabalho participa de atividades educativas e culturais em diversos eventos. <\/p>\n\n\n\n<figure class=\"wp-block-image size-full\"><img loading=\"lazy\" decoding=\"async\" width=\"860\" height=\"570\" src=\"https:\/\/foto.art.br\/site\/wp-content\/uploads\/2025\/06\/OFICINA-JOAO-SAIDLER-Acervo-Joao-Saidler-860x570-1.jpg\" alt=\"\" class=\"wp-image-2088\" srcset=\"https:\/\/foto.art.br\/site\/wp-content\/uploads\/2025\/06\/OFICINA-JOAO-SAIDLER-Acervo-Joao-Saidler-860x570-1.jpg 860w, https:\/\/foto.art.br\/site\/wp-content\/uploads\/2025\/06\/OFICINA-JOAO-SAIDLER-Acervo-Joao-Saidler-860x570-1-300x199.jpg 300w, https:\/\/foto.art.br\/site\/wp-content\/uploads\/2025\/06\/OFICINA-JOAO-SAIDLER-Acervo-Joao-Saidler-860x570-1-768x509.jpg 768w\" sizes=\"auto, (max-width: 860px) 100vw, 860px\" \/><\/figure>\n\n\n\n<p><br>Conforme afirma em seu site &#8211; &#8220;Fa\u00e7o as minhas fotos usando apenas o que posso construir em casa&#8221;<\/p>\n\n\n\n<p>Vale a pena acompanhar seu trabalho:<\/p>\n\n\n\n<p><a href=\"https:\/\/jsaidlerfotografia.com.br\" target=\"_blank\" rel=\"noreferrer noopener\">https:\/\/jsaidlerfotografia.com.br<\/a><\/p>\n\n\n\n<p><\/p>\n\n\n\n<p><a href=\"https:\/\/www.instagram.com\/jsaidlerfotografia\/\" target=\"_blank\" rel=\"noreferrer noopener\">https:\/\/www.instagram.com\/jsaidlerfotografia\/<\/a><\/p>\n\n\n\n<p><\/p>\n\n\n\n<p>Criou tamb\u00e9m o  projeto CAM<em>\u21cb<\/em>LAB para constru\u00e7\u00e3o de c\u00e2mera em 3d<\/p>\n\n\n\n<figure class=\"wp-block-image size-large\"><img loading=\"lazy\" decoding=\"async\" width=\"1024\" height=\"581\" src=\"https:\/\/foto.art.br\/site\/wp-content\/uploads\/2025\/06\/camera-1024x581.webp\" alt=\"\" class=\"wp-image-2085\" srcset=\"https:\/\/foto.art.br\/site\/wp-content\/uploads\/2025\/06\/camera-1024x581.webp 1024w, https:\/\/foto.art.br\/site\/wp-content\/uploads\/2025\/06\/camera-300x170.webp 300w, https:\/\/foto.art.br\/site\/wp-content\/uploads\/2025\/06\/camera-768x436.webp 768w, https:\/\/foto.art.br\/site\/wp-content\/uploads\/2025\/06\/camera.webp 1410w\" sizes=\"auto, (max-width: 1024px) 100vw, 1024px\" \/><\/figure>\n\n\n\n<p><a href=\"https:\/\/lab-cam.jsaidlerfotografia.com.br\" target=\"_blank\" rel=\"noreferrer noopener\">https:\/\/lab-cam.jsaidlerfotografia.com.br<\/a><\/p>\n\n\n\n<p><\/p>\n","protected":false},"excerpt":{"rendered":"<p>H\u00e1bil artes\u00e3o da fotografia Jo\u00e3o Saidler constr\u00f3i suas c\u00e2meras com grande refinamento,\u00a0 usando materiais simples faz diafragma, obturador, aperfei\u00e7oando t\u00e9cnicas de laborat\u00f3rio produz imagens de grande qualidade ! Procura usar no laborat\u00f3rio processos ambientalmente\u00a0 sustent\u00e1veis com grande efici\u00eancia.Com lente de lupa e filme de Raio-x faz diapositivos em est\u00fadio, com flash, retratos.Com seu trabalho participa [&hellip;]<\/p>\n","protected":false},"author":1,"featured_media":2086,"comment_status":"closed","ping_status":"","sticky":false,"template":"","format":"standard","meta":{"footnotes":""},"categories":[12,13],"tags":[],"class_list":["post-2076","post","type-post","status-publish","format-standard","has-post-thumbnail","hentry","category-pessoas","category-tecnicas"],"blocksy_meta":[],"_links":{"self":[{"href":"https:\/\/foto.art.br\/site\/wp-json\/wp\/v2\/posts\/2076","targetHints":{"allow":["GET"]}}],"collection":[{"href":"https:\/\/foto.art.br\/site\/wp-json\/wp\/v2\/posts"}],"about":[{"href":"https:\/\/foto.art.br\/site\/wp-json\/wp\/v2\/types\/post"}],"author":[{"embeddable":true,"href":"https:\/\/foto.art.br\/site\/wp-json\/wp\/v2\/users\/1"}],"replies":[{"embeddable":true,"href":"https:\/\/foto.art.br\/site\/wp-json\/wp\/v2\/comments?post=2076"}],"version-history":[{"count":0,"href":"https:\/\/foto.art.br\/site\/wp-json\/wp\/v2\/posts\/2076\/revisions"}],"wp:featuredmedia":[{"embeddable":true,"href":"https:\/\/foto.art.br\/site\/wp-json\/wp\/v2\/media\/2086"}],"wp:attachment":[{"href":"https:\/\/foto.art.br\/site\/wp-json\/wp\/v2\/media?parent=2076"}],"wp:term":[{"taxonomy":"category","embeddable":true,"href":"https:\/\/foto.art.br\/site\/wp-json\/wp\/v2\/categories?post=2076"},{"taxonomy":"post_tag","embeddable":true,"href":"https:\/\/foto.art.br\/site\/wp-json\/wp\/v2\/tags?post=2076"}],"curies":[{"name":"wp","href":"https:\/\/api.w.org\/{rel}","templated":true}]}}