{"id":2180,"date":"2025-07-03T18:24:15","date_gmt":"2025-07-03T21:24:15","guid":{"rendered":"https:\/\/foto.art.br\/site\/?p=2180"},"modified":"2025-07-03T18:24:15","modified_gmt":"2025-07-03T21:24:15","slug":"aquem-de-antonio-joffily","status":"publish","type":"post","link":"https:\/\/foto.art.br\/site\/2025\/07\/03\/aquem-de-antonio-joffily\/","title":{"rendered":"Aqu\u00e9m, de Ant\u00f4nio Joffily"},"content":{"rendered":"\n<figure class=\"wp-block-image size-large\"><img loading=\"lazy\" decoding=\"async\" width=\"819\" height=\"1024\" src=\"https:\/\/foto.art.br\/site\/wp-content\/uploads\/2025\/07\/515017172_18326833204207315_3292447815073125736_n-819x1024.jpg\" alt=\"\" class=\"wp-image-2182\" srcset=\"https:\/\/foto.art.br\/site\/wp-content\/uploads\/2025\/07\/515017172_18326833204207315_3292447815073125736_n-819x1024.jpg 819w, https:\/\/foto.art.br\/site\/wp-content\/uploads\/2025\/07\/515017172_18326833204207315_3292447815073125736_n-240x300.jpg 240w, https:\/\/foto.art.br\/site\/wp-content\/uploads\/2025\/07\/515017172_18326833204207315_3292447815073125736_n-768x961.jpg 768w, https:\/\/foto.art.br\/site\/wp-content\/uploads\/2025\/07\/515017172_18326833204207315_3292447815073125736_n-100x125.jpg 100w, https:\/\/foto.art.br\/site\/wp-content\/uploads\/2025\/07\/515017172_18326833204207315_3292447815073125736_n-1228x1536.jpg 1228w, https:\/\/foto.art.br\/site\/wp-content\/uploads\/2025\/07\/515017172_18326833204207315_3292447815073125736_n.jpg 1440w\" sizes=\"auto, (max-width: 819px) 100vw, 819px\" \/><\/figure>\n\n\n\n<p>\u201cImagens que emergem da terra, formadas pelo p\u00f3. F\u00f3sseis do tempo e da luz.\u201d(trecho do texto curatorial de Ruth Sousa e Atila Regiani)<\/p>\n\n\n\n<p>A <a><\/a>exposi\u00e7\u00e3o Aqu\u00e9m, de Ant\u00f4nio Joffily, convida o p\u00fablico a mergulhar em suas imagens que abordam temas como a morte, o apagamento e a perman\u00eancia. Suas fotografias foram reveladas manualmente utilizando como pigmento terra coletada na cidade natal do artista, em um processo fotogr\u00e1fico experimental que ele recriou a partir de uma t\u00e9cnica hist\u00f3rica do s\u00e9c.XIX, a goma bicromatada.<\/p>\n\n\n\n<p>Ant\u00f4nio \u00e9 mineiro e mora em Bras\u00edlia desde 1962. Em 1974 graduou-se em Engenharia El\u00e9trica e em 2019 em Artes pl\u00e1sticas, ambos pela Universidade de Bras\u00edlia. Participa do projeto de pesquisa e extens\u00e3o LAFA (coordena\u00e7\u00e3o de Ruth Sousa) desde 2022. Neste, foi aluno de diversos cursos como goma bicromatada em policromia e monocromia, cianotipia, marrom van dyke, dentre outros. Posteriormente, foi incorporado como pesquisador neste projeto tendo desenvolvido nos \u00faltimos anos pesquisa sobre o uso de pigmentos naturais para fazer gomas bicromatadas, sob orienta\u00e7\u00e3o de Ruth Sousa.<\/p>\n\n\n\n<p>Abertura: 7 de julho, \u00e0s 19h<br>Visita\u00e7\u00e3o: 8 de julho a 18 de agosto<br>Segunda a sexta, das 8h \u00e0s 18h<br>Galeria Acervo \u2013 Casa da Cultura da Am\u00e9rica Latina (CAL\/UnB)<\/p>\n\n\n\n<p>Ant\u00f4nio Joffily <a href=\"https:\/\/l.facebook.com\/l.php?u=https%3A%2F%2Fwww.instagram.com%2F_u%2Fantoniojoffily%3Ffbclid%3DIwZXh0bgNhZW0CMTAAYnJpZBExdkt3cnNSVno4cVZ5Y0ZpUgEePT0LypMkscEWVfZO-qmlPnQeAVo6fmmL4qfRYOV0RhUkG5DpK1RsGVb_LpU_aem_v8Z059ksPyX6x8p_I9b9FQ&amp;h=AT3ZxRQD7-ZhA-iIcO2n0IpEkjExw0dcHb0h7ifSymdqAE2r5ZTWI4VhvSAQVVgOsL9M_K1z7erGaQ_TRuacQMk-70Z5IEKaKePcLw2dpjt1_VSJpwF2xjZO0uFxxp4hJYtr&amp;__tn__=-UK-R&amp;c[0]=AT3FH_eOPKCvfqfVMFA5wMHiH24W9cQiWPNIjIttXgpW6nG0gajU-jARI58rZyuFtHL2sJtrY2CRF2aGguk9Lp5SnfK_7PRwevHaQLYbRg19CJgWTdhL_Z94WuDYGT3vjnFmrBTIT1UVEO49w0V48DNk-cg2pjCadRRlbuqOEyGVrQ4-EJ48Gxs5-p9WIioXz7vmxOLXAittAon-UFR-ggx54ofG\" rel=\"noreferrer noopener\" target=\"_blank\">@antoniojoffily<\/a><\/p>\n\n\n\n<p><\/p>\n\n\n\n<p>Essa exposi\u00e7\u00e3o \u00e9 integrante da programa\u00e7\u00e3o do evento de Extens\u00e3o IdA Cultural organizado pelo Colegiado de Extens\u00e3o do IdA. Curadoria: Ruth Sousa e Atila Regiani<br>Realiza\u00e7\u00e3o: Ida Cultural<br>Apoio: DDC e CAL<\/p>\n","protected":false},"excerpt":{"rendered":"<p>\u201cImagens que emergem da terra, formadas pelo p\u00f3. F\u00f3sseis do tempo e da luz.\u201d(trecho do texto curatorial de Ruth Sousa e Atila Regiani) A exposi\u00e7\u00e3o Aqu\u00e9m, de Ant\u00f4nio Joffily, convida o p\u00fablico a mergulhar em suas imagens que abordam temas como a morte, o apagamento e a perman\u00eancia. Suas fotografias foram reveladas manualmente utilizando como [&hellip;]<\/p>\n","protected":false},"author":1,"featured_media":2182,"comment_status":"closed","ping_status":"","sticky":false,"template":"","format":"standard","meta":{"footnotes":""},"categories":[1,12,13],"tags":[],"class_list":["post-2180","post","type-post","status-publish","format-standard","has-post-thumbnail","hentry","category-uncategorized","category-pessoas","category-tecnicas"],"blocksy_meta":[],"_links":{"self":[{"href":"https:\/\/foto.art.br\/site\/wp-json\/wp\/v2\/posts\/2180","targetHints":{"allow":["GET"]}}],"collection":[{"href":"https:\/\/foto.art.br\/site\/wp-json\/wp\/v2\/posts"}],"about":[{"href":"https:\/\/foto.art.br\/site\/wp-json\/wp\/v2\/types\/post"}],"author":[{"embeddable":true,"href":"https:\/\/foto.art.br\/site\/wp-json\/wp\/v2\/users\/1"}],"replies":[{"embeddable":true,"href":"https:\/\/foto.art.br\/site\/wp-json\/wp\/v2\/comments?post=2180"}],"version-history":[{"count":0,"href":"https:\/\/foto.art.br\/site\/wp-json\/wp\/v2\/posts\/2180\/revisions"}],"wp:featuredmedia":[{"embeddable":true,"href":"https:\/\/foto.art.br\/site\/wp-json\/wp\/v2\/media\/2182"}],"wp:attachment":[{"href":"https:\/\/foto.art.br\/site\/wp-json\/wp\/v2\/media?parent=2180"}],"wp:term":[{"taxonomy":"category","embeddable":true,"href":"https:\/\/foto.art.br\/site\/wp-json\/wp\/v2\/categories?post=2180"},{"taxonomy":"post_tag","embeddable":true,"href":"https:\/\/foto.art.br\/site\/wp-json\/wp\/v2\/tags?post=2180"}],"curies":[{"name":"wp","href":"https:\/\/api.w.org\/{rel}","templated":true}]}}