{"id":2188,"date":"2025-08-31T10:35:33","date_gmt":"2025-08-31T13:35:33","guid":{"rendered":"https:\/\/foto.art.br\/site\/?p=2188"},"modified":"2025-08-31T10:35:33","modified_gmt":"2025-08-31T13:35:33","slug":"anais-tondeur","status":"publish","type":"post","link":"https:\/\/foto.art.br\/site\/2025\/08\/31\/anais-tondeur\/","title":{"rendered":"Ana\u00efs Tondeur"},"content":{"rendered":"\n<figure class=\"wp-block-image size-full\"><img loading=\"lazy\" decoding=\"async\" width=\"848\" height=\"848\" src=\"https:\/\/foto.art.br\/site\/wp-content\/uploads\/2025\/07\/aaa.jpg\" alt=\"\" class=\"wp-image-2191\" srcset=\"https:\/\/foto.art.br\/site\/wp-content\/uploads\/2025\/07\/aaa.jpg 848w, https:\/\/foto.art.br\/site\/wp-content\/uploads\/2025\/07\/aaa-300x300.jpg 300w, https:\/\/foto.art.br\/site\/wp-content\/uploads\/2025\/07\/aaa-150x150.jpg 150w, https:\/\/foto.art.br\/site\/wp-content\/uploads\/2025\/07\/aaa-768x768.jpg 768w, https:\/\/foto.art.br\/site\/wp-content\/uploads\/2025\/07\/aaa-100x100.jpg 100w\" sizes=\"auto, (max-width: 848px) 100vw, 848px\" \/><\/figure>\n\n\n\n<p>Ana\u00efs se identifica como artista e pesquisadora. Articula ambientalismo e t\u00e9cnicas fotogr\u00e1ficas experimentais na constru\u00e7\u00e3o de um discurso pol\u00edtico.<\/p>\n\n\n\n<p>Nascida na Fran\u00e7a, estudou na Inglaterra, radicada em Paris, trabalha com pesquisas na \u00e1rea ambiental envolvendo processos fotogr\u00e1ficos. Seu trabalho apresenta uma profunda conex\u00e3o entre a t\u00e9cnica e a tem\u00e1tica abordada.<\/p>\n\n\n\n<p><strong>FIORI DI FUOCO<\/strong><\/p>\n\n\n\n<figure class=\"wp-block-image size-large\"><img loading=\"lazy\" decoding=\"async\" width=\"683\" height=\"1024\" src=\"https:\/\/foto.art.br\/site\/wp-content\/uploads\/2025\/08\/Phytographie2024_8-683x1024.webp\" alt=\"\" class=\"wp-image-2337\" srcset=\"https:\/\/foto.art.br\/site\/wp-content\/uploads\/2025\/08\/Phytographie2024_8-683x1024.webp 683w, https:\/\/foto.art.br\/site\/wp-content\/uploads\/2025\/08\/Phytographie2024_8-200x300.webp 200w, https:\/\/foto.art.br\/site\/wp-content\/uploads\/2025\/08\/Phytographie2024_8-768x1152.webp 768w, https:\/\/foto.art.br\/site\/wp-content\/uploads\/2025\/08\/Phytographie2024_8-100x150.webp 100w, https:\/\/foto.art.br\/site\/wp-content\/uploads\/2025\/08\/Phytographie2024_8-1024x1536.webp 1024w, https:\/\/foto.art.br\/site\/wp-content\/uploads\/2025\/08\/Phytographie2024_8-1365x2048.webp 1365w, https:\/\/foto.art.br\/site\/wp-content\/uploads\/2025\/08\/Phytographie2024_8-scaled.webp 1706w\" sizes=\"auto, (max-width: 683px) 100vw, 683px\" \/><\/figure>\n\n\n\n<p>Segundo bot\u00e2nicos, as plantas produzem em excesso uma mol\u00e9cula conhecida como fenol quando crescem em solos altamente polu\u00eddos. Por meio do gesto fotogr\u00e1fico, Ana\u00efs Tondeur coleta esse excesso de fenol usando um processo conhecido como fitografia. Sem extrair as plantas do solo, ela usa luz solar para expor seus corpos e de uma rea\u00e7\u00e3o qu\u00edmica natural entre as mol\u00e9culas fen\u00f3licas e a superf\u00edcie fotossens\u00edvel \u2013 um papel ou tecido coletado de aterros sanit\u00e1rios e fotossensibilizado \u00e0 luz.<\/p>\n\n\n\n<p><strong>CHERNOBYL HERBARIUM<\/strong><\/p>\n\n\n\n<figure class=\"wp-block-image size-large\"><img loading=\"lazy\" decoding=\"async\" width=\"683\" height=\"1024\" src=\"https:\/\/foto.art.br\/site\/wp-content\/uploads\/2025\/08\/GeraniumChinumChernobylHerbariumPhotogramGicleePrintonRAGPaper24-36cmATONDEUR-683x1024.webp\" alt=\"\" class=\"wp-image-2339\" srcset=\"https:\/\/foto.art.br\/site\/wp-content\/uploads\/2025\/08\/GeraniumChinumChernobylHerbariumPhotogramGicleePrintonRAGPaper24-36cmATONDEUR-683x1024.webp 683w, https:\/\/foto.art.br\/site\/wp-content\/uploads\/2025\/08\/GeraniumChinumChernobylHerbariumPhotogramGicleePrintonRAGPaper24-36cmATONDEUR-200x300.webp 200w, https:\/\/foto.art.br\/site\/wp-content\/uploads\/2025\/08\/GeraniumChinumChernobylHerbariumPhotogramGicleePrintonRAGPaper24-36cmATONDEUR-768x1152.webp 768w, https:\/\/foto.art.br\/site\/wp-content\/uploads\/2025\/08\/GeraniumChinumChernobylHerbariumPhotogramGicleePrintonRAGPaper24-36cmATONDEUR-100x150.webp 100w, https:\/\/foto.art.br\/site\/wp-content\/uploads\/2025\/08\/GeraniumChinumChernobylHerbariumPhotogramGicleePrintonRAGPaper24-36cmATONDEUR.webp 1000w\" sizes=\"auto, (max-width: 683px) 100vw, 683px\" \/><\/figure>\n\n\n\n<p>Este projeto \u00e9 composto por um raiograma por ano transcorrido desde a explos\u00e3o, criado pela impress\u00e3o direta de esp\u00e9cimes de um herb\u00e1rio radioativo em placas fotossens\u00edveis. Essas plantas cresceram nos solos da Zona de Exclus\u00e3o de Chernobyl e foram estudadas pela equipe do biogeneticista Martin Hajduch, que analisa os impactos da radioatividade na flora.<\/p>\n\n\n\n<p>Como em outros projetos, ela se baseia na fragilidade dos prim\u00f3rdios da fotografia, especialmente da impress\u00e3o fotografica de contato. No Herb\u00e1rio de Chernobyl, as imagens s\u00e3o obtidas por meio de um processo tradicional de raiograma, mas o c\u00e9sio-137 e o estr\u00f4ncio-90, que inervam a planta, contribuem para a cria\u00e7\u00e3o de sua impress\u00e3o na placa fotossens\u00edvel. Esses raiogramas radioativos s\u00e3o, portanto, armazenados em uma caixa de chumbo no por\u00e3o de um laborat\u00f3rio.<\/p>\n\n\n\n<p><strong>NOIR DE CARBONE<\/strong><\/p>\n\n\n\n<p>Espectros de nossas sociedades industrializadas, essas part\u00edculas de carbono negro s\u00e3o produzidas principalmente pela combust\u00e3o incompleta de hidrocarbonetos. Essas part\u00edculas finas s\u00e3o dispersas pelo vento, flutuando ao longo das correntes atmosf\u00e9ricas em quest\u00e3o de dias, antes de ca\u00edrem a centenas de quil\u00f4metros de seu ponto de emiss\u00e3o. Essas part\u00edculas de tamanho microm\u00e9trico n\u00e3o conhecem limites geogr\u00e1ficos, assim como n\u00e3o conhecem limites entre o interior e o exterior de nossos corpos, causando milh\u00f5es de mortes por ano. Assim, em uma esp\u00e9cie de mapeamento profundo, ela seguiu o rastro de um desses fluxos invis\u00edveis a partir da ilha de Fair. Ao chegar ao recife, uma das ilhas mais remotas da Europa, ela enviou suas coordenadas geogr\u00e1ficas aos f\u00edsicos atmosf\u00e9ricos Rita van Dingenen e Jean-Philippe Putaud (JRC, Comiss\u00e3o Europeia), que identificaram o ponto de emiss\u00e3o das part\u00edculas de carbono negro cruzando o c\u00e9u que ela respirava. O material particulado havia sido emitido no porto de Folkestone, a 1.340 quil\u00f4metros de dist\u00e2ncia.<\/p>\n\n\n\n<p>Equipada com uma c\u00e2mera e uma nova m\u00e1scara FFP2 todos os dias, ela retra\u00e7ava a trajet\u00f3ria dessas part\u00edculas por terra e mar. Ela registrava cada dia da expedi\u00e7\u00e3o na forma de um retrato do c\u00e9u, tirado de um ponto alto da paisagem para captar detalhes da linha do horizonte, localizando assim o local.<\/p>\n\n\n\n<figure class=\"wp-block-image size-large\"><img loading=\"lazy\" decoding=\"async\" width=\"1024\" height=\"683\" src=\"https:\/\/foto.art.br\/site\/wp-content\/uploads\/2025\/08\/1_ATondeur_Noirdecarbone_masks-1024x683.webp\" alt=\"\" class=\"wp-image-2341\" srcset=\"https:\/\/foto.art.br\/site\/wp-content\/uploads\/2025\/08\/1_ATondeur_Noirdecarbone_masks-1024x683.webp 1024w, https:\/\/foto.art.br\/site\/wp-content\/uploads\/2025\/08\/1_ATondeur_Noirdecarbone_masks-300x200.webp 300w, https:\/\/foto.art.br\/site\/wp-content\/uploads\/2025\/08\/1_ATondeur_Noirdecarbone_masks-768x513.webp 768w, https:\/\/foto.art.br\/site\/wp-content\/uploads\/2025\/08\/1_ATondeur_Noirdecarbone_masks-100x67.webp 100w, https:\/\/foto.art.br\/site\/wp-content\/uploads\/2025\/08\/1_ATondeur_Noirdecarbone_masks.webp 1500w\" sizes=\"auto, (max-width: 1024px) 100vw, 1024px\" \/><\/figure>\n\n\n\n<p>Paralelamente, ela filtrava as part\u00edculas de carbono negro que encontrava atrav\u00e9s de m\u00e1scaras respirat\u00f3rias. As part\u00edculas eram posteriormente extra\u00eddas e transformadas em tinta. Na verdade, o carbono negro \u00e9 uma forma colateral da fuligem, usada h\u00e1 s\u00e9culos como o principal componente da tinta preta.<\/p>\n\n\n\n<figure class=\"wp-block-image size-large\"><img loading=\"lazy\" decoding=\"async\" width=\"1024\" height=\"683\" src=\"https:\/\/foto.art.br\/site\/wp-content\/uploads\/2025\/08\/15_ATondeur_CarbonBlack_Folkestone-1024x683.webp\" alt=\"\" class=\"wp-image-2342\" srcset=\"https:\/\/foto.art.br\/site\/wp-content\/uploads\/2025\/08\/15_ATondeur_CarbonBlack_Folkestone-1024x683.webp 1024w, https:\/\/foto.art.br\/site\/wp-content\/uploads\/2025\/08\/15_ATondeur_CarbonBlack_Folkestone-300x200.webp 300w, https:\/\/foto.art.br\/site\/wp-content\/uploads\/2025\/08\/15_ATondeur_CarbonBlack_Folkestone-768x513.webp 768w, https:\/\/foto.art.br\/site\/wp-content\/uploads\/2025\/08\/15_ATondeur_CarbonBlack_Folkestone-100x67.webp 100w, https:\/\/foto.art.br\/site\/wp-content\/uploads\/2025\/08\/15_ATondeur_CarbonBlack_Folkestone.webp 1500w\" sizes=\"auto, (max-width: 1024px) 100vw, 1024px\" \/><\/figure>\n\n\n\n<p>A impress\u00e3o das imagens \u00e9 feita pela t\u00e9cnica de Carbon Print.<\/p>\n\n\n\n<p><\/p>\n\n\n\n<p><em>Ana\u00efs Tondeur est\u00e1 construindo uma nova forma de arte pol\u00edtica. Em vez de buscar restaurar as utopias estilha\u00e7adas de ontem, ela se envolve com o mundo tanto pol\u00edtica quanto concretamente\u2026 &#8220;Cuidar da ferida do mundo para repens\u00e1-lo melhor e reincluir os humanos, juntamente com os outros \u2014 animais, plantas, rochas, \u00e1guas \u2014 \u00e9 um dos fundamentos da cria\u00e7\u00e3o de Tondeur.&#8221;<br>Annick Bureaud, ArtPress<\/em><\/p>\n\n\n\n<p><\/p>\n\n\n\n<p><a href=\"https:\/\/anaistondeur.com\" target=\"_blank\" rel=\"noreferrer noopener\">https:\/\/anaistondeur.com<\/a><\/p>\n\n\n\n<p><a href=\"https:\/\/www.instagram.com\/p\/DKhN-m4NIqX\" target=\"_blank\" rel=\"noreferrer noopener\">https:\/\/www.instagram.com\/p\/DKhN-m4NIqX<\/a><\/p>\n\n\n\n<p><\/p>\n","protected":false},"excerpt":{"rendered":"<p>Ana\u00efs se identifica como artista e pesquisadora. Articula ambientalismo e t\u00e9cnicas fotogr\u00e1ficas experimentais na constru\u00e7\u00e3o de um discurso pol\u00edtico. Nascida na Fran\u00e7a, estudou na Inglaterra, radicada em Paris, trabalha com pesquisas na \u00e1rea ambiental envolvendo processos fotogr\u00e1ficos. Seu trabalho apresenta uma profunda conex\u00e3o entre a t\u00e9cnica e a tem\u00e1tica abordada. FIORI DI FUOCO Segundo bot\u00e2nicos, [&hellip;]<\/p>\n","protected":false},"author":1,"featured_media":2191,"comment_status":"closed","ping_status":"","sticky":false,"template":"","format":"standard","meta":{"footnotes":""},"categories":[12,13],"tags":[],"class_list":["post-2188","post","type-post","status-publish","format-standard","has-post-thumbnail","hentry","category-pessoas","category-tecnicas"],"blocksy_meta":[],"_links":{"self":[{"href":"https:\/\/foto.art.br\/site\/wp-json\/wp\/v2\/posts\/2188","targetHints":{"allow":["GET"]}}],"collection":[{"href":"https:\/\/foto.art.br\/site\/wp-json\/wp\/v2\/posts"}],"about":[{"href":"https:\/\/foto.art.br\/site\/wp-json\/wp\/v2\/types\/post"}],"author":[{"embeddable":true,"href":"https:\/\/foto.art.br\/site\/wp-json\/wp\/v2\/users\/1"}],"replies":[{"embeddable":true,"href":"https:\/\/foto.art.br\/site\/wp-json\/wp\/v2\/comments?post=2188"}],"version-history":[{"count":3,"href":"https:\/\/foto.art.br\/site\/wp-json\/wp\/v2\/posts\/2188\/revisions"}],"predecessor-version":[{"id":2343,"href":"https:\/\/foto.art.br\/site\/wp-json\/wp\/v2\/posts\/2188\/revisions\/2343"}],"wp:featuredmedia":[{"embeddable":true,"href":"https:\/\/foto.art.br\/site\/wp-json\/wp\/v2\/media\/2191"}],"wp:attachment":[{"href":"https:\/\/foto.art.br\/site\/wp-json\/wp\/v2\/media?parent=2188"}],"wp:term":[{"taxonomy":"category","embeddable":true,"href":"https:\/\/foto.art.br\/site\/wp-json\/wp\/v2\/categories?post=2188"},{"taxonomy":"post_tag","embeddable":true,"href":"https:\/\/foto.art.br\/site\/wp-json\/wp\/v2\/tags?post=2188"}],"curies":[{"name":"wp","href":"https:\/\/api.w.org\/{rel}","templated":true}]}}