{"id":2324,"date":"2025-08-20T15:36:26","date_gmt":"2025-08-20T18:36:26","guid":{"rendered":"https:\/\/foto.art.br\/site\/?p=2324"},"modified":"2025-08-22T15:37:04","modified_gmt":"2025-08-22T18:37:04","slug":"aparicoes-fotoquimicas","status":"publish","type":"post","link":"https:\/\/foto.art.br\/site\/2025\/08\/20\/aparicoes-fotoquimicas\/","title":{"rendered":"APARI\u00c7\u00d5ES FOTOQU\u00cdMICAS"},"content":{"rendered":"\n<figure class=\"wp-block-image size-large\"><img loading=\"lazy\" decoding=\"async\" width=\"819\" height=\"1024\" src=\"https:\/\/foto.art.br\/site\/wp-content\/uploads\/2025\/08\/lafa-819x1024.jpg\" alt=\"\" class=\"wp-image-2325\" srcset=\"https:\/\/foto.art.br\/site\/wp-content\/uploads\/2025\/08\/lafa-819x1024.jpg 819w, https:\/\/foto.art.br\/site\/wp-content\/uploads\/2025\/08\/lafa-240x300.jpg 240w, https:\/\/foto.art.br\/site\/wp-content\/uploads\/2025\/08\/lafa-768x960.jpg 768w, https:\/\/foto.art.br\/site\/wp-content\/uploads\/2025\/08\/lafa-100x125.jpg 100w, https:\/\/foto.art.br\/site\/wp-content\/uploads\/2025\/08\/lafa-1228x1536.jpg 1228w, https:\/\/foto.art.br\/site\/wp-content\/uploads\/2025\/08\/lafa.jpg 1350w\" sizes=\"auto, (max-width: 819px) 100vw, 819px\" \/><\/figure>\n\n\n\n<p>LAFA convida para exposi\u00e7\u00e3o: APARI\u00c7\u00d5ES FOTOQU\u00cdMICAS, investiga\u00e7\u00f5es fotogr\u00e1ficas do grupo. Resgate de t\u00e9cnicas fotogr\u00e1ficas hist\u00f3ricas unindo o conhecimento do s\u00e9culo <a><\/a>XIX com a contemporaneidade.<\/p>\n\n\n\n<p>Servi\u00e7o:<br>Coquetel de abertura: 18 de agosto, 18h \u00e0s 21h<br>Visita\u00e7\u00e3o: 18 de agosto a 25 de setembro<br>Segunda a sexta, das 9h \u00e0s 17h<br>Local: Galeria D\u00e9cimo | Anexo IV | C\u00e2mara dos deputados<\/p>\n\n\n\n<p>Curadoria:<br>Ruth Sousa<br>Atila Regiani<\/p>\n\n\n\n<p>Atuando como cientistas e alquimistas, os artistas criam obras com luz do sol, compostos qu\u00edmicos e elementos da natureza, como plantas do cerrado e a terra de Bras\u00edlia. Exploram temas como pol\u00edtica, sociedade, mem\u00f3ria e ancestralidade.<\/p>\n\n\n\n<p>Artistas:<\/p>\n\n\n\n<p>Amanda Ehrhardt<\/p>\n\n\n\n<p>Antonio Biancho<\/p>\n\n\n\n<p>Ant\u00f4nio Joffily<\/p>\n\n\n\n<p>Caio Sato<\/p>\n\n\n\n<p>Desa<\/p>\n\n\n\n<p>Helenice Vespasiano<\/p>\n\n\n\n<p>Isabel Se Oh<\/p>\n\n\n\n<p>Lazuli<\/p>\n\n\n\n<p>L\u00edvia Brito<\/p>\n\n\n\n<p>Luan Oliveira<\/p>\n\n\n\n<p>Luana Lleras<\/p>\n\n\n\n<p>N\u00e1rmada Sugasti<\/p>\n\n\n\n<p>Nayara Gon\u00e7alves de Souza<\/p>\n\n\n\n<p>Rinaldo Morelli<\/p>\n\n\n\n<p>Rosa Luz<\/p>\n\n\n\n<p>Ruth Sousa<\/p>\n\n\n\n<p>T\u00e9lio Luiz<\/p>\n\n\n\n<p>Thales Lima<\/p>\n","protected":false},"excerpt":{"rendered":"<p>LAFA convida para exposi\u00e7\u00e3o: APARI\u00c7\u00d5ES FOTOQU\u00cdMICAS, investiga\u00e7\u00f5es fotogr\u00e1ficas do grupo. Resgate de t\u00e9cnicas fotogr\u00e1ficas hist\u00f3ricas unindo o conhecimento do s\u00e9culo XIX com a contemporaneidade. Servi\u00e7o:Coquetel de abertura: 18 de agosto, 18h \u00e0s 21hVisita\u00e7\u00e3o: 18 de agosto a 25 de setembroSegunda a sexta, das 9h \u00e0s 17hLocal: Galeria D\u00e9cimo | Anexo IV | C\u00e2mara dos deputados [&hellip;]<\/p>\n","protected":false},"author":1,"featured_media":2325,"comment_status":"closed","ping_status":"closed","sticky":false,"template":"","format":"standard","meta":{"footnotes":""},"categories":[1,12,13],"tags":[],"class_list":["post-2324","post","type-post","status-publish","format-standard","has-post-thumbnail","hentry","category-uncategorized","category-pessoas","category-tecnicas"],"blocksy_meta":[],"_links":{"self":[{"href":"https:\/\/foto.art.br\/site\/wp-json\/wp\/v2\/posts\/2324","targetHints":{"allow":["GET"]}}],"collection":[{"href":"https:\/\/foto.art.br\/site\/wp-json\/wp\/v2\/posts"}],"about":[{"href":"https:\/\/foto.art.br\/site\/wp-json\/wp\/v2\/types\/post"}],"author":[{"embeddable":true,"href":"https:\/\/foto.art.br\/site\/wp-json\/wp\/v2\/users\/1"}],"replies":[{"embeddable":true,"href":"https:\/\/foto.art.br\/site\/wp-json\/wp\/v2\/comments?post=2324"}],"version-history":[{"count":1,"href":"https:\/\/foto.art.br\/site\/wp-json\/wp\/v2\/posts\/2324\/revisions"}],"predecessor-version":[{"id":2326,"href":"https:\/\/foto.art.br\/site\/wp-json\/wp\/v2\/posts\/2324\/revisions\/2326"}],"wp:featuredmedia":[{"embeddable":true,"href":"https:\/\/foto.art.br\/site\/wp-json\/wp\/v2\/media\/2325"}],"wp:attachment":[{"href":"https:\/\/foto.art.br\/site\/wp-json\/wp\/v2\/media?parent=2324"}],"wp:term":[{"taxonomy":"category","embeddable":true,"href":"https:\/\/foto.art.br\/site\/wp-json\/wp\/v2\/categories?post=2324"},{"taxonomy":"post_tag","embeddable":true,"href":"https:\/\/foto.art.br\/site\/wp-json\/wp\/v2\/tags?post=2324"}],"curies":[{"name":"wp","href":"https:\/\/api.w.org\/{rel}","templated":true}]}}