{"id":2327,"date":"2025-08-26T18:10:10","date_gmt":"2025-08-26T21:10:10","guid":{"rendered":"https:\/\/foto.art.br\/site\/?p=2327"},"modified":"2025-08-26T18:10:10","modified_gmt":"2025-08-26T21:10:10","slug":"convocatoria-laboratorio-de-processos-fotograficos-historicos-do-ims","status":"publish","type":"post","link":"https:\/\/foto.art.br\/site\/2025\/08\/26\/convocatoria-laboratorio-de-processos-fotograficos-historicos-do-ims\/","title":{"rendered":"Convocat\u00f3ria Laborat\u00f3rio de Processos Fotogr\u00e1ficos Hist\u00f3ricos do IMS"},"content":{"rendered":"\n<figure class=\"wp-block-image size-large\"><img loading=\"lazy\" decoding=\"async\" width=\"819\" height=\"1024\" src=\"https:\/\/foto.art.br\/site\/wp-content\/uploads\/2025\/08\/ims-3-819x1024.jpg\" alt=\"\" class=\"wp-image-2330\" srcset=\"https:\/\/foto.art.br\/site\/wp-content\/uploads\/2025\/08\/ims-3-819x1024.jpg 819w, https:\/\/foto.art.br\/site\/wp-content\/uploads\/2025\/08\/ims-3-240x300.jpg 240w, https:\/\/foto.art.br\/site\/wp-content\/uploads\/2025\/08\/ims-3-768x960.jpg 768w, https:\/\/foto.art.br\/site\/wp-content\/uploads\/2025\/08\/ims-3-100x125.jpg 100w, https:\/\/foto.art.br\/site\/wp-content\/uploads\/2025\/08\/ims-3.jpg 1080w\" sizes=\"auto, (max-width: 819px) 100vw, 819px\" \/><\/figure>\n\n\n\n<figure class=\"wp-block-image size-large\"><img loading=\"lazy\" decoding=\"async\" width=\"819\" height=\"1024\" src=\"https:\/\/foto.art.br\/site\/wp-content\/uploads\/2025\/08\/ims-1-819x1024.jpg\" alt=\"\" class=\"wp-image-2328\" srcset=\"https:\/\/foto.art.br\/site\/wp-content\/uploads\/2025\/08\/ims-1-819x1024.jpg 819w, https:\/\/foto.art.br\/site\/wp-content\/uploads\/2025\/08\/ims-1-240x300.jpg 240w, https:\/\/foto.art.br\/site\/wp-content\/uploads\/2025\/08\/ims-1-768x960.jpg 768w, https:\/\/foto.art.br\/site\/wp-content\/uploads\/2025\/08\/ims-1-100x125.jpg 100w, https:\/\/foto.art.br\/site\/wp-content\/uploads\/2025\/08\/ims-1.jpg 1080w\" sizes=\"auto, (max-width: 819px) 100vw, 819px\" \/><\/figure>\n\n\n\n<figure class=\"wp-block-image size-large\"><img loading=\"lazy\" decoding=\"async\" width=\"819\" height=\"1024\" src=\"https:\/\/foto.art.br\/site\/wp-content\/uploads\/2025\/08\/ims-2-819x1024.jpg\" alt=\"\" class=\"wp-image-2329\" srcset=\"https:\/\/foto.art.br\/site\/wp-content\/uploads\/2025\/08\/ims-2-819x1024.jpg 819w, https:\/\/foto.art.br\/site\/wp-content\/uploads\/2025\/08\/ims-2-240x300.jpg 240w, https:\/\/foto.art.br\/site\/wp-content\/uploads\/2025\/08\/ims-2-768x960.jpg 768w, https:\/\/foto.art.br\/site\/wp-content\/uploads\/2025\/08\/ims-2-100x125.jpg 100w, https:\/\/foto.art.br\/site\/wp-content\/uploads\/2025\/08\/ims-2.jpg 1080w\" sizes=\"auto, (max-width: 819px) 100vw, 819px\" \/><\/figure>\n\n\n\n<p>O Laborat\u00f3rio de Processos Fotogr\u00e1ficos Hist\u00f3ricos do IMS abre convocat\u00f3ria para a sele\u00e7\u00e3o de 20 participantes que apresentar\u00e3o seus trabalhos no evento Processos fotogr\u00e1ficos hist\u00f3ricos: arte e educa\u00e7\u00e3o, que acontecer\u00e1 nos dias 30 de setembro e 1 de outubro, no Museu de Arte Moderna do Rio de Janeiro (@mam.rio).<\/p>\n\n\n\n<p>Buscamos pesquisadores, artistas e profissionais que desenvolvam trabalhos de pesquisa, projetos autorais e experi\u00eancias pr\u00e1ticas com processos fotogr\u00e1ficos dos s\u00e9culos XIX e XX, tais como daguerre\u00f3tipos, ferr\u00f3tipos, albuminas, platinotipias, cian\u00f3tipos, impress\u00e3o em carbono, goma bicromatada, gelatina e prata, entre outros.<\/p>\n\n\n\n<p>Dez dos selecionados ir\u00e3o se apresentar a cada dia do evento. Dentre os 20 participantes das apresenta\u00e7\u00f5es, duas pessoas ser\u00e3o selecionadas para integrar mesas especiais.<\/p>\n\n\n\n<p>A programa\u00e7\u00e3o completa do evento ser\u00e1 divulgada em breve.<\/p>\n\n\n\n<p>?? Como participar com o seu projeto<br>Envie um \u00fanico arquivo PDF para o e-mail lab@ims.com.br, contendo:<\/p>\n\n\n\n<ul class=\"wp-block-list\">\n<li>Texto com uma p\u00e1gina de extens\u00e3o descrevendo seu trabalho com processos fotogr\u00e1ficos hist\u00f3ricos.<\/li>\n\n\n\n<li>Biografia com uma p\u00e1gina de extens\u00e3o.<\/li>\n\n\n\n<li>P\u00e1ginas adicionais com amostras visuais de seus trabalhos.<\/li>\n\n\n\n<li>O PDF deve apresentar o conte\u00fado que ser\u00e1 exposto e discutido durante sua apresenta\u00e7\u00e3o.<\/li>\n<\/ul>\n\n\n\n<p>?? Inscri\u00e7\u00f5es e prazos<\/p>\n\n\n\n<ul class=\"wp-block-list\">\n<li>O prazo final para a inscri\u00e7\u00e3o de projetos \u00e9 4 de setembro de 2025.<\/li>\n\n\n\n<li>Grupos e coletivos podem participar, mas receber\u00e3o apenas uma \u00fanica ajuda de custo por projeto.<\/li>\n\n\n\n<li>A participa\u00e7\u00e3o \u00e9 gratuita, n\u00e3o h\u00e1 taxa de inscri\u00e7\u00e3o.<\/li>\n<\/ul>\n\n\n\n<p>?? Cronograma e sele\u00e7\u00e3o<\/p>\n\n\n\n<ul class=\"wp-block-list\">\n<li>Resultado da sele\u00e7\u00e3o: 8 de setembro de 2025, divulgado nos canais oficiais e redes sociais do IMS.<\/li>\n\n\n\n<li>Processo de sele\u00e7\u00e3o: Dos 20 projetos selecionados, 4 autores ser\u00e3o convidados para uma entrevista.<\/li>\n\n\n\n<li>Participa\u00e7\u00e3o nas mesas: Dentre as pessoas entrevistadas, 2 ser\u00e3o escolhidas para integrar as mesas do evento.<\/li>\n<\/ul>\n\n\n\n<p>?? Benef\u00edcios<\/p>\n\n\n\n<ul class=\"wp-block-list\">\n<li>Ajuda de custo para todos os 20 selecionados.<\/li>\n\n\n\n<li>As duas pessoas escolhidas como participantes das mesas receber\u00e3o passagem, hospedagem e per diem.<\/li>\n<\/ul>\n\n\n\n<p>?? Em caso de d\u00favidas, envie um e-mail para lab@ims.com.br<\/p>\n\n\n\n<figure class=\"wp-block-embed is-type-wp-embed is-provider-instituto-moreira-salles wp-block-embed-instituto-moreira-salles\"><div class=\"wp-block-embed__wrapper\">\n<blockquote class=\"wp-embedded-content\" data-secret=\"PD4IEfABJm\"><a href=\"https:\/\/ims.com.br\/eventos\/processos-fotograficos-historicos-arte-e-educacao-rio-de-janeiro\/\">Processos fotogr\u00e1ficos hist\u00f3ricos: arte e educa\u00e7\u00e3o<\/a><\/blockquote><iframe loading=\"lazy\" class=\"wp-embedded-content\" sandbox=\"allow-scripts\" security=\"restricted\" style=\"position: absolute; visibility: hidden;\" title=\"&#8220;Processos fotogr\u00e1ficos hist\u00f3ricos: arte e educa\u00e7\u00e3o&#8221; &#8212; Instituto Moreira Salles\" src=\"https:\/\/ims.com.br\/eventos\/processos-fotograficos-historicos-arte-e-educacao-rio-de-janeiro\/embed\/#?secret=Av6MamJiX0#?secret=PD4IEfABJm\" data-secret=\"PD4IEfABJm\" width=\"600\" height=\"338\" frameborder=\"0\" marginwidth=\"0\" marginheight=\"0\" scrolling=\"no\"><\/iframe>\n<\/div><\/figure>\n\n\n\n<p><\/p>\n","protected":false},"excerpt":{"rendered":"<p>O Laborat\u00f3rio de Processos Fotogr\u00e1ficos Hist\u00f3ricos do IMS abre convocat\u00f3ria para a sele\u00e7\u00e3o de 20 participantes que apresentar\u00e3o seus trabalhos no evento Processos fotogr\u00e1ficos hist\u00f3ricos: arte e educa\u00e7\u00e3o, que acontecer\u00e1 nos dias 30 de setembro e 1 de outubro, no Museu de Arte Moderna do Rio de Janeiro (@mam.rio). Buscamos pesquisadores, artistas e profissionais que [&hellip;]<\/p>\n","protected":false},"author":1,"featured_media":2330,"comment_status":"closed","ping_status":"","sticky":false,"template":"","format":"standard","meta":{"footnotes":""},"categories":[1],"tags":[],"class_list":["post-2327","post","type-post","status-publish","format-standard","has-post-thumbnail","hentry","category-uncategorized"],"blocksy_meta":[],"_links":{"self":[{"href":"https:\/\/foto.art.br\/site\/wp-json\/wp\/v2\/posts\/2327","targetHints":{"allow":["GET"]}}],"collection":[{"href":"https:\/\/foto.art.br\/site\/wp-json\/wp\/v2\/posts"}],"about":[{"href":"https:\/\/foto.art.br\/site\/wp-json\/wp\/v2\/types\/post"}],"author":[{"embeddable":true,"href":"https:\/\/foto.art.br\/site\/wp-json\/wp\/v2\/users\/1"}],"replies":[{"embeddable":true,"href":"https:\/\/foto.art.br\/site\/wp-json\/wp\/v2\/comments?post=2327"}],"version-history":[{"count":1,"href":"https:\/\/foto.art.br\/site\/wp-json\/wp\/v2\/posts\/2327\/revisions"}],"predecessor-version":[{"id":2331,"href":"https:\/\/foto.art.br\/site\/wp-json\/wp\/v2\/posts\/2327\/revisions\/2331"}],"wp:featuredmedia":[{"embeddable":true,"href":"https:\/\/foto.art.br\/site\/wp-json\/wp\/v2\/media\/2330"}],"wp:attachment":[{"href":"https:\/\/foto.art.br\/site\/wp-json\/wp\/v2\/media?parent=2327"}],"wp:term":[{"taxonomy":"category","embeddable":true,"href":"https:\/\/foto.art.br\/site\/wp-json\/wp\/v2\/categories?post=2327"},{"taxonomy":"post_tag","embeddable":true,"href":"https:\/\/foto.art.br\/site\/wp-json\/wp\/v2\/tags?post=2327"}],"curies":[{"name":"wp","href":"https:\/\/api.w.org\/{rel}","templated":true}]}}