{"id":2333,"date":"2025-08-28T13:34:45","date_gmt":"2025-08-28T16:34:45","guid":{"rendered":"https:\/\/foto.art.br\/site\/?p=2333"},"modified":"2025-08-28T13:34:45","modified_gmt":"2025-08-28T16:34:45","slug":"desdobramentos-35mm-buraco-de-agulha-2025","status":"publish","type":"post","link":"https:\/\/foto.art.br\/site\/2025\/08\/28\/desdobramentos-35mm-buraco-de-agulha-2025\/","title":{"rendered":"Desdobramentos 35mm &#8211; buraco de agulha 2025"},"content":{"rendered":"\n<figure class=\"wp-block-image size-large\"><img loading=\"lazy\" decoding=\"async\" width=\"1024\" height=\"774\" src=\"https:\/\/foto.art.br\/site\/wp-content\/uploads\/2025\/08\/539634420_18036847970690236_4807052489746297916_n-1024x774.jpg\" alt=\"\" class=\"wp-image-2334\" srcset=\"https:\/\/foto.art.br\/site\/wp-content\/uploads\/2025\/08\/539634420_18036847970690236_4807052489746297916_n-1024x774.jpg 1024w, https:\/\/foto.art.br\/site\/wp-content\/uploads\/2025\/08\/539634420_18036847970690236_4807052489746297916_n-300x227.jpg 300w, https:\/\/foto.art.br\/site\/wp-content\/uploads\/2025\/08\/539634420_18036847970690236_4807052489746297916_n-768x580.jpg 768w, https:\/\/foto.art.br\/site\/wp-content\/uploads\/2025\/08\/539634420_18036847970690236_4807052489746297916_n-100x76.jpg 100w, https:\/\/foto.art.br\/site\/wp-content\/uploads\/2025\/08\/539634420_18036847970690236_4807052489746297916_n.jpg 1116w\" sizes=\"auto, (max-width: 1024px) 100vw, 1024px\" \/><\/figure>\n\n\n\n<figure class=\"wp-block-image size-large\"><img loading=\"lazy\" decoding=\"async\" width=\"1024\" height=\"773\" src=\"https:\/\/foto.art.br\/site\/wp-content\/uploads\/2025\/08\/541000810_18036847973690236_4817115974599755144_n-1024x773.jpg\" alt=\"\" class=\"wp-image-2335\" srcset=\"https:\/\/foto.art.br\/site\/wp-content\/uploads\/2025\/08\/541000810_18036847973690236_4817115974599755144_n-1024x773.jpg 1024w, https:\/\/foto.art.br\/site\/wp-content\/uploads\/2025\/08\/541000810_18036847973690236_4817115974599755144_n-300x227.jpg 300w, https:\/\/foto.art.br\/site\/wp-content\/uploads\/2025\/08\/541000810_18036847973690236_4817115974599755144_n-768x580.jpg 768w, https:\/\/foto.art.br\/site\/wp-content\/uploads\/2025\/08\/541000810_18036847973690236_4817115974599755144_n-100x76.jpg 100w, https:\/\/foto.art.br\/site\/wp-content\/uploads\/2025\/08\/541000810_18036847973690236_4817115974599755144_n.jpg 1075w\" sizes=\"auto, (max-width: 1024px) 100vw, 1024px\" \/><\/figure>\n\n\n\n<p>Exposi\u00e7\u00e3o da \u00faltima edi\u00e7\u00e3o do Pinhole Day 2025 promovido pelo NiL (N\u00facleo Imagem Latente) e dos resultados obtidos na oficina da Casa de Fotografia, que surgiu a ideia de uma mostra coletiva apresentando parte dos resultados obtidos por cada um dos oito participantes. Para tanto, complementando essa produ\u00e7\u00e3o que inicialmente seria apenas com imagens em preto e branco, o grupo procurou gerar uma nova s\u00e9rie, desta vez explorando tamb\u00e9m as cores. A unidade deste trabalho coletivo est\u00e1 nas caracter\u00edsticas naturais da c\u00e2mera estenopeica\/pinhole, no uso de filme 35mm e principalmente na constru\u00e7\u00e3o\/montagem dessa c\u00e2mera, um modelo idealizado pelo fot\u00f3grafo Dirceu Mau\u00e9s. Os oito fot\u00f3grafos exploraram, cada qual ao seu modo, as diferentes possibilidades e vis\u00f5es, elevando assim a imagem fotogr\u00e1fica para al\u00e9m do que \u00e9 entendido como seu senso comum.<\/p>\n\n\n\n<p><a href=\"https:\/\/nucleoimagemlatentebh.blogspot.com\" target=\"_blank\" rel=\"noreferrer noopener\">https:\/\/nucleoimagemlatentebh.blogspot.com<\/a><\/p>\n\n\n\n<p><a href=\"https:\/\/www.facebook.com\/casadefotografia86\" target=\"_blank\" rel=\"noreferrer noopener\">https:\/\/www.facebook.com\/casadefotografia86<\/a><\/p>\n\n\n\n<p><a href=\"https:\/\/www.instagram.com\/casa.de.fotografia\" target=\"_blank\" rel=\"noreferrer noopener\">https:\/\/www.instagram.com\/casa.de.fotografia<\/a><\/p>\n\n\n\n<p><a href=\"https:\/\/www.eba.ufmg.br\/?s=espa%C3%A7o+f\" target=\"_blank\" rel=\"noreferrer noopener\">https:\/\/www.eba.ufmg.br\/?s=espa%C3%A7o+f<\/a><\/p>\n\n\n\n<p><\/p>\n","protected":false},"excerpt":{"rendered":"<p>Exposi\u00e7\u00e3o da \u00faltima edi\u00e7\u00e3o do Pinhole Day 2025 promovido pelo NiL (N\u00facleo Imagem Latente) e dos resultados obtidos na oficina da Casa de Fotografia, que surgiu a ideia de uma mostra coletiva apresentando parte dos resultados obtidos por cada um dos oito participantes. Para tanto, complementando essa produ\u00e7\u00e3o que inicialmente seria apenas com imagens em [&hellip;]<\/p>\n","protected":false},"author":1,"featured_media":2334,"comment_status":"closed","ping_status":"","sticky":false,"template":"","format":"standard","meta":{"footnotes":""},"categories":[1,12,13],"tags":[],"class_list":["post-2333","post","type-post","status-publish","format-standard","has-post-thumbnail","hentry","category-uncategorized","category-pessoas","category-tecnicas"],"blocksy_meta":[],"_links":{"self":[{"href":"https:\/\/foto.art.br\/site\/wp-json\/wp\/v2\/posts\/2333","targetHints":{"allow":["GET"]}}],"collection":[{"href":"https:\/\/foto.art.br\/site\/wp-json\/wp\/v2\/posts"}],"about":[{"href":"https:\/\/foto.art.br\/site\/wp-json\/wp\/v2\/types\/post"}],"author":[{"embeddable":true,"href":"https:\/\/foto.art.br\/site\/wp-json\/wp\/v2\/users\/1"}],"replies":[{"embeddable":true,"href":"https:\/\/foto.art.br\/site\/wp-json\/wp\/v2\/comments?post=2333"}],"version-history":[{"count":1,"href":"https:\/\/foto.art.br\/site\/wp-json\/wp\/v2\/posts\/2333\/revisions"}],"predecessor-version":[{"id":2336,"href":"https:\/\/foto.art.br\/site\/wp-json\/wp\/v2\/posts\/2333\/revisions\/2336"}],"wp:featuredmedia":[{"embeddable":true,"href":"https:\/\/foto.art.br\/site\/wp-json\/wp\/v2\/media\/2334"}],"wp:attachment":[{"href":"https:\/\/foto.art.br\/site\/wp-json\/wp\/v2\/media?parent=2333"}],"wp:term":[{"taxonomy":"category","embeddable":true,"href":"https:\/\/foto.art.br\/site\/wp-json\/wp\/v2\/categories?post=2333"},{"taxonomy":"post_tag","embeddable":true,"href":"https:\/\/foto.art.br\/site\/wp-json\/wp\/v2\/tags?post=2333"}],"curies":[{"name":"wp","href":"https:\/\/api.w.org\/{rel}","templated":true}]}}