{"id":2345,"date":"2025-09-09T05:39:18","date_gmt":"2025-09-09T08:39:18","guid":{"rendered":"https:\/\/foto.art.br\/site\/?p=2345"},"modified":"2025-09-09T14:12:09","modified_gmt":"2025-09-09T17:12:09","slug":"resultado-da-selecao-processos-fotograficos-historicos-arte-e-educacao-ims","status":"publish","type":"post","link":"https:\/\/foto.art.br\/site\/2025\/09\/09\/resultado-da-selecao-processos-fotograficos-historicos-arte-e-educacao-ims\/","title":{"rendered":"Resultado da Sele\u00e7\u00e3o -Processos fotogr\u00e1ficos hist\u00f3ricos: arte e educa\u00e7\u00e3o -IMS"},"content":{"rendered":"\n<p>Adriano Escanhuela <a href=\"https:\/\/www.adrianoescanhuela.com\/\" target=\"_blank\" rel=\"noreferrer noopener\">https:\/\/www.adrianoescanhuela.com\/<\/a><br>Alexandre Antunes <br>Barbara Lucia Almeida <a href=\"https:\/\/www.instagram.com\/barbara.allmeida\/\" target=\"_blank\" rel=\"noreferrer noopener\">https:\/\/www.instagram.com\/barbara.allmeida\/<\/a><br>Carolina Amorim <a href=\"https:\/\/carolinasamorim.wixsite.com\/my-site\" target=\"_blank\" rel=\"noreferrer noopener\">https:\/\/carolinasamorim.wixsite.com\/my-site<\/a><br>Cris Miranda <a href=\"https:\/\/www.instagram.com\/crismiranda2\/\" target=\"_blank\" rel=\"noreferrer noopener\">https:\/\/www.instagram.com\/crismiranda2\/<\/a><br>Dani Sandrini  <a href=\"https:\/\/www.instagram.com\/dani.sandrini\/\" target=\"_blank\" rel=\"noreferrer noopener\">https:\/\/www.instagram.com\/dani.sandrini\/<\/a><br>Eide Feldon e Paulo Avelino <a href=\"https:\/\/www.instagram.com\/eidifeldon\/\" target=\"_blank\" rel=\"noreferrer noopener\">https:\/\/www.instagram.com\/eidifeldon\/<\/a> <br>Francisco Moreira da Costa <a href=\"https:\/\/www.ateliedaimagem.com.br\/galeria\/tempo-improvavel-francisco-moreira-da-costa\/\" target=\"_blank\" rel=\"noreferrer noopener\">https:\/\/www.ateliedaimagem.com.br\/galeria\/tempo-improvavel-francisco-moreira-da-costa\/<\/a><br>Grupo Lumen <a href=\"https:\/\/www.instagram.com\/lumen_ufrgs\/\" target=\"_blank\" rel=\"noreferrer noopener\">https:\/\/www.instagram.com\/lumen_ufrgs\/<\/a><br>Guilherme Maranhao <a href=\"https:\/\/refotografia.blog\/\" target=\"_blank\" rel=\"noreferrer noopener\">https:\/\/refotografia.blog\/<\/a><br>Leopoldo Plentz <a href=\"https:\/\/www.instagram.com\/leopoldoplentz\/\" target=\"_blank\" rel=\"noreferrer noopener\">https:\/\/www.instagram.com\/leopoldoplentz\/<\/a><br>Luisa Saul Malzoni <a href=\"https:\/\/www.vervegaleria.com\/artistas\/luisa-malzoni\/\" target=\"_blank\" rel=\"noreferrer noopener\">https:\/\/www.vervegaleria.com\/artistas\/luisa-malzoni\/<\/a> <br>Luiz Henrique Carneiro <a href=\"https:\/\/www.facebook.com\/luizhenrique.carneiro.14\" target=\"_blank\" rel=\"noreferrer noopener\">https:\/\/www.facebook.com\/luizhenrique.carneiro.14<\/a><br>Malu Teodoro <a href=\"https:\/\/www.maluteodoro.com\/\" target=\"_blank\" rel=\"noreferrer noopener\">https:\/\/www.maluteodoro.com\/<\/a><br>Mariane Rotter <a href=\"https:\/\/atravesdaimagem.wordpress.com\/\" target=\"_blank\" rel=\"noreferrer noopener\">https:\/\/atravesdaimagem.wordpress.com\/<\/a><br>Paralaxe Lab <a href=\"https:\/\/www.instagram.com\/paralaxelab\/\" target=\"_blank\" rel=\"noreferrer noopener\">https:\/\/www.instagram.com\/paralaxelab\/<\/a><br>Patr\u00edcia Hitomi Yamamoto <a href=\"https:\/\/www.cidadeinvertida.com.br\/historiasdafotografia\" target=\"_blank\" rel=\"noreferrer noopener\">https:\/\/www.cidadeinvertida.com.br\/historiasdafotografia<\/a> <br>Ricardo Hantzschel <a href=\"https:\/\/www.cidadeinvertida.com.br\/\" target=\"_blank\" rel=\"noreferrer noopener\">https:\/\/www.cidadeinvertida.com.br\/<\/a><br>Ruth Souza <a href=\"https:\/\/www.facebook.com\/lafaunb\" target=\"_blank\" rel=\"noreferrer noopener\">https:\/\/www.facebook.com\/lafaunb<\/a><br>Samanta Ortega <a href=\"https:\/\/www.instagram.com\/alquimiafotografica.co\" target=\"_blank\" rel=\"noreferrer noopener\">https:\/\/www.instagram.com\/alquimiafotografica.co<\/a><br>N\u00facleo Educativo do Arquivo Hist\u00f3rico Municipal de S\u00e3o Paulo (Vanessa Alves Lima) <a href=\"https:\/\/bv.fapesp.br\/pt\/pesquisador\/171128\/vanessa-alves-de-lima\/\" target=\"_blank\" rel=\"noreferrer noopener\">https:\/\/bv.fapesp.br\/pt\/pesquisador\/171128\/vanessa-alves-de-lima\/<\/a><\/p>\n\n\n\n<p>O evento <strong>Processos fotogr\u00e1ficos hist\u00f3ricos: arte e educa\u00e7\u00e3o<\/strong>, acontecer\u00e1 nos dias <strong>30 de setembro e 1 de outubro<\/strong>, no<strong> Museu de Arte Moderna do Rio de Janeiro<\/strong> (@mam.rio).<\/p>\n\n\n\n<p><\/p>\n\n\n\n<figure class=\"wp-block-embed is-type-wp-embed is-provider-instituto-moreira-salles wp-block-embed-instituto-moreira-salles\"><div class=\"wp-block-embed__wrapper\">\n<blockquote class=\"wp-embedded-content\" data-secret=\"raQULh7rL4\"><a href=\"https:\/\/ims.com.br\/eventos\/processos-fotograficos-historicos-arte-e-educacao-rio-de-janeiro\/\">Processos fotogr\u00e1ficos hist\u00f3ricos: arte e educa\u00e7\u00e3o<\/a><\/blockquote><iframe loading=\"lazy\" class=\"wp-embedded-content\" sandbox=\"allow-scripts\" security=\"restricted\" style=\"position: absolute; visibility: hidden;\" title=\"&#8220;Processos fotogr\u00e1ficos hist\u00f3ricos: arte e educa\u00e7\u00e3o&#8221; &#8212; Instituto Moreira Salles\" src=\"https:\/\/ims.com.br\/eventos\/processos-fotograficos-historicos-arte-e-educacao-rio-de-janeiro\/embed\/#?secret=tCczvNx4Zn#?secret=raQULh7rL4\" data-secret=\"raQULh7rL4\" width=\"600\" height=\"338\" frameborder=\"0\" marginwidth=\"0\" marginheight=\"0\" scrolling=\"no\"><\/iframe>\n<\/div><\/figure>\n","protected":false},"excerpt":{"rendered":"<p>Adriano Escanhuela https:\/\/www.adrianoescanhuela.com\/Alexandre Antunes Barbara Lucia Almeida https:\/\/www.instagram.com\/barbara.allmeida\/Carolina Amorim https:\/\/carolinasamorim.wixsite.com\/my-siteCris Miranda https:\/\/www.instagram.com\/crismiranda2\/Dani Sandrini https:\/\/www.instagram.com\/dani.sandrini\/Eide Feldon e Paulo Avelino https:\/\/www.instagram.com\/eidifeldon\/ Francisco Moreira da Costa https:\/\/www.ateliedaimagem.com.br\/galeria\/tempo-improvavel-francisco-moreira-da-costa\/Grupo Lumen https:\/\/www.instagram.com\/lumen_ufrgs\/Guilherme Maranhao https:\/\/refotografia.blog\/Leopoldo Plentz https:\/\/www.instagram.com\/leopoldoplentz\/Luisa Saul Malzoni https:\/\/www.vervegaleria.com\/artistas\/luisa-malzoni\/ Luiz Henrique Carneiro https:\/\/www.facebook.com\/luizhenrique.carneiro.14Malu Teodoro https:\/\/www.maluteodoro.com\/Mariane Rotter https:\/\/atravesdaimagem.wordpress.com\/Paralaxe Lab https:\/\/www.instagram.com\/paralaxelab\/Patr\u00edcia Hitomi Yamamoto https:\/\/www.cidadeinvertida.com.br\/historiasdafotografia Ricardo Hantzschel https:\/\/www.cidadeinvertida.com.br\/Ruth Souza https:\/\/www.facebook.com\/lafaunbSamanta Ortega https:\/\/www.instagram.com\/alquimiafotografica.coN\u00facleo Educativo do [&hellip;]<\/p>\n","protected":false},"author":1,"featured_media":2330,"comment_status":"closed","ping_status":"","sticky":false,"template":"","format":"standard","meta":{"footnotes":""},"categories":[1,12,13],"tags":[],"class_list":["post-2345","post","type-post","status-publish","format-standard","has-post-thumbnail","hentry","category-uncategorized","category-pessoas","category-tecnicas"],"blocksy_meta":[],"_links":{"self":[{"href":"https:\/\/foto.art.br\/site\/wp-json\/wp\/v2\/posts\/2345","targetHints":{"allow":["GET"]}}],"collection":[{"href":"https:\/\/foto.art.br\/site\/wp-json\/wp\/v2\/posts"}],"about":[{"href":"https:\/\/foto.art.br\/site\/wp-json\/wp\/v2\/types\/post"}],"author":[{"embeddable":true,"href":"https:\/\/foto.art.br\/site\/wp-json\/wp\/v2\/users\/1"}],"replies":[{"embeddable":true,"href":"https:\/\/foto.art.br\/site\/wp-json\/wp\/v2\/comments?post=2345"}],"version-history":[{"count":16,"href":"https:\/\/foto.art.br\/site\/wp-json\/wp\/v2\/posts\/2345\/revisions"}],"predecessor-version":[{"id":2362,"href":"https:\/\/foto.art.br\/site\/wp-json\/wp\/v2\/posts\/2345\/revisions\/2362"}],"wp:featuredmedia":[{"embeddable":true,"href":"https:\/\/foto.art.br\/site\/wp-json\/wp\/v2\/media\/2330"}],"wp:attachment":[{"href":"https:\/\/foto.art.br\/site\/wp-json\/wp\/v2\/media?parent=2345"}],"wp:term":[{"taxonomy":"category","embeddable":true,"href":"https:\/\/foto.art.br\/site\/wp-json\/wp\/v2\/categories?post=2345"},{"taxonomy":"post_tag","embeddable":true,"href":"https:\/\/foto.art.br\/site\/wp-json\/wp\/v2\/tags?post=2345"}],"curies":[{"name":"wp","href":"https:\/\/api.w.org\/{rel}","templated":true}]}}