{"id":2363,"date":"2025-09-11T06:33:26","date_gmt":"2025-09-11T09:33:26","guid":{"rendered":"https:\/\/foto.art.br\/site\/?p=2363"},"modified":"2025-09-11T06:33:26","modified_gmt":"2025-09-11T09:33:26","slug":"cliche-verre","status":"publish","type":"post","link":"https:\/\/foto.art.br\/site\/2025\/09\/11\/cliche-verre\/","title":{"rendered":"Clich\u00e9 Verre"},"content":{"rendered":"\n<figure class=\"wp-block-image size-large\"><img loading=\"lazy\" decoding=\"async\" width=\"812\" height=\"1024\" src=\"https:\/\/foto.art.br\/site\/wp-content\/uploads\/2025\/09\/FernSevenmorell-812x1024.jpg\" alt=\"\" class=\"wp-image-2366\" srcset=\"https:\/\/foto.art.br\/site\/wp-content\/uploads\/2025\/09\/FernSevenmorell-812x1024.jpg 812w, https:\/\/foto.art.br\/site\/wp-content\/uploads\/2025\/09\/FernSevenmorell-238x300.jpg 238w, https:\/\/foto.art.br\/site\/wp-content\/uploads\/2025\/09\/FernSevenmorell-768x969.jpg 768w, https:\/\/foto.art.br\/site\/wp-content\/uploads\/2025\/09\/FernSevenmorell-100x126.jpg 100w, https:\/\/foto.art.br\/site\/wp-content\/uploads\/2025\/09\/FernSevenmorell-1218x1536.jpg 1218w, https:\/\/foto.art.br\/site\/wp-content\/uploads\/2025\/09\/FernSevenmorell-1623x2048.jpg 1623w, https:\/\/foto.art.br\/site\/wp-content\/uploads\/2025\/09\/FernSevenmorell-scaled.jpg 2029w\" sizes=\"auto, (max-width: 812px) 100vw, 812px\" \/><figcaption class=\"wp-element-caption\">Fern Seven &#8211; Abelardo Morel<\/figcaption><\/figure>\n\n\n\n<p>O termo Clich\u00e9 Verre, que pode ser traduzido como matriz de vidro, costuma ser associado mais a uma forma de gravura, onde imagens desenhadas com tinta sobre um vidro s\u00e3o posteriormente transferidas para o papel.<br>Mas estas imagens desenhadas no vidro podem ser usadas como negativos e impressas em papel fotogr\u00e1fico ou outros meios de reprodu\u00e7\u00e3o atrav\u00e9s da luz, como cianotipia, van dyke, goma bicromatada, etc.<\/p>\n\n\n\n<p>Abelado Morel, artista cubano conhecido pelo uso da Camea Obscura, transitou pelo Clich\u00e9 Verre e nos d\u00e1 uma informa\u00e7\u00e3o em seu site:<\/p>\n\n\n\n<p><em>A rela\u00e7\u00e3o entre fotografia e desenho remonta aos prim\u00f3rdios da fotografia. Em 1833, Fox Talbot, frustrado com um desenho desajeitado que fizera com uma c\u00e2mera l\u00facida no Lago de Como, It\u00e1lia, teve a brilhante ideia de &#8220;consertar&#8221; uma imagem que se lembrava de ter visto no vidro fosco de uma c\u00e2mera escura port\u00e1til que usara em um passeio anterior. Mais tarde, em casa, na Inglaterra, esse &#8220;conserto&#8221; resultou na inven\u00e7\u00e3o da fotografia.<\/em><\/p>\n\n\n\n<p><a href=\"https:\/\/www.abelardomorell.net\/early-works\/clicheverre\" target=\"_blank\" rel=\"noreferrer noopener\">https:\/\/www.abelardomorell.net\/early-works\/clicheverre<\/a><\/p>\n\n\n\n<p>Na Wikipedia<\/p>\n\n\n\n<p><a href=\"https:\/\/en-m-wikipedia-org.translate.goog\/wiki\/Clich%C3%A9_verre?_x_tr_sl=en&amp;_x_tr_tl=pt&amp;_x_tr_hl=pt-BR&amp;_x_tr_pto=wapp\" target=\"_blank\" rel=\"noreferrer noopener\">https:\/\/en-m-wikipedia-org.translate.goog\/wiki\/Clich%C3%A9_verre?_x_tr_sl=en&amp;_x_tr_tl=pt&amp;_x_tr_hl=pt-BR&amp;_x_tr_pto=wapp<\/a><\/p>\n\n\n\n<p>No site Lenscratch tem um belo artigo de \u00a0<a href=\"https:\/\/lenscratch.com\/author\/daniel-hojnacki\/\" target=\"_blank\" rel=\"noreferrer noopener\">Daniel Hojnacki<\/a> sobre a  T\u00e9cnica<\/p>\n\n\n\n<p><a href=\"https:\/\/lenscratch.com\/2025\/09\/vanishing-from-view-cliche-verre-in-contemporary-photography\" target=\"_blank\" rel=\"noreferrer noopener\">https:\/\/lenscratch.com\/2025\/09\/vanishing-from-view-cliche-verre-in-contemporary-photography<\/a><\/p>\n\n\n\n<p><\/p>\n","protected":false},"excerpt":{"rendered":"<p>O termo Clich\u00e9 Verre, que pode ser traduzido como matriz de vidro, costuma ser associado mais a uma forma de gravura, onde imagens desenhadas com tinta sobre um vidro s\u00e3o posteriormente transferidas para o papel.Mas estas imagens desenhadas no vidro podem ser usadas como negativos e impressas em papel fotogr\u00e1fico ou outros meios de reprodu\u00e7\u00e3o [&hellip;]<\/p>\n","protected":false},"author":1,"featured_media":2366,"comment_status":"closed","ping_status":"","sticky":false,"template":"","format":"standard","meta":{"footnotes":""},"categories":[13],"tags":[],"class_list":["post-2363","post","type-post","status-publish","format-standard","has-post-thumbnail","hentry","category-tecnicas"],"blocksy_meta":[],"_links":{"self":[{"href":"https:\/\/foto.art.br\/site\/wp-json\/wp\/v2\/posts\/2363","targetHints":{"allow":["GET"]}}],"collection":[{"href":"https:\/\/foto.art.br\/site\/wp-json\/wp\/v2\/posts"}],"about":[{"href":"https:\/\/foto.art.br\/site\/wp-json\/wp\/v2\/types\/post"}],"author":[{"embeddable":true,"href":"https:\/\/foto.art.br\/site\/wp-json\/wp\/v2\/users\/1"}],"replies":[{"embeddable":true,"href":"https:\/\/foto.art.br\/site\/wp-json\/wp\/v2\/comments?post=2363"}],"version-history":[{"count":4,"href":"https:\/\/foto.art.br\/site\/wp-json\/wp\/v2\/posts\/2363\/revisions"}],"predecessor-version":[{"id":2368,"href":"https:\/\/foto.art.br\/site\/wp-json\/wp\/v2\/posts\/2363\/revisions\/2368"}],"wp:featuredmedia":[{"embeddable":true,"href":"https:\/\/foto.art.br\/site\/wp-json\/wp\/v2\/media\/2366"}],"wp:attachment":[{"href":"https:\/\/foto.art.br\/site\/wp-json\/wp\/v2\/media?parent=2363"}],"wp:term":[{"taxonomy":"category","embeddable":true,"href":"https:\/\/foto.art.br\/site\/wp-json\/wp\/v2\/categories?post=2363"},{"taxonomy":"post_tag","embeddable":true,"href":"https:\/\/foto.art.br\/site\/wp-json\/wp\/v2\/tags?post=2363"}],"curies":[{"name":"wp","href":"https:\/\/api.w.org\/{rel}","templated":true}]}}