{"id":2377,"date":"2025-09-15T16:39:22","date_gmt":"2025-09-15T19:39:22","guid":{"rendered":"https:\/\/foto.art.br\/site\/?p=2377"},"modified":"2025-09-15T16:52:23","modified_gmt":"2025-09-15T19:52:23","slug":"saiu-a-programacao-e-aberta-as-inscricoes-para-assistir","status":"publish","type":"post","link":"https:\/\/foto.art.br\/site\/2025\/09\/15\/saiu-a-programacao-e-aberta-as-inscricoes-para-assistir\/","title":{"rendered":"Saiu a programa\u00e7\u00e3o e aberta as inscri\u00e7\u00f5es para assistir"},"content":{"rendered":"\n<figure class=\"wp-block-image size-large\"><img loading=\"lazy\" decoding=\"async\" width=\"819\" height=\"1024\" src=\"https:\/\/foto.art.br\/site\/wp-content\/uploads\/2025\/08\/ims-3-819x1024.jpg\" alt=\"\" class=\"wp-image-2330\" srcset=\"https:\/\/foto.art.br\/site\/wp-content\/uploads\/2025\/08\/ims-3-819x1024.jpg 819w, https:\/\/foto.art.br\/site\/wp-content\/uploads\/2025\/08\/ims-3-240x300.jpg 240w, https:\/\/foto.art.br\/site\/wp-content\/uploads\/2025\/08\/ims-3-768x960.jpg 768w, https:\/\/foto.art.br\/site\/wp-content\/uploads\/2025\/08\/ims-3-100x125.jpg 100w, https:\/\/foto.art.br\/site\/wp-content\/uploads\/2025\/08\/ims-3.jpg 1080w\" sizes=\"auto, (max-width: 819px) 100vw, 819px\" \/><\/figure>\n\n\n\n<p><\/p>\n\n\n\n<p><\/p>\n\n\n\n<figure class=\"wp-block-embed is-type-wp-embed is-provider-instituto-moreira-salles wp-block-embed-instituto-moreira-salles\"><div class=\"wp-block-embed__wrapper\">\n<blockquote class=\"wp-embedded-content\" data-secret=\"3CZpIKYwaJ\"><a href=\"https:\/\/ims.com.br\/eventos\/processos-fotograficos-historicos-arte-e-educacao-rio-de-janeiro\/\">Processos fotogr\u00e1ficos hist\u00f3ricos: arte e educa\u00e7\u00e3o<\/a><\/blockquote><iframe loading=\"lazy\" class=\"wp-embedded-content\" sandbox=\"allow-scripts\" security=\"restricted\" style=\"position: absolute; visibility: hidden;\" title=\"&#8220;Processos fotogr\u00e1ficos hist\u00f3ricos: arte e educa\u00e7\u00e3o&#8221; &#8212; Instituto Moreira Salles\" src=\"https:\/\/ims.com.br\/eventos\/processos-fotograficos-historicos-arte-e-educacao-rio-de-janeiro\/embed\/#?secret=7Z5soGGmEj#?secret=3CZpIKYwaJ\" data-secret=\"3CZpIKYwaJ\" width=\"600\" height=\"338\" frameborder=\"0\" marginwidth=\"0\" marginheight=\"0\" scrolling=\"no\"><\/iframe>\n<\/div><\/figure>\n","protected":false},"excerpt":{"rendered":"","protected":false},"author":1,"featured_media":2330,"comment_status":"closed","ping_status":"","sticky":false,"template":"","format":"standard","meta":{"footnotes":""},"categories":[1],"tags":[],"class_list":["post-2377","post","type-post","status-publish","format-standard","has-post-thumbnail","hentry","category-uncategorized"],"blocksy_meta":[],"_links":{"self":[{"href":"https:\/\/foto.art.br\/site\/wp-json\/wp\/v2\/posts\/2377","targetHints":{"allow":["GET"]}}],"collection":[{"href":"https:\/\/foto.art.br\/site\/wp-json\/wp\/v2\/posts"}],"about":[{"href":"https:\/\/foto.art.br\/site\/wp-json\/wp\/v2\/types\/post"}],"author":[{"embeddable":true,"href":"https:\/\/foto.art.br\/site\/wp-json\/wp\/v2\/users\/1"}],"replies":[{"embeddable":true,"href":"https:\/\/foto.art.br\/site\/wp-json\/wp\/v2\/comments?post=2377"}],"version-history":[{"count":4,"href":"https:\/\/foto.art.br\/site\/wp-json\/wp\/v2\/posts\/2377\/revisions"}],"predecessor-version":[{"id":2381,"href":"https:\/\/foto.art.br\/site\/wp-json\/wp\/v2\/posts\/2377\/revisions\/2381"}],"wp:featuredmedia":[{"embeddable":true,"href":"https:\/\/foto.art.br\/site\/wp-json\/wp\/v2\/media\/2330"}],"wp:attachment":[{"href":"https:\/\/foto.art.br\/site\/wp-json\/wp\/v2\/media?parent=2377"}],"wp:term":[{"taxonomy":"category","embeddable":true,"href":"https:\/\/foto.art.br\/site\/wp-json\/wp\/v2\/categories?post=2377"},{"taxonomy":"post_tag","embeddable":true,"href":"https:\/\/foto.art.br\/site\/wp-json\/wp\/v2\/tags?post=2377"}],"curies":[{"name":"wp","href":"https:\/\/api.w.org\/{rel}","templated":true}]}}