{"id":2388,"date":"2025-09-20T14:44:28","date_gmt":"2025-09-20T17:44:28","guid":{"rendered":"https:\/\/foto.art.br\/site\/?p=2388"},"modified":"2025-09-23T13:51:53","modified_gmt":"2025-09-23T16:51:53","slug":"a-imagem-nao-solicitada","status":"publish","type":"post","link":"https:\/\/foto.art.br\/site\/2025\/09\/20\/a-imagem-nao-solicitada\/","title":{"rendered":"a imagem n\u00e3o solicitada !"},"content":{"rendered":"\n<figure class=\"wp-block-image size-large\"><img loading=\"lazy\" decoding=\"async\" width=\"1024\" height=\"771\" src=\"https:\/\/foto.art.br\/site\/wp-content\/uploads\/2025\/09\/wp-17583866994823970432022428380268-1024x771.jpg\" alt=\"\" class=\"wp-image-2385\" srcset=\"https:\/\/foto.art.br\/site\/wp-content\/uploads\/2025\/09\/wp-17583866994823970432022428380268-1024x771.jpg 1024w, https:\/\/foto.art.br\/site\/wp-content\/uploads\/2025\/09\/wp-17583866994823970432022428380268-300x226.jpg 300w, https:\/\/foto.art.br\/site\/wp-content\/uploads\/2025\/09\/wp-17583866994823970432022428380268-768x578.jpg 768w, https:\/\/foto.art.br\/site\/wp-content\/uploads\/2025\/09\/wp-17583866994823970432022428380268-100x75.jpg 100w, https:\/\/foto.art.br\/site\/wp-content\/uploads\/2025\/09\/wp-17583866994823970432022428380268-1536x1157.jpg 1536w, https:\/\/foto.art.br\/site\/wp-content\/uploads\/2025\/09\/wp-17583866994823970432022428380268.jpg 2000w\" sizes=\"auto, (max-width: 1024px) 100vw, 1024px\" \/><figcaption class=\"wp-element-caption\">fot\u00f3grafos de aplicativo registram a corrida matinal na orla do Gua\u00edba em Porto Alegre <\/figcaption><\/figure>\n\n\n\n<p>tem diversos termos que podem ser associados,&nbsp; n\u00e3o gosto de nenhum, \u00e0 produ\u00e7\u00e3o de fotografias an\u00f4nimas n\u00e3o solicitadas. popular, vernacular, picaretagem (o termo picareta n\u00e3o possu\u00eda um car\u00e1ter negativo, referia a uma forma de ganhar dinheiro&#8230;) uberiza\u00e7\u00e3o da fotografia,&nbsp; ou dos fot\u00f3grafos,&nbsp; fot\u00f3grafo ou fotografia de aplicativo.<\/p>\n\n\n\n<figure class=\"wp-block-image size-large\"><img loading=\"lazy\" decoding=\"async\" width=\"1024\" height=\"768\" src=\"https:\/\/foto.art.br\/site\/wp-content\/uploads\/2025\/09\/wp-17583866508288443106447651645889-1024x768.jpg\" alt=\"\" class=\"wp-image-2383\" srcset=\"https:\/\/foto.art.br\/site\/wp-content\/uploads\/2025\/09\/wp-17583866508288443106447651645889-1024x768.jpg 1024w, https:\/\/foto.art.br\/site\/wp-content\/uploads\/2025\/09\/wp-17583866508288443106447651645889-300x225.jpg 300w, https:\/\/foto.art.br\/site\/wp-content\/uploads\/2025\/09\/wp-17583866508288443106447651645889-768x576.jpg 768w, https:\/\/foto.art.br\/site\/wp-content\/uploads\/2025\/09\/wp-17583866508288443106447651645889-100x75.jpg 100w, https:\/\/foto.art.br\/site\/wp-content\/uploads\/2025\/09\/wp-17583866508288443106447651645889-1536x1152.jpg 1536w, https:\/\/foto.art.br\/site\/wp-content\/uploads\/2025\/09\/wp-17583866508288443106447651645889.jpg 2000w\" sizes=\"auto, (max-width: 1024px) 100vw, 1024px\" \/><\/figure>\n\n\n\n<p>no in\u00edcio da Internet das imagens as fotografias de festa, bailes, Carnaval,&nbsp; foram as primeiras, hoje de maneira forte temos a fotografia de esporte, ou da pr\u00e1tica esportiva, aliada da glamouriza\u00e7\u00e3o e culto do corpo.<\/p>\n\n\n\n<figure class=\"wp-block-image size-large\"><img loading=\"lazy\" decoding=\"async\" width=\"616\" height=\"928\" src=\"https:\/\/foto.art.br\/site\/wp-content\/uploads\/2025\/09\/wp-1758389885152.jpg\" alt=\"\" class=\"wp-image-2397\" srcset=\"https:\/\/foto.art.br\/site\/wp-content\/uploads\/2025\/09\/wp-1758389885152.jpg 616w, https:\/\/foto.art.br\/site\/wp-content\/uploads\/2025\/09\/wp-1758389885152-199x300.jpg 199w, https:\/\/foto.art.br\/site\/wp-content\/uploads\/2025\/09\/wp-1758389885152-100x151.jpg 100w\" sizes=\"auto, (max-width: 616px) 100vw, 616px\" \/><\/figure>\n\n\n\n<figure class=\"wp-block-image size-large\"><img loading=\"lazy\" decoding=\"async\" width=\"577\" height=\"1024\" src=\"https:\/\/foto.art.br\/site\/wp-content\/uploads\/2025\/09\/wp-17583868273683094746278808304019-577x1024.jpg\" alt=\"\" class=\"wp-image-2387\" srcset=\"https:\/\/foto.art.br\/site\/wp-content\/uploads\/2025\/09\/wp-17583868273683094746278808304019-577x1024.jpg 577w, https:\/\/foto.art.br\/site\/wp-content\/uploads\/2025\/09\/wp-17583868273683094746278808304019-169x300.jpg 169w, https:\/\/foto.art.br\/site\/wp-content\/uploads\/2025\/09\/wp-17583868273683094746278808304019-768x1364.jpg 768w, https:\/\/foto.art.br\/site\/wp-content\/uploads\/2025\/09\/wp-17583868273683094746278808304019-100x178.jpg 100w, https:\/\/foto.art.br\/site\/wp-content\/uploads\/2025\/09\/wp-17583868273683094746278808304019-865x1536.jpg 865w, https:\/\/foto.art.br\/site\/wp-content\/uploads\/2025\/09\/wp-17583868273683094746278808304019.jpg 1126w\" sizes=\"auto, (max-width: 577px) 100vw, 577px\" \/><\/figure>\n\n\n\n<figure class=\"wp-block-image\"><img loading=\"lazy\" decoding=\"async\" width=\"1126\" height=\"2000\" src=\"https:\/\/foto.art.br\/site\/wp-content\/uploads\/2025\/09\/wp-17583867364698343344139941503587.jpg\" alt=\"\" class=\"wp-image-2386\" srcset=\"https:\/\/foto.art.br\/site\/wp-content\/uploads\/2025\/09\/wp-17583867364698343344139941503587.jpg 1126w, https:\/\/foto.art.br\/site\/wp-content\/uploads\/2025\/09\/wp-17583867364698343344139941503587-169x300.jpg 169w, https:\/\/foto.art.br\/site\/wp-content\/uploads\/2025\/09\/wp-17583867364698343344139941503587-577x1024.jpg 577w, https:\/\/foto.art.br\/site\/wp-content\/uploads\/2025\/09\/wp-17583867364698343344139941503587-768x1364.jpg 768w, https:\/\/foto.art.br\/site\/wp-content\/uploads\/2025\/09\/wp-17583867364698343344139941503587-100x178.jpg 100w, https:\/\/foto.art.br\/site\/wp-content\/uploads\/2025\/09\/wp-17583867364698343344139941503587-865x1536.jpg 865w\" sizes=\"auto, (max-width: 1126px) 100vw, 1126px\" \/><\/figure>\n\n\n\n<p>Num passado mais distante haviam os fot\u00f3grafos de rua, em Porto Alegre na Rua da Praia os fot\u00f3grafos de estabelecimentos pr\u00f3ximos flagravam os passantes, que depois recebiam um papel com o endere\u00e7o do estabelecimento onde poderiam adquirir seus flagrantes.<\/p>\n\n\n\n<figure class=\"wp-block-image size-large\"><img loading=\"lazy\" decoding=\"async\" width=\"800\" height=\"588\" src=\"https:\/\/foto.art.br\/site\/wp-content\/uploads\/2025\/09\/Screenshot_20250920_143406_Chrome.jpg\" alt=\"\" class=\"wp-image-2393\" srcset=\"https:\/\/foto.art.br\/site\/wp-content\/uploads\/2025\/09\/Screenshot_20250920_143406_Chrome.jpg 800w, https:\/\/foto.art.br\/site\/wp-content\/uploads\/2025\/09\/Screenshot_20250920_143406_Chrome-300x221.jpg 300w, https:\/\/foto.art.br\/site\/wp-content\/uploads\/2025\/09\/Screenshot_20250920_143406_Chrome-768x564.jpg 768w, https:\/\/foto.art.br\/site\/wp-content\/uploads\/2025\/09\/Screenshot_20250920_143406_Chrome-100x74.jpg 100w\" sizes=\"auto, (max-width: 800px) 100vw, 800px\" \/><figcaption class=\"wp-element-caption\">captura de tela, Internet,&nbsp; <br \/>lembran\u00e7a de escola em Juiz de Fora<\/figcaption><\/figure>\n\n\n\n<p>Pr\u00e1tica semelhante acontecia em localidades tur\u00edsticas, festas religiosas, na praia, em escolas com as fotos ou mon\u00f3culos de lembran\u00e7as escolares<\/p>\n\n\n\n<figure class=\"wp-block-image size-large\"><img loading=\"lazy\" decoding=\"async\" width=\"278\" height=\"181\" src=\"https:\/\/foto.art.br\/site\/wp-content\/uploads\/2025\/09\/wp-1758389885196.jpg\" alt=\"\" class=\"wp-image-2396\" srcset=\"https:\/\/foto.art.br\/site\/wp-content\/uploads\/2025\/09\/wp-1758389885196.jpg 278w, https:\/\/foto.art.br\/site\/wp-content\/uploads\/2025\/09\/wp-1758389885196-100x65.jpg 100w\" sizes=\"auto, (max-width: 278px) 100vw, 278px\" \/><\/figure>\n\n\n\n<figure class=\"wp-block-image\"><img loading=\"lazy\" decoding=\"async\" width=\"1024\" height=\"819\" src=\"https:\/\/foto.art.br\/site\/wp-content\/uploads\/2025\/09\/wp-1758389885216.jpg\" alt=\"\" class=\"wp-image-2398\" srcset=\"https:\/\/foto.art.br\/site\/wp-content\/uploads\/2025\/09\/wp-1758389885216.jpg 1024w, https:\/\/foto.art.br\/site\/wp-content\/uploads\/2025\/09\/wp-1758389885216-300x240.jpg 300w, https:\/\/foto.art.br\/site\/wp-content\/uploads\/2025\/09\/wp-1758389885216-768x614.jpg 768w, https:\/\/foto.art.br\/site\/wp-content\/uploads\/2025\/09\/wp-1758389885216-100x80.jpg 100w\" sizes=\"auto, (max-width: 1024px) 100vw, 1024px\" \/><figcaption class=\"wp-element-caption\">Olympus Pen e mon\u00f3culos <\/figcaption><\/figure>\n\n\n\n<p><em>este assunto sai um pouquinho da tem\u00e1tica do site, n\u00e3o resisti&#8230; embora fotografia de mon\u00f3culos possam ser feias<\/em> hoje com revela\u00e7\u00e3o p&amp;b revers\u00edvel&#8230;.<\/p>\n\n\n\n<p>uma das plataformas de vendas de fotografia <\/p>\n\n\n\n<p><a href=\"https:\/\/www.focoradical.com.br\/\" target=\"_blank\" rel=\"noreferrer noopener\">https:\/\/www.focoradical.com.br\/<\/a><\/p>\n","protected":false},"excerpt":{"rendered":"<p>tem diversos termos que podem ser associados,&nbsp; n\u00e3o gosto de nenhum, \u00e0 produ\u00e7\u00e3o de fotografias an\u00f4nimas n\u00e3o solicitadas. popular, vernacular, picaretagem (o termo picareta n\u00e3o possu\u00eda um car\u00e1ter negativo, referia a uma forma de ganhar dinheiro&#8230;) uberiza\u00e7\u00e3o da fotografia,&nbsp; ou dos fot\u00f3grafos,&nbsp; fot\u00f3grafo ou fotografia de aplicativo. no in\u00edcio da Internet das imagens as fotografias [&hellip;]<\/p>\n","protected":false},"author":1,"featured_media":2385,"comment_status":"closed","ping_status":"","sticky":false,"template":"","format":"standard","meta":{"footnotes":""},"categories":[12,13],"tags":[],"class_list":["post-2388","post","type-post","status-publish","format-standard","has-post-thumbnail","hentry","category-pessoas","category-tecnicas"],"blocksy_meta":[],"_links":{"self":[{"href":"https:\/\/foto.art.br\/site\/wp-json\/wp\/v2\/posts\/2388","targetHints":{"allow":["GET"]}}],"collection":[{"href":"https:\/\/foto.art.br\/site\/wp-json\/wp\/v2\/posts"}],"about":[{"href":"https:\/\/foto.art.br\/site\/wp-json\/wp\/v2\/types\/post"}],"author":[{"embeddable":true,"href":"https:\/\/foto.art.br\/site\/wp-json\/wp\/v2\/users\/1"}],"replies":[{"embeddable":true,"href":"https:\/\/foto.art.br\/site\/wp-json\/wp\/v2\/comments?post=2388"}],"version-history":[{"count":12,"href":"https:\/\/foto.art.br\/site\/wp-json\/wp\/v2\/posts\/2388\/revisions"}],"predecessor-version":[{"id":2404,"href":"https:\/\/foto.art.br\/site\/wp-json\/wp\/v2\/posts\/2388\/revisions\/2404"}],"wp:featuredmedia":[{"embeddable":true,"href":"https:\/\/foto.art.br\/site\/wp-json\/wp\/v2\/media\/2385"}],"wp:attachment":[{"href":"https:\/\/foto.art.br\/site\/wp-json\/wp\/v2\/media?parent=2388"}],"wp:term":[{"taxonomy":"category","embeddable":true,"href":"https:\/\/foto.art.br\/site\/wp-json\/wp\/v2\/categories?post=2388"},{"taxonomy":"post_tag","embeddable":true,"href":"https:\/\/foto.art.br\/site\/wp-json\/wp\/v2\/tags?post=2388"}],"curies":[{"name":"wp","href":"https:\/\/api.w.org\/{rel}","templated":true}]}}