{"id":2463,"date":"2025-10-02T15:12:11","date_gmt":"2025-10-02T18:12:11","guid":{"rendered":"https:\/\/foto.art.br\/site\/?p=2463"},"modified":"2025-10-03T16:59:48","modified_gmt":"2025-10-03T19:59:48","slug":"ims-fotos-do-evento","status":"publish","type":"post","link":"https:\/\/foto.art.br\/site\/2025\/10\/02\/ims-fotos-do-evento\/","title":{"rendered":"IMS: fotos do evento"},"content":{"rendered":"\n<p>Sauda\u00e7\u00f5es aos organizadores e participantes do evento<br><strong><em>Processos fotogr\u00e1ficos hist\u00f3ricos: arte e educa\u00e7\u00e3o<\/em><\/strong><br>que prossiga esta iniciativa e que se mantenha!<\/p>\n\n\n\n<figure class=\"wp-block-image size-large\"><img loading=\"lazy\" decoding=\"async\" width=\"1024\" height=\"771\" src=\"https:\/\/foto.art.br\/site\/wp-content\/uploads\/2025\/10\/1000052547-1024x771.jpg\" alt=\"\" class=\"wp-image-2424\" srcset=\"https:\/\/foto.art.br\/site\/wp-content\/uploads\/2025\/10\/1000052547-1024x771.jpg 1024w, https:\/\/foto.art.br\/site\/wp-content\/uploads\/2025\/10\/1000052547-300x226.jpg 300w, https:\/\/foto.art.br\/site\/wp-content\/uploads\/2025\/10\/1000052547-768x578.jpg 768w, https:\/\/foto.art.br\/site\/wp-content\/uploads\/2025\/10\/1000052547-100x75.jpg 100w, https:\/\/foto.art.br\/site\/wp-content\/uploads\/2025\/10\/1000052547-1536x1157.jpg 1536w, https:\/\/foto.art.br\/site\/wp-content\/uploads\/2025\/10\/1000052547-2048x1542.jpg 2048w\" sizes=\"auto, (max-width: 1024px) 100vw, 1024px\" \/><\/figure>\n\n\n<div  robogallery_id=\"2466\"  class=\"RoboGalleryV5 RoboGallery_ID2466\"  style=\"width:100%;max-width:100%;\"><\/div><script> var robogallery_config_id_2466 = {\r\n            \"restUrl\": \"https:\/\/foto.art.br\/site\/wp-json\/\",\r\n            \"wp_rest\": \"d4dd9047aa\",\r\n            \"errorImageUrl\": \"https:\/\/foto.art.br\/site\/wp-content\/plugins\/robo-gallery\/images\/\",\r\n            \"debug\": false\r\n        };<\/script>\n\n\n<p><strong>Registros fotogr\u00e1ficos do evento obtidos pelos colegas<\/strong><br>Andrea Bracher prof IA-UFRGS <a href=\"http:\/\/www.instagram.com\/andreabracher\" target=\"_blank\" rel=\"noreferrer noopener\">www.instagram.com\/andreabracher<\/a> <a href=\"http:\/\/www.andreabracher.com.br\" target=\"_blank\" rel=\"noreferrer noopener\">www.andreabracher.com.br <\/a><a href=\"http:\/\/www.instagram.com\/lumen_ufrgs\/\" target=\"_blank\" rel=\"noreferrer noopener\">www.instagram.com\/lumen_ufrgs\/<\/a><\/p>\n\n\n\n<p>Mariane Rotter, prof UERGS <a href=\"http:\/\/www.instagram.com\/nucleofotouergs\" target=\"_blank\" rel=\"noreferrer noopener\">www.instagram.com\/nucleofotouergs <\/a><a href=\"https:\/\/atravesdaimagem.wordpress.com\" target=\"_blank\" rel=\"noreferrer noopener\">https:\/\/atravesdaimagem.wordpress.com<\/a><\/p>\n\n\n\n<p>Leopoldo Plentz. fot\u00f3grafo e artista visual <a href=\"http:\/\/www.leopoldoplentz.com\" target=\"_blank\" rel=\"noreferrer noopener\">www.leopoldoplentz.com<\/a> <a href=\"http:\/\/www.instagram.com\/leopoldoplentz\" target=\"_blank\" rel=\"noreferrer noopener\">www.instagram.com\/leopoldoplentz<\/a><\/p>\n\n\n\n<p>Rafael Schultz Myczkowski, prof Instituto Nacional de Educa\u00e7\u00e3o de Surdos (INES) Rio de Janeiro <a href=\"http:\/\/www.facebook.com\/rafael.s.myczkowski\" target=\"_blank\" rel=\"noreferrer noopener\">www.facebook.com\/rafael.s.myczkowski<\/a><\/p>\n\n\n\n<p>Rose Aguiar <a href=\"https:\/\/www.instagram.com\/roseaguiarfotoarte\/\">www.instagram.com\/roseaguiarfotoarte\/<\/a><\/p>\n\n\n\n<p>Ruth Moreira Sousa Regiani prof Ida-UnB &#8211; LAFA <a href=\"https:\/\/www.facebook.com\/lafaunb\" target=\"_blank\" rel=\"noreferrer noopener\">https:\/\/www.facebook.com\/lafaunb <\/a><a href=\"http:\/\/www.instagram.com\/ruthsousartista\/\" target=\"_blank\" rel=\"noreferrer noopener\">www.instagram.com\/ruthsousartista\/<\/a><\/p>\n\n\n\n<p><\/p>\n","protected":false},"excerpt":{"rendered":"<p>Sauda\u00e7\u00f5es aos organizadores e participantes do eventoProcessos fotogr\u00e1ficos hist\u00f3ricos: arte e educa\u00e7\u00e3oque prossiga esta iniciativa e que se mantenha! Registros fotogr\u00e1ficos do evento obtidos pelos colegasAndrea Bracher prof IA-UFRGS www.instagram.com\/andreabracher www.andreabracher.com.br www.instagram.com\/lumen_ufrgs\/ Mariane Rotter, prof UERGS www.instagram.com\/nucleofotouergs https:\/\/atravesdaimagem.wordpress.com Leopoldo Plentz. fot\u00f3grafo e artista visual www.leopoldoplentz.com www.instagram.com\/leopoldoplentz Rafael Schultz Myczkowski, prof Instituto Nacional de Educa\u00e7\u00e3o de [&hellip;]<\/p>\n","protected":false},"author":1,"featured_media":2424,"comment_status":"closed","ping_status":"","sticky":false,"template":"","format":"standard","meta":{"footnotes":""},"categories":[1,12],"tags":[],"class_list":["post-2463","post","type-post","status-publish","format-standard","has-post-thumbnail","hentry","category-uncategorized","category-pessoas"],"blocksy_meta":[],"_links":{"self":[{"href":"https:\/\/foto.art.br\/site\/wp-json\/wp\/v2\/posts\/2463","targetHints":{"allow":["GET"]}}],"collection":[{"href":"https:\/\/foto.art.br\/site\/wp-json\/wp\/v2\/posts"}],"about":[{"href":"https:\/\/foto.art.br\/site\/wp-json\/wp\/v2\/types\/post"}],"author":[{"embeddable":true,"href":"https:\/\/foto.art.br\/site\/wp-json\/wp\/v2\/users\/1"}],"replies":[{"embeddable":true,"href":"https:\/\/foto.art.br\/site\/wp-json\/wp\/v2\/comments?post=2463"}],"version-history":[{"count":9,"href":"https:\/\/foto.art.br\/site\/wp-json\/wp\/v2\/posts\/2463\/revisions"}],"predecessor-version":[{"id":2479,"href":"https:\/\/foto.art.br\/site\/wp-json\/wp\/v2\/posts\/2463\/revisions\/2479"}],"wp:featuredmedia":[{"embeddable":true,"href":"https:\/\/foto.art.br\/site\/wp-json\/wp\/v2\/media\/2424"}],"wp:attachment":[{"href":"https:\/\/foto.art.br\/site\/wp-json\/wp\/v2\/media?parent=2463"}],"wp:term":[{"taxonomy":"category","embeddable":true,"href":"https:\/\/foto.art.br\/site\/wp-json\/wp\/v2\/categories?post=2463"},{"taxonomy":"post_tag","embeddable":true,"href":"https:\/\/foto.art.br\/site\/wp-json\/wp\/v2\/tags?post=2463"}],"curies":[{"name":"wp","href":"https:\/\/api.w.org\/{rel}","templated":true}]}}