{"id":2480,"date":"2025-10-08T04:26:12","date_gmt":"2025-10-08T07:26:12","guid":{"rendered":"https:\/\/foto.art.br\/site\/?p=2480"},"modified":"2025-10-08T15:50:28","modified_gmt":"2025-10-08T18:50:28","slug":"convocatorias-abiertas-para-el-experimental-2026","status":"publish","type":"post","link":"https:\/\/foto.art.br\/site\/2025\/10\/08\/convocatorias-abiertas-para-el-experimental-2026\/","title":{"rendered":"\u00a1Convocatorias Abiertas para el Experimental 2026!"},"content":{"rendered":"\n<figure class=\"wp-block-image size-large\"><img loading=\"lazy\" decoding=\"async\" width=\"819\" height=\"1024\" src=\"https:\/\/foto.art.br\/site\/wp-content\/uploads\/2025\/10\/convoca-819x1024.jpg\" alt=\"\" class=\"wp-image-2482\" srcset=\"https:\/\/foto.art.br\/site\/wp-content\/uploads\/2025\/10\/convoca-819x1024.jpg 819w, https:\/\/foto.art.br\/site\/wp-content\/uploads\/2025\/10\/convoca-240x300.jpg 240w, https:\/\/foto.art.br\/site\/wp-content\/uploads\/2025\/10\/convoca-768x960.jpg 768w, https:\/\/foto.art.br\/site\/wp-content\/uploads\/2025\/10\/convoca-100x125.jpg 100w, https:\/\/foto.art.br\/site\/wp-content\/uploads\/2025\/10\/convoca-1228x1536.jpg 1228w, https:\/\/foto.art.br\/site\/wp-content\/uploads\/2025\/10\/convoca.jpg 1350w\" sizes=\"auto, (max-width: 819px) 100vw, 819px\" \/><\/figure>\n\n\n\n<p>Por s\u00e9ptimo a\u00f1o consecutivo, el&nbsp;Experimental Photo Festival 2026, que se celebrar\u00e1 en Barcelona del&nbsp;2 al 26 de julio,&nbsp;abre su&nbsp;convocatoria internacional dirigida a fot\u00f3grafes y artistas de todas las trayectorias, nacionalidades y edades. La invitaci\u00f3n est\u00e1 abierta a quienes trabajan con&nbsp;fotograf\u00eda creativa, experimental, alternativa, hist\u00f3rica e h\u00edbrida,&nbsp;y que deseen llevar su obra a un nuevo nivel explorando lo innovador en sus conceptos, t\u00e9cnicas o formas de exposici\u00f3n.<\/p>\n\n\n\n<p>\u200b<\/p>\n\n\n\n<p>Los 20 creadores seleccionados&nbsp;presentar\u00e1n sus exposiciones en algunos de los&nbsp;espacios m\u00e1s emblem\u00e1ticos de Barcelona&nbsp;durante todo el mes de julio. Algunas muestras se ubicar\u00e1n en&nbsp;interiores, otras se desplegar\u00e1n en&nbsp;exteriores&nbsp;mediante lonas de gran formato, y algunas ser\u00e1n concebidas espec\u00edficamente para lugares singulares y de car\u00e1cter especial. Primero, se inaugurar\u00e1n para el&nbsp;Encuentro Internacional de Festivales de Fotograf\u00eda, donde&nbsp;participar\u00e1n representantes de m\u00e1s de 50 festivales&nbsp;de todo el mundo. Luego, se volver\u00e1n a inaugurar para el&nbsp;Experimental Photo Festival 2026, para toda la comunidad de la ciudad y de forma internacional. Esta estrategia asegura una proyecci\u00f3n internacional privilegiada frente a curadores y directores de festivales de todo el mundo, as\u00ed como a los vecinos de la ciudad.<\/p>\n\n\n\n<p><a href=\"https:\/\/www.experimentalphotofestival.com\/convocatoria-expos\" target=\"_blank\" rel=\"noreferrer noopener\">https:\/\/www.experimentalphotofestival.com\/convocatoria-expos<\/a><\/p>\n\n\n\n<p><a href=\"https:\/\/www.facebook.com\/experimentalphotofestival\" target=\"_blank\" rel=\"noreferrer noopener\">https:\/\/www.facebook.com\/experimentalphotofestival<\/a><\/p>\n\n\n\n<p><\/p>\n","protected":false},"excerpt":{"rendered":"<p>Por s\u00e9ptimo a\u00f1o consecutivo, el&nbsp;Experimental Photo Festival 2026, que se celebrar\u00e1 en Barcelona del&nbsp;2 al 26 de julio,&nbsp;abre su&nbsp;convocatoria internacional dirigida a fot\u00f3grafes y artistas de todas las trayectorias, nacionalidades y edades. La invitaci\u00f3n est\u00e1 abierta a quienes trabajan con&nbsp;fotograf\u00eda creativa, experimental, alternativa, hist\u00f3rica e h\u00edbrida,&nbsp;y que deseen llevar su obra a un nuevo nivel [&hellip;]<\/p>\n","protected":false},"author":1,"featured_media":2482,"comment_status":"closed","ping_status":"","sticky":false,"template":"","format":"standard","meta":{"footnotes":""},"categories":[1],"tags":[],"class_list":["post-2480","post","type-post","status-publish","format-standard","has-post-thumbnail","hentry","category-uncategorized"],"blocksy_meta":[],"_links":{"self":[{"href":"https:\/\/foto.art.br\/site\/wp-json\/wp\/v2\/posts\/2480","targetHints":{"allow":["GET"]}}],"collection":[{"href":"https:\/\/foto.art.br\/site\/wp-json\/wp\/v2\/posts"}],"about":[{"href":"https:\/\/foto.art.br\/site\/wp-json\/wp\/v2\/types\/post"}],"author":[{"embeddable":true,"href":"https:\/\/foto.art.br\/site\/wp-json\/wp\/v2\/users\/1"}],"replies":[{"embeddable":true,"href":"https:\/\/foto.art.br\/site\/wp-json\/wp\/v2\/comments?post=2480"}],"version-history":[{"count":2,"href":"https:\/\/foto.art.br\/site\/wp-json\/wp\/v2\/posts\/2480\/revisions"}],"predecessor-version":[{"id":2484,"href":"https:\/\/foto.art.br\/site\/wp-json\/wp\/v2\/posts\/2480\/revisions\/2484"}],"wp:featuredmedia":[{"embeddable":true,"href":"https:\/\/foto.art.br\/site\/wp-json\/wp\/v2\/media\/2482"}],"wp:attachment":[{"href":"https:\/\/foto.art.br\/site\/wp-json\/wp\/v2\/media?parent=2480"}],"wp:term":[{"taxonomy":"category","embeddable":true,"href":"https:\/\/foto.art.br\/site\/wp-json\/wp\/v2\/categories?post=2480"},{"taxonomy":"post_tag","embeddable":true,"href":"https:\/\/foto.art.br\/site\/wp-json\/wp\/v2\/tags?post=2480"}],"curies":[{"name":"wp","href":"https:\/\/api.w.org\/{rel}","templated":true}]}}