{"id":2487,"date":"2025-10-18T07:01:10","date_gmt":"2025-10-18T10:01:10","guid":{"rendered":"https:\/\/foto.art.br\/site\/?p=2487"},"modified":"2025-10-22T16:49:12","modified_gmt":"2025-10-22T19:49:12","slug":"solarigrafia-na-ccmq","status":"publish","type":"post","link":"https:\/\/foto.art.br\/site\/2025\/10\/18\/solarigrafia-na-ccmq\/","title":{"rendered":"Solarigrafia na CCMQ"},"content":{"rendered":"\n<figure class=\"wp-block-image size-large\"><img loading=\"lazy\" decoding=\"async\" width=\"820\" height=\"1024\" src=\"https:\/\/foto.art.br\/site\/wp-content\/uploads\/2025\/10\/solar-820x1024.jpg\" alt=\"\" class=\"wp-image-2488\" srcset=\"https:\/\/foto.art.br\/site\/wp-content\/uploads\/2025\/10\/solar-820x1024.jpg 820w, https:\/\/foto.art.br\/site\/wp-content\/uploads\/2025\/10\/solar-240x300.jpg 240w, https:\/\/foto.art.br\/site\/wp-content\/uploads\/2025\/10\/solar-768x959.jpg 768w, https:\/\/foto.art.br\/site\/wp-content\/uploads\/2025\/10\/solar-100x125.jpg 100w, https:\/\/foto.art.br\/site\/wp-content\/uploads\/2025\/10\/solar.jpg 1081w\" sizes=\"auto, (max-width: 820px) 100vw, 820px\" \/><\/figure>\n\n\n\n<p>A exposi\u00e7\u00e3o Solarigrafia na CCMQ inaugura neste s\u00e1bado, 18 de outubro, \u00e0s 11h, na Microgaleria Tatata Pimentel, 3\u00b0 andar da Casa de Cultura Mario Quintana (CCMQ). A mostra apresenta o resultado de uma experi\u00eancia coletiva conduzida pelos artistas e professores Mariane Rotter, Amilcar Pinto e Ant\u00f4nio Sobral.<\/p>\n\n\n\n<p>Realizada em parceria entre o Instituto Estadual de Artes Visuais (IEAVi) e a CCMQ, a exposi\u00e7\u00e3o \u00e9 uma realiza\u00e7\u00e3o do LABi \u2013 Laborat\u00f3rio de Imagens, a\u00e7\u00e3o do programa de extens\u00e3o do N\u00facleo de Fotografia da Universidade Estadual do Rio Grande do Sul (Uergs).<\/p>\n\n\n\n<p>Durante 50 dias, 20 latinhas foram instaladas em diferentes pontos da Casa para captar, por meio da t\u00e9cnica da solarigrafia, o movimento da luz do sol sobre o edif\u00edcio e o horizonte do Gua\u00edba. As imagens, agora ampliadas, ocupam as paredes da galeria e revelam as marcas do tempo e da passagem da luz pelo espa\u00e7o.<\/p>\n\n\n\n<p>A solarigrafia \u00e9 uma t\u00e9cnica fotogr\u00e1fica que utiliza c\u00e2meras artesanais e longas exposi\u00e7\u00f5es para registrar o caminho do sol ao longo dos dias, criando imagens que condensam tempo, luz e paisagem em um \u00fanico quadro.<\/p>\n\n\n\n<p>Abertura: S\u00e1bado (18\/10), \u00e0s 11h<br>. Local: Microgaleria Tatata Pimentel \u2013 Casa de Cultura Mario Quintana<br>. Visita\u00e7\u00e3o: At\u00e9 02 de novembro. De ter\u00e7a-feira a domingo, das 10h \u00e0s 19h<\/p>\n\n\n\n<figure class=\"wp-block-image size-large\"><img loading=\"lazy\" decoding=\"async\" width=\"1024\" height=\"577\" src=\"https:\/\/foto.art.br\/site\/wp-content\/uploads\/2025\/10\/20251020_090451361752816149990266-1024x577.jpg\" alt=\"\" class=\"wp-image-2500\" srcset=\"https:\/\/foto.art.br\/site\/wp-content\/uploads\/2025\/10\/20251020_090451361752816149990266-1024x577.jpg 1024w, https:\/\/foto.art.br\/site\/wp-content\/uploads\/2025\/10\/20251020_090451361752816149990266-300x169.jpg 300w, https:\/\/foto.art.br\/site\/wp-content\/uploads\/2025\/10\/20251020_090451361752816149990266-768x432.jpg 768w, https:\/\/foto.art.br\/site\/wp-content\/uploads\/2025\/10\/20251020_090451361752816149990266-100x56.jpg 100w, https:\/\/foto.art.br\/site\/wp-content\/uploads\/2025\/10\/20251020_090451361752816149990266-1536x865.jpg 1536w, https:\/\/foto.art.br\/site\/wp-content\/uploads\/2025\/10\/20251020_090451361752816149990266.jpg 2000w\" sizes=\"auto, (max-width: 1024px) 100vw, 1024px\" \/><\/figure>\n\n\n\n<figure class=\"wp-block-image\"><img loading=\"lazy\" decoding=\"async\" width=\"2000\" height=\"1126\" src=\"https:\/\/foto.art.br\/site\/wp-content\/uploads\/2025\/10\/20251020_0904372803734707244639042.jpg\" alt=\"\" class=\"wp-image-2496\" srcset=\"https:\/\/foto.art.br\/site\/wp-content\/uploads\/2025\/10\/20251020_0904372803734707244639042.jpg 2000w, https:\/\/foto.art.br\/site\/wp-content\/uploads\/2025\/10\/20251020_0904372803734707244639042-300x169.jpg 300w, https:\/\/foto.art.br\/site\/wp-content\/uploads\/2025\/10\/20251020_0904372803734707244639042-1024x577.jpg 1024w, https:\/\/foto.art.br\/site\/wp-content\/uploads\/2025\/10\/20251020_0904372803734707244639042-768x432.jpg 768w, https:\/\/foto.art.br\/site\/wp-content\/uploads\/2025\/10\/20251020_0904372803734707244639042-100x56.jpg 100w, https:\/\/foto.art.br\/site\/wp-content\/uploads\/2025\/10\/20251020_0904372803734707244639042-1536x865.jpg 1536w\" sizes=\"auto, (max-width: 2000px) 100vw, 2000px\" \/><\/figure>\n\n\n\n<figure class=\"wp-block-image\"><img loading=\"lazy\" decoding=\"async\" width=\"2000\" height=\"1126\" src=\"https:\/\/foto.art.br\/site\/wp-content\/uploads\/2025\/10\/20251020_0904236811835306634796302.jpg\" alt=\"\" class=\"wp-image-2498\" srcset=\"https:\/\/foto.art.br\/site\/wp-content\/uploads\/2025\/10\/20251020_0904236811835306634796302.jpg 2000w, https:\/\/foto.art.br\/site\/wp-content\/uploads\/2025\/10\/20251020_0904236811835306634796302-300x169.jpg 300w, https:\/\/foto.art.br\/site\/wp-content\/uploads\/2025\/10\/20251020_0904236811835306634796302-1024x577.jpg 1024w, https:\/\/foto.art.br\/site\/wp-content\/uploads\/2025\/10\/20251020_0904236811835306634796302-768x432.jpg 768w, https:\/\/foto.art.br\/site\/wp-content\/uploads\/2025\/10\/20251020_0904236811835306634796302-100x56.jpg 100w, https:\/\/foto.art.br\/site\/wp-content\/uploads\/2025\/10\/20251020_0904236811835306634796302-1536x865.jpg 1536w\" sizes=\"auto, (max-width: 2000px) 100vw, 2000px\" \/><\/figure>\n\n\n\n<figure class=\"wp-block-image size-large\"><img loading=\"lazy\" decoding=\"async\" width=\"791\" height=\"275\" src=\"https:\/\/foto.art.br\/site\/wp-content\/uploads\/2025\/10\/image_editor_output_image-1391216766-17611625317615155897455669513223.jpg\" alt=\"\" class=\"wp-image-2501\" srcset=\"https:\/\/foto.art.br\/site\/wp-content\/uploads\/2025\/10\/image_editor_output_image-1391216766-17611625317615155897455669513223.jpg 791w, https:\/\/foto.art.br\/site\/wp-content\/uploads\/2025\/10\/image_editor_output_image-1391216766-17611625317615155897455669513223-300x104.jpg 300w, https:\/\/foto.art.br\/site\/wp-content\/uploads\/2025\/10\/image_editor_output_image-1391216766-17611625317615155897455669513223-768x267.jpg 768w, https:\/\/foto.art.br\/site\/wp-content\/uploads\/2025\/10\/image_editor_output_image-1391216766-17611625317615155897455669513223-100x35.jpg 100w\" sizes=\"auto, (max-width: 791px) 100vw, 791px\" \/><\/figure>\n\n\n\n<figure class=\"wp-block-image\"><img loading=\"lazy\" decoding=\"async\" width=\"2000\" height=\"1233\" src=\"https:\/\/foto.art.br\/site\/wp-content\/uploads\/2025\/10\/20251020_0905304717445398123750712.jpg\" alt=\"\" class=\"wp-image-2497\" srcset=\"https:\/\/foto.art.br\/site\/wp-content\/uploads\/2025\/10\/20251020_0905304717445398123750712.jpg 2000w, https:\/\/foto.art.br\/site\/wp-content\/uploads\/2025\/10\/20251020_0905304717445398123750712-300x185.jpg 300w, https:\/\/foto.art.br\/site\/wp-content\/uploads\/2025\/10\/20251020_0905304717445398123750712-1024x631.jpg 1024w, https:\/\/foto.art.br\/site\/wp-content\/uploads\/2025\/10\/20251020_0905304717445398123750712-768x473.jpg 768w, https:\/\/foto.art.br\/site\/wp-content\/uploads\/2025\/10\/20251020_0905304717445398123750712-100x62.jpg 100w, https:\/\/foto.art.br\/site\/wp-content\/uploads\/2025\/10\/20251020_0905304717445398123750712-1536x947.jpg 1536w\" sizes=\"auto, (max-width: 2000px) 100vw, 2000px\" \/><\/figure>\n\n\n\n<figure class=\"wp-block-image\"><img loading=\"lazy\" decoding=\"async\" width=\"2000\" height=\"1697\" src=\"https:\/\/foto.art.br\/site\/wp-content\/uploads\/2025\/10\/20251017_120455643669432206534330.jpg\" alt=\"\" class=\"wp-image-2490\" srcset=\"https:\/\/foto.art.br\/site\/wp-content\/uploads\/2025\/10\/20251017_120455643669432206534330.jpg 2000w, https:\/\/foto.art.br\/site\/wp-content\/uploads\/2025\/10\/20251017_120455643669432206534330-300x255.jpg 300w, https:\/\/foto.art.br\/site\/wp-content\/uploads\/2025\/10\/20251017_120455643669432206534330-1024x869.jpg 1024w, https:\/\/foto.art.br\/site\/wp-content\/uploads\/2025\/10\/20251017_120455643669432206534330-768x652.jpg 768w, https:\/\/foto.art.br\/site\/wp-content\/uploads\/2025\/10\/20251017_120455643669432206534330-100x85.jpg 100w, https:\/\/foto.art.br\/site\/wp-content\/uploads\/2025\/10\/20251017_120455643669432206534330-1536x1303.jpg 1536w\" sizes=\"auto, (max-width: 2000px) 100vw, 2000px\" \/><\/figure>\n\n\n\n<figure class=\"wp-block-image size-large\"><img loading=\"lazy\" decoding=\"async\" width=\"1024\" height=\"768\" src=\"https:\/\/foto.art.br\/site\/wp-content\/uploads\/2025\/10\/IMG-20251017-WA0003-1024x768.jpg\" alt=\"\" class=\"wp-image-2491\" srcset=\"https:\/\/foto.art.br\/site\/wp-content\/uploads\/2025\/10\/IMG-20251017-WA0003-1024x768.jpg 1024w, https:\/\/foto.art.br\/site\/wp-content\/uploads\/2025\/10\/IMG-20251017-WA0003-300x225.jpg 300w, https:\/\/foto.art.br\/site\/wp-content\/uploads\/2025\/10\/IMG-20251017-WA0003-768x576.jpg 768w, https:\/\/foto.art.br\/site\/wp-content\/uploads\/2025\/10\/IMG-20251017-WA0003-100x75.jpg 100w, https:\/\/foto.art.br\/site\/wp-content\/uploads\/2025\/10\/IMG-20251017-WA0003-1536x1152.jpg 1536w, https:\/\/foto.art.br\/site\/wp-content\/uploads\/2025\/10\/IMG-20251017-WA0003.jpg 1600w\" sizes=\"auto, (max-width: 1024px) 100vw, 1024px\" \/><\/figure>\n","protected":false},"excerpt":{"rendered":"<p>A exposi\u00e7\u00e3o Solarigrafia na CCMQ inaugura neste s\u00e1bado, 18 de outubro, \u00e0s 11h, na Microgaleria Tatata Pimentel, 3\u00b0 andar da Casa de Cultura Mario Quintana (CCMQ). A mostra apresenta o resultado de uma experi\u00eancia coletiva conduzida pelos artistas e professores Mariane Rotter, Amilcar Pinto e Ant\u00f4nio Sobral. Realizada em parceria entre o Instituto Estadual de [&hellip;]<\/p>\n","protected":false},"author":1,"featured_media":2488,"comment_status":"closed","ping_status":"","sticky":false,"template":"","format":"standard","meta":{"footnotes":""},"categories":[1,12,13],"tags":[],"class_list":["post-2487","post","type-post","status-publish","format-standard","has-post-thumbnail","hentry","category-uncategorized","category-pessoas","category-tecnicas"],"blocksy_meta":[],"_links":{"self":[{"href":"https:\/\/foto.art.br\/site\/wp-json\/wp\/v2\/posts\/2487","targetHints":{"allow":["GET"]}}],"collection":[{"href":"https:\/\/foto.art.br\/site\/wp-json\/wp\/v2\/posts"}],"about":[{"href":"https:\/\/foto.art.br\/site\/wp-json\/wp\/v2\/types\/post"}],"author":[{"embeddable":true,"href":"https:\/\/foto.art.br\/site\/wp-json\/wp\/v2\/users\/1"}],"replies":[{"embeddable":true,"href":"https:\/\/foto.art.br\/site\/wp-json\/wp\/v2\/comments?post=2487"}],"version-history":[{"count":3,"href":"https:\/\/foto.art.br\/site\/wp-json\/wp\/v2\/posts\/2487\/revisions"}],"predecessor-version":[{"id":2502,"href":"https:\/\/foto.art.br\/site\/wp-json\/wp\/v2\/posts\/2487\/revisions\/2502"}],"wp:featuredmedia":[{"embeddable":true,"href":"https:\/\/foto.art.br\/site\/wp-json\/wp\/v2\/media\/2488"}],"wp:attachment":[{"href":"https:\/\/foto.art.br\/site\/wp-json\/wp\/v2\/media?parent=2487"}],"wp:term":[{"taxonomy":"category","embeddable":true,"href":"https:\/\/foto.art.br\/site\/wp-json\/wp\/v2\/categories?post=2487"},{"taxonomy":"post_tag","embeddable":true,"href":"https:\/\/foto.art.br\/site\/wp-json\/wp\/v2\/tags?post=2487"}],"curies":[{"name":"wp","href":"https:\/\/api.w.org\/{rel}","templated":true}]}}