{"id":2493,"date":"2025-10-22T14:35:53","date_gmt":"2025-10-22T17:35:53","guid":{"rendered":"https:\/\/foto.art.br\/site\/?p=2493"},"modified":"2025-10-22T14:35:53","modified_gmt":"2025-10-22T17:35:53","slug":"fcc-oferece-duas-oficinas-na-area-de-fotografia","status":"publish","type":"post","link":"https:\/\/foto.art.br\/site\/2025\/10\/22\/fcc-oferece-duas-oficinas-na-area-de-fotografia\/","title":{"rendered":"FCC oferece duas oficinas na \u00e1rea de fotografia"},"content":{"rendered":"\n<figure class=\"wp-block-image size-large\"><img loading=\"lazy\" decoding=\"async\" width=\"1024\" height=\"603\" src=\"https:\/\/foto.art.br\/site\/wp-content\/uploads\/2025\/10\/cameras-1024x603.jpg\" alt=\"\" class=\"wp-image-2494\" srcset=\"https:\/\/foto.art.br\/site\/wp-content\/uploads\/2025\/10\/cameras-1024x603.jpg 1024w, https:\/\/foto.art.br\/site\/wp-content\/uploads\/2025\/10\/cameras-300x177.jpg 300w, https:\/\/foto.art.br\/site\/wp-content\/uploads\/2025\/10\/cameras-768x452.jpg 768w, https:\/\/foto.art.br\/site\/wp-content\/uploads\/2025\/10\/cameras-100x59.jpg 100w, https:\/\/foto.art.br\/site\/wp-content\/uploads\/2025\/10\/cameras-1536x904.jpg 1536w, https:\/\/foto.art.br\/site\/wp-content\/uploads\/2025\/10\/cameras-2048x1205.jpg 2048w\" sizes=\"auto, (max-width: 1024px) 100vw, 1024px\" \/><\/figure>\n\n\n\n<p>A Funda\u00e7\u00e3o Catarinense de Cultura (FCC) est\u00e1 com inscri\u00e7\u00f5es abertas para as oficinas de Constru\u00e7\u00e3o de C\u00e2meras Fotogr\u00e1ficas Artesanais e de Fotografia de Grande Formato. As inscri\u00e7\u00f5es s\u00e3o gratuitas.<br><br><strong>Oficina de Constru\u00e7\u00e3o de C\u00e2meras Fotogr\u00e1ficas Artesanais<\/strong><br><br>As atividades ocorrer\u00e3o no espa\u00e7o das Oficinas de Arte do Centro Integrado de Cultura (CIC), em Florian\u00f3polis, aos s\u00e1bados, de 1\u00ba de novembro a 20 de dezembro de 2025, das 8h30 \u00e0s 11h30, completando sete encontros. Os projetos ser\u00e3o individuais e os resultados dependem da habilidade t\u00e9cnica de cada um em executar as etapas (ou contratar servi\u00e7os externos de marcenaria, corte a laser, impress\u00e3o 3D). Os projetos envolvem a compra ou disponibilidade de materiais pelos participantes, com previs\u00e3o de gastos a partir de R$ 70 para um projeto simples com aquisi\u00e7\u00e3o de lupa, madeira, tinta, cola, conex\u00f5es pl\u00e1sticas.<br><br>Poder\u00e3o ser construidas c\u00e2meras obscuras, c\u00e2meras tipo lambe-lambe, c\u00e2meras pinhole avan\u00e7adas, adapta\u00e7\u00e3o de c\u00e2meras de fole, todas, para uso de filme raio-x, confec\u00e7\u00e3o de mesa de luz UV, caixa laborat\u00f3rio para revela\u00e7\u00e3o, etc.<\/p>\n\n\n\n<p>A sele\u00e7\u00e3o das 6 vagas ser\u00e1 por ordem de inscri\u00e7\u00e3o, curr\u00edculo e portf\u00f3lio, com forma\u00e7\u00e3o de lista de espera (que que receber\u00e1 chamados posteriores conforme as vagas). Ser\u00e1 fornecido certificado.&nbsp;Quem faltar na primeira aula ou tiver duas faltas perder\u00e1 a vaga.<br><br>:: Inscri\u00e7\u00f5es pelo formul\u00e1rio no link:&nbsp;<a href=\"https:\/\/forms.gle\/Ldkmrqes2mjyy8iY8\" target=\"_blank\" rel=\"noreferrer noopener\">https:\/\/forms.gle\/<wbr>Ldkmrqes2mjyy8iY8<\/a><br><br><strong>Fotografia de Grande Formato<\/strong><br><br>O objetivo da atividade \u00e9 a experi\u00eancia e familiariza\u00e7\u00e3o com a fotografia de filme em grande formato, para para uma posterior constru\u00e7\u00e3o ou reforma de c\u00e2mera pelo aluno. Ou apenas para experimentar o formato.&nbsp;Atividade pr\u00e1tica de fotografia 4&#215;5&#8243; em filme de Raio-X, com uma c\u00e2mera comercial por participante. Introdu\u00e7\u00e3o ao formato, no\u00e7\u00f5es t\u00e9cnicas e te\u00f3ricas, revela\u00e7\u00e3o, impress\u00e3o, usos, projetos.&nbsp;<br><br>Os encontros ocorrer\u00e3o \u00e0s ter\u00e7as e quintas-feiras, de 6 de novembro a 4 de dezembro de 2025, das 8h30h \u00e0s 11h, nas Salas de Oficinas de Arte do Centro Integrado de Cultura (CIC).&nbsp;\u00c9 fundamental a presen\u00e7a na primeiro per\u00edodo de aula, a \u00fanica parte expositiva. As demais ser\u00e3o pr\u00e1ticas. Quem faltar na primeira aula ou tiver duas faltas perder\u00e1 a vaga.<br><br>A atividade tem 20 horas\/aula e ser\u00e1 fornecido certificado.&nbsp;Os custos de material de consumo, filme e reveladores ser\u00e3o divididos entre os alunos (aproximadamente R$70).<br><br>Ser\u00e3o seis vagas, destinadas a pessoas com conhecimento de fotografia qu\u00edmica ou digital (n\u00e3o \u00e9 direcionada a iniciantes).&nbsp;As vagas ser\u00e3o preenchidas pelos crit\u00e9rios de ordem de inscri\u00e7\u00e3o, curr\u00edculo e portf\u00f3lio<br>As inscri\u00e7\u00f5es devem ser feitas pelo formul\u00e1rio:&nbsp;<a href=\"https:\/\/forms.gle\/DvSSPNPvNZHzboE46\" target=\"_blank\" rel=\"noreferrer noopener\">https:\/\/forms.gle\/<wbr>DvSSPNPvNZHzboE46<\/a><\/p>\n","protected":false},"excerpt":{"rendered":"<p>A Funda\u00e7\u00e3o Catarinense de Cultura (FCC) est\u00e1 com inscri\u00e7\u00f5es abertas para as oficinas de Constru\u00e7\u00e3o de C\u00e2meras Fotogr\u00e1ficas Artesanais e de Fotografia de Grande Formato. As inscri\u00e7\u00f5es s\u00e3o gratuitas. Oficina de Constru\u00e7\u00e3o de C\u00e2meras Fotogr\u00e1ficas Artesanais As atividades ocorrer\u00e3o no espa\u00e7o das Oficinas de Arte do Centro Integrado de Cultura (CIC), em Florian\u00f3polis, aos s\u00e1bados, [&hellip;]<\/p>\n","protected":false},"author":1,"featured_media":2494,"comment_status":"closed","ping_status":"","sticky":false,"template":"","format":"standard","meta":{"footnotes":""},"categories":[1],"tags":[],"class_list":["post-2493","post","type-post","status-publish","format-standard","has-post-thumbnail","hentry","category-uncategorized"],"blocksy_meta":[],"_links":{"self":[{"href":"https:\/\/foto.art.br\/site\/wp-json\/wp\/v2\/posts\/2493","targetHints":{"allow":["GET"]}}],"collection":[{"href":"https:\/\/foto.art.br\/site\/wp-json\/wp\/v2\/posts"}],"about":[{"href":"https:\/\/foto.art.br\/site\/wp-json\/wp\/v2\/types\/post"}],"author":[{"embeddable":true,"href":"https:\/\/foto.art.br\/site\/wp-json\/wp\/v2\/users\/1"}],"replies":[{"embeddable":true,"href":"https:\/\/foto.art.br\/site\/wp-json\/wp\/v2\/comments?post=2493"}],"version-history":[{"count":1,"href":"https:\/\/foto.art.br\/site\/wp-json\/wp\/v2\/posts\/2493\/revisions"}],"predecessor-version":[{"id":2495,"href":"https:\/\/foto.art.br\/site\/wp-json\/wp\/v2\/posts\/2493\/revisions\/2495"}],"wp:featuredmedia":[{"embeddable":true,"href":"https:\/\/foto.art.br\/site\/wp-json\/wp\/v2\/media\/2494"}],"wp:attachment":[{"href":"https:\/\/foto.art.br\/site\/wp-json\/wp\/v2\/media?parent=2493"}],"wp:term":[{"taxonomy":"category","embeddable":true,"href":"https:\/\/foto.art.br\/site\/wp-json\/wp\/v2\/categories?post=2493"},{"taxonomy":"post_tag","embeddable":true,"href":"https:\/\/foto.art.br\/site\/wp-json\/wp\/v2\/tags?post=2493"}],"curies":[{"name":"wp","href":"https:\/\/api.w.org\/{rel}","templated":true}]}}