{"id":2554,"date":"2025-11-25T15:15:51","date_gmt":"2025-11-25T18:15:51","guid":{"rendered":"https:\/\/foto.art.br\/site\/?p=2554"},"modified":"2025-11-25T15:18:01","modified_gmt":"2025-11-25T18:18:01","slug":"fotografia-alternativa-experimental","status":"publish","type":"post","link":"https:\/\/foto.art.br\/site\/2025\/11\/25\/fotografia-alternativa-experimental\/","title":{"rendered":"Fotografia Alternativa Experimental"},"content":{"rendered":"\n<p>Fotografia Alternativa Experimental<\/p>\n\n\n\n<figure class=\"wp-block-image size-large\"><img loading=\"lazy\" decoding=\"async\" width=\"1024\" height=\"577\" src=\"https:\/\/foto.art.br\/site\/wp-content\/uploads\/2025\/11\/experimental-1024x577.jpg\" alt=\"\" class=\"wp-image-2555\" srcset=\"https:\/\/foto.art.br\/site\/wp-content\/uploads\/2025\/11\/experimental-1024x577.jpg 1024w, https:\/\/foto.art.br\/site\/wp-content\/uploads\/2025\/11\/experimental-300x169.jpg 300w, https:\/\/foto.art.br\/site\/wp-content\/uploads\/2025\/11\/experimental-768x432.jpg 768w, https:\/\/foto.art.br\/site\/wp-content\/uploads\/2025\/11\/experimental-100x56.jpg 100w, https:\/\/foto.art.br\/site\/wp-content\/uploads\/2025\/11\/experimental-1536x865.jpg 1536w, https:\/\/foto.art.br\/site\/wp-content\/uploads\/2025\/11\/experimental-2048x1153.jpg 2048w\" sizes=\"auto, (max-width: 1024px) 100vw, 1024px\" \/><\/figure>\n\n\n\n<p><br>Nesta oficina ser\u00e3o abordadas as pr\u00e1ticas fotogr\u00e1ficas de baixo custo envolvendo a fotografia alternativa e experimental<br>Constru\u00e7\u00e3o de C\u00e2mera Obscura, fotografia Pinhole (Foto na Lata), Quimigrama e Lumenprint, Antotipia,<br>Cianotipia, Papel Salgado, Goma Bicromatada.<br>As oficinas v\u00e3o acontecer as quartas e sextas-feiras, de 3 a 19 de dezembro, das 8:30 \u00e0s 11:40h<br>Ser\u00e3o 10 vagas que ser\u00e3o preenchidas por ordem de inscri\u00e7\u00e3o, n\u00e3o \u00e9 necess\u00e1rio conhecimento ou experi\u00eancia pr\u00e9via.<\/p>\n\n\n\n<p>Aten\u00e7\u00e3o ! As inscri\u00e7\u00f5es aceitas ser\u00e3o comunicadas por e-mail, que dever\u00e1 ser respondido no m\u00e1ximo em 48 horas para confirma\u00e7\u00e3o da vaga; inscri\u00e7\u00f5es n\u00e3o confirmadas no prazo ser\u00e3o desconsideradas, sendo convocado o pr\u00f3ximo da lista.<br>As oficinas s\u00e3o gratuitas, mas o material de consumo, pap\u00e9is e produtos qu\u00edmicos \u00e9 por conta do aluno, aproximadamente R$70,00.<\/p>\n\n\n\n<p>A presen\u00e7a na primeira aula \u00e9 obrigat\u00f3ria, a falta nesta ou em dois encontros implica no cancelamento da vaga. Ser\u00e1 fornecido Certificado.<\/p>\n\n\n\n<p>As inscri\u00e7\u00f5es podem ser feitas pelo formul\u00e1rio:<br><a href=\"https:\/\/forms.gle\/BMZ6wQk6JhCHdZxd8\" target=\"_blank\" rel=\"noreferrer noopener\">https:\/\/forms.gle\/BMZ6wQk6JhCHdZxd8<\/a><\/p>\n\n\n\n<p>quartas e sextas-feiras, de 3 a 19 de dezembro, das 8:30 \u00e0s 11:40h<br>Sala 4 das Oficinas de Arte do<br>Centro Integrado de Cultura<br>Av. Gov. Irineu Bornhausen, 5600<br>Agron\u00f4mica &#8211; Florian\u00f3polis-SC<\/p>\n","protected":false},"excerpt":{"rendered":"<p>Fotografia Alternativa Experimental Nesta oficina ser\u00e3o abordadas as pr\u00e1ticas fotogr\u00e1ficas de baixo custo envolvendo a fotografia alternativa e experimentalConstru\u00e7\u00e3o de C\u00e2mera Obscura, fotografia Pinhole (Foto na Lata), Quimigrama e Lumenprint, Antotipia,Cianotipia, Papel Salgado, Goma Bicromatada.As oficinas v\u00e3o acontecer as quartas e sextas-feiras, de 3 a 19 de dezembro, das 8:30 \u00e0s 11:40hSer\u00e3o 10 vagas que [&hellip;]<\/p>\n","protected":false},"author":1,"featured_media":2555,"comment_status":"closed","ping_status":"","sticky":false,"template":"","format":"standard","meta":{"footnotes":""},"categories":[1],"tags":[],"class_list":["post-2554","post","type-post","status-publish","format-standard","has-post-thumbnail","hentry","category-uncategorized"],"blocksy_meta":[],"_links":{"self":[{"href":"https:\/\/foto.art.br\/site\/wp-json\/wp\/v2\/posts\/2554","targetHints":{"allow":["GET"]}}],"collection":[{"href":"https:\/\/foto.art.br\/site\/wp-json\/wp\/v2\/posts"}],"about":[{"href":"https:\/\/foto.art.br\/site\/wp-json\/wp\/v2\/types\/post"}],"author":[{"embeddable":true,"href":"https:\/\/foto.art.br\/site\/wp-json\/wp\/v2\/users\/1"}],"replies":[{"embeddable":true,"href":"https:\/\/foto.art.br\/site\/wp-json\/wp\/v2\/comments?post=2554"}],"version-history":[{"count":2,"href":"https:\/\/foto.art.br\/site\/wp-json\/wp\/v2\/posts\/2554\/revisions"}],"predecessor-version":[{"id":2557,"href":"https:\/\/foto.art.br\/site\/wp-json\/wp\/v2\/posts\/2554\/revisions\/2557"}],"wp:featuredmedia":[{"embeddable":true,"href":"https:\/\/foto.art.br\/site\/wp-json\/wp\/v2\/media\/2555"}],"wp:attachment":[{"href":"https:\/\/foto.art.br\/site\/wp-json\/wp\/v2\/media?parent=2554"}],"wp:term":[{"taxonomy":"category","embeddable":true,"href":"https:\/\/foto.art.br\/site\/wp-json\/wp\/v2\/categories?post=2554"},{"taxonomy":"post_tag","embeddable":true,"href":"https:\/\/foto.art.br\/site\/wp-json\/wp\/v2\/tags?post=2554"}],"curies":[{"name":"wp","href":"https:\/\/api.w.org\/{rel}","templated":true}]}}