{"id":2559,"date":"2025-12-10T16:56:19","date_gmt":"2025-12-10T19:56:19","guid":{"rendered":"https:\/\/foto.art.br\/site\/?p=2559"},"modified":"2025-12-10T17:06:37","modified_gmt":"2025-12-10T20:06:37","slug":"neo-analog","status":"publish","type":"post","link":"https:\/\/foto.art.br\/site\/2025\/12\/10\/neo-analog\/","title":{"rendered":"NEO-ANALOG"},"content":{"rendered":"\n<figure class=\"wp-block-table\"><table class=\"has-fixed-layout\"><tbody><tr><td colspan=\"2\">NEO-ANALOG<br>La photographie apr\u00e8s l\u2019image<\/td><\/tr><\/tbody><\/table><\/figure>\n\n\n\n<figure class=\"wp-block-image size-large\"><img loading=\"lazy\" decoding=\"async\" width=\"819\" height=\"1024\" src=\"https:\/\/foto.art.br\/site\/wp-content\/uploads\/2025\/12\/neoanalog-819x1024.jpg\" alt=\"\" class=\"wp-image-2572\" srcset=\"https:\/\/foto.art.br\/site\/wp-content\/uploads\/2025\/12\/neoanalog-819x1024.jpg 819w, https:\/\/foto.art.br\/site\/wp-content\/uploads\/2025\/12\/neoanalog-240x300.jpg 240w, https:\/\/foto.art.br\/site\/wp-content\/uploads\/2025\/12\/neoanalog-768x960.jpg 768w, https:\/\/foto.art.br\/site\/wp-content\/uploads\/2025\/12\/neoanalog-100x125.jpg 100w, https:\/\/foto.art.br\/site\/wp-content\/uploads\/2025\/12\/neoanalog-1229x1536.jpg 1229w, https:\/\/foto.art.br\/site\/wp-content\/uploads\/2025\/12\/neoanalog.jpg 1638w\" sizes=\"auto, (max-width: 819px) 100vw, 819px\" \/><\/figure>\n\n\n\n<p>Michel Poivert, professor de hist\u00f3ria da fotografia na Universidade Paris 1 Panth\u00e9on-Sorbonne, \u00e9 co-curador, com \u00c9velyne Cohen, da exposi\u00e7\u00e3o &#8220;NEO-ANALOG, Fotografia Depois da Imagem&#8221;, em cartaz at\u00e9 3 de janeiro de 2026 no Centro de Arte Contempor\u00e2nea Tignous, em Montreuil.<\/p>\n\n\n\n<p>Vis\u00e3o Geral da Exposi\u00e7\u00e3o<\/p>\n\n\n\n<p>Com os artistas: <\/p>\n\n\n\n<p><a href=\"https:\/\/sylviebonnot.com\/\" data-type=\"link\" data-id=\"https:\/\/sylviebonnot.com\/\" target=\"_blank\" rel=\"noreferrer noopener\">Sylvie Bonnot<\/a><\/p>\n\n\n\n<p><a href=\"https:\/\/www.veroniquebourgoin.com\/\" data-type=\"link\" data-id=\"https:\/\/www.veroniquebourgoin.com\/\" target=\"_blank\" rel=\"noreferrer noopener\">V\u00e9ronique Bourgoin<\/a><\/p>\n\n\n\n<p><a href=\"http:\/\/arinaessipowitsch.com\/\" data-type=\"link\" data-id=\"http:\/\/arinaessipowitsch.com\/\" target=\"_blank\" rel=\"noreferrer noopener\">Arina Essipowitsch<\/a><\/p>\n\n\n\n<p><a href=\"https:\/\/mariehazard.org\/\" data-type=\"link\" data-id=\"https:\/\/mariehazard.org\/\" target=\"_blank\" rel=\"noreferrer noopener\">Marie Hazard<\/a><\/p>\n\n\n\n<p><a href=\"https:\/\/www.yanishoussen.com\/\" data-type=\"link\" data-id=\"https:\/\/www.yanishoussen.com\/\" target=\"_blank\" rel=\"noreferrer noopener\">Yanis Houssen<\/a><\/p>\n\n\n\n<p><a href=\"https:\/\/www.saraimloul.com\/\" data-type=\"link\" data-id=\"https:\/\/www.saraimloul.com\/\" target=\"_blank\" rel=\"noreferrer noopener\">Sara Imloul<\/a><\/p>\n\n\n\n<p><a href=\"https:\/\/www.laurentlafolie.photography\/\" data-type=\"link\" data-id=\"https:\/\/www.laurentlafolie.photography\/\" target=\"_blank\" rel=\"noreferrer noopener\">Laurent Lafolie<\/a><\/p>\n\n\n\n<p><a href=\"https:\/\/www.hanakomurakami.net\/\" data-type=\"link\" data-id=\"https:\/\/www.hanakomurakami.net\/\" target=\"_blank\" rel=\"noreferrer noopener\">Hanako Murakami<\/a><\/p>\n\n\n\n<p><a href=\"https:\/\/raphaelleperia.com\/paysages\/\" data-type=\"link\" data-id=\"https:\/\/raphaelleperia.com\/paysages\/\" target=\"_blank\" rel=\"noreferrer noopener\">Rapha\u00eblle Peria<\/a><\/p>\n\n\n\n<p><a href=\"https:\/\/www.catherineponcin.com\/\" data-type=\"link\" data-id=\"https:\/\/www.catherineponcin.com\/\" target=\"_blank\" rel=\"noreferrer noopener\">Catherine Poncin<\/a><\/p>\n\n\n\n<p><a href=\"https:\/\/www.mathieuroquigny.com\/\" data-type=\"link\" data-id=\"https:\/\/www.mathieuroquigny.com\/\" target=\"_blank\" rel=\"noreferrer noopener\">Mathieu Roquigny<\/a><\/p>\n\n\n\n<p><a href=\"https:\/\/lauretiberghien.com\/\" data-type=\"link\" data-id=\"https:\/\/lauretiberghien.com\/\" target=\"_blank\" rel=\"noreferrer noopener\">Laure Tiberghien<\/a><\/p>\n\n\n\n<p><a href=\"http:\/\/www.dunevarela.com\/\" data-type=\"link\" data-id=\"http:\/\/www.dunevarela.com\/\" target=\"_blank\" rel=\"noreferrer noopener\">Dune Varela<\/a><\/p>\n\n\n\n<p>Baseada no trabalho de treze artistas contempor\u00e2neos, a exposi\u00e7\u00e3o NEO-ANALOG se apresenta como o manifesto de um movimento internacional que marca uma das etapas mais recentes da fotografia contempor\u00e2nea.<\/p>\n\n\n\n<p>Desde a d\u00e9cada de 2010, alguns fot\u00f3grafos que atuam no campo da arte contempor\u00e2nea t\u00eam se afastado da cria\u00e7\u00e3o de imagens para explorar a materialidade da fotografia. Os fundamentos \u2014 luz, tempo, subst\u00e2ncias fotossens\u00edveis, a tangibilidade dos suportes, etc. \u2014 emergem como um vocabul\u00e1rio alternativo \u00e0 luz das tecnologias avan\u00e7adas. Essas fotografias, consideradas \u201ccontraculturais\u201d por serem estranhas \u00e0 corrente principal das imagens midi\u00e1ticas, afirmam o potencial do anal\u00f3gico, ou seja, qualquer experimenta\u00e7\u00e3o em contato direto com a realidade. N\u00e3o se trata mais de \u201colhar\u201d, mas de ativar processos onde a f\u00edsica e a qu\u00edmica dos materiais desdobram novas possibilidades. Frequentemente enraizados numa forte sensibilidade ecos\u00f3fica, os fot\u00f3grafos neoanal\u00f3gicos tamb\u00e9m defendem pr\u00e1ticas que exploram a natureza em conjunto com cientistas e almejam uma poesia do Antropoceno: num mundo devastado, a fotografia n\u00e3o serve mais apenas para ver, mas para sentir e compreender. O anal\u00f3gico n\u00e3o \u00e9 mais uma quest\u00e3o t\u00e9cnica, mas uma mudan\u00e7a de paradigma cultural: a conex\u00e3o do fot\u00f3grafo com o mundo se d\u00e1 pelo reconhecimento do valor da experi\u00eancia. Desvalorizada desde o desenvolvimento da m\u00eddia, a experi\u00eancia retorna com for\u00e7a total atrav\u00e9s da cultura anal\u00f3gica e constitui um contraponto \u00e0 nossa exist\u00eancia digital. A fotografia neoanal\u00f3gica revisita a hist\u00f3ria do meio reativando seus processos. Ela inventa novas situa\u00e7\u00f5es t\u00e9cnicas, escapando de seu status de mera imagem: abrangendo instala\u00e7\u00e3o, escultura, gravura, pintura e v\u00eddeo, a fotografia se expandiu regenerando os fundamentos do seu meio.<\/p>\n\n\n\n<p>A revolu\u00e7\u00e3o digital parecia ter condenado a fotografia a se tornar apenas mais uma imagem. Uma gera\u00e7\u00e3o depois, reinventou-se ao afirmar valores encontrados em muitos outros campos, como m\u00fasica, jogos, cinema e at\u00e9 planejamento urbano. O neoanal\u00f3gico estabelece uma cultura material e filos\u00f3fica que permite a restaura\u00e7\u00e3o da ideia de realidade em um contexto de crise da verdade.<\/p>\n\n\n\n<p>Saiba mais no site do Centre Tignous: <a href=\"https:\/\/centretignousdartcontemporain.fr\/neoanalog\/\" target=\"_blank\" rel=\"noreferrer noopener\">https:\/\/centretignousdartcontemporain.fr\/neoanalog\/<\/a><br>\u2014 Centre Tignous d&#8217;Art Contemporain<\/p>\n\n\n\n<p>(traduzido com ajuda do Google)<\/p>\n\n\n\n<p><strong><em>discordo do uso do termo anal\u00f3gico para falar de fotografia quimica, mas o termo se disseminou internacioinalmente. Anal\u00f3gico \u00e9 eletr\u00f4nico, eletronica anal\u00f3gica, eletronica digital, tv, r\u00e1dio celular&#8230;<\/em><\/strong><\/p>\n\n\n\n<p><\/p>\n","protected":false},"excerpt":{"rendered":"<p>NEO-ANALOGLa photographie apr\u00e8s l\u2019image Michel Poivert, professor de hist\u00f3ria da fotografia na Universidade Paris 1 Panth\u00e9on-Sorbonne, \u00e9 co-curador, com \u00c9velyne Cohen, da exposi\u00e7\u00e3o &#8220;NEO-ANALOG, Fotografia Depois da Imagem&#8221;, em cartaz at\u00e9 3 de janeiro de 2026 no Centro de Arte Contempor\u00e2nea Tignous, em Montreuil. Vis\u00e3o Geral da Exposi\u00e7\u00e3o Com os artistas: Sylvie Bonnot V\u00e9ronique Bourgoin [&hellip;]<\/p>\n","protected":false},"author":1,"featured_media":2572,"comment_status":"closed","ping_status":"","sticky":false,"template":"","format":"standard","meta":{"footnotes":""},"categories":[1,12,13],"tags":[],"class_list":["post-2559","post","type-post","status-publish","format-standard","has-post-thumbnail","hentry","category-uncategorized","category-pessoas","category-tecnicas"],"blocksy_meta":[],"_links":{"self":[{"href":"https:\/\/foto.art.br\/site\/wp-json\/wp\/v2\/posts\/2559","targetHints":{"allow":["GET"]}}],"collection":[{"href":"https:\/\/foto.art.br\/site\/wp-json\/wp\/v2\/posts"}],"about":[{"href":"https:\/\/foto.art.br\/site\/wp-json\/wp\/v2\/types\/post"}],"author":[{"embeddable":true,"href":"https:\/\/foto.art.br\/site\/wp-json\/wp\/v2\/users\/1"}],"replies":[{"embeddable":true,"href":"https:\/\/foto.art.br\/site\/wp-json\/wp\/v2\/comments?post=2559"}],"version-history":[{"count":6,"href":"https:\/\/foto.art.br\/site\/wp-json\/wp\/v2\/posts\/2559\/revisions"}],"predecessor-version":[{"id":2577,"href":"https:\/\/foto.art.br\/site\/wp-json\/wp\/v2\/posts\/2559\/revisions\/2577"}],"wp:featuredmedia":[{"embeddable":true,"href":"https:\/\/foto.art.br\/site\/wp-json\/wp\/v2\/media\/2572"}],"wp:attachment":[{"href":"https:\/\/foto.art.br\/site\/wp-json\/wp\/v2\/media?parent=2559"}],"wp:term":[{"taxonomy":"category","embeddable":true,"href":"https:\/\/foto.art.br\/site\/wp-json\/wp\/v2\/categories?post=2559"},{"taxonomy":"post_tag","embeddable":true,"href":"https:\/\/foto.art.br\/site\/wp-json\/wp\/v2\/tags?post=2559"}],"curies":[{"name":"wp","href":"https:\/\/api.w.org\/{rel}","templated":true}]}}