{"id":2561,"date":"2025-12-07T16:09:26","date_gmt":"2025-12-07T19:09:26","guid":{"rendered":"https:\/\/foto.art.br\/site\/?p=2561"},"modified":"2025-12-07T16:11:55","modified_gmt":"2025-12-07T19:11:55","slug":"joseph-j-mcallister","status":"publish","type":"post","link":"https:\/\/foto.art.br\/site\/2025\/12\/07\/joseph-j-mcallister\/","title":{"rendered":"Joseph J. McAllister"},"content":{"rendered":"\n<figure class=\"wp-block-image size-large\"><img loading=\"lazy\" decoding=\"async\" width=\"1024\" height=\"681\" src=\"https:\/\/foto.art.br\/site\/wp-content\/uploads\/2025\/12\/vdyke-1024x681.jpg\" alt=\"\" class=\"wp-image-2562\" srcset=\"https:\/\/foto.art.br\/site\/wp-content\/uploads\/2025\/12\/vdyke-1024x681.jpg 1024w, https:\/\/foto.art.br\/site\/wp-content\/uploads\/2025\/12\/vdyke-300x199.jpg 300w, https:\/\/foto.art.br\/site\/wp-content\/uploads\/2025\/12\/vdyke-768x510.jpg 768w, https:\/\/foto.art.br\/site\/wp-content\/uploads\/2025\/12\/vdyke-100x66.jpg 100w, https:\/\/foto.art.br\/site\/wp-content\/uploads\/2025\/12\/vdyke-1536x1021.jpg 1536w, https:\/\/foto.art.br\/site\/wp-content\/uploads\/2025\/12\/vdyke.jpg 2048w\" sizes=\"auto, (max-width: 1024px) 100vw, 1024px\" \/><\/figure>\n\n\n\n<p>Impress\u00e3o em Marrom de Van Dyke com 2,40 x 3 metros sobre tecido de musseline, \u00e0 partir de negativo 8&#215;10&#8243;; dois dias de exposi\u00e7\u00e3o, revelado \u00e0 m\u00e3o.<\/p>\n\n\n\n<figure class=\"wp-block-image size-full\"><img loading=\"lazy\" decoding=\"async\" width=\"960\" height=\"720\" src=\"https:\/\/foto.art.br\/site\/wp-content\/uploads\/2025\/12\/allister.jpg\" alt=\"\" class=\"wp-image-2563\" srcset=\"https:\/\/foto.art.br\/site\/wp-content\/uploads\/2025\/12\/allister.jpg 960w, https:\/\/foto.art.br\/site\/wp-content\/uploads\/2025\/12\/allister-300x225.jpg 300w, https:\/\/foto.art.br\/site\/wp-content\/uploads\/2025\/12\/allister-768x576.jpg 768w, https:\/\/foto.art.br\/site\/wp-content\/uploads\/2025\/12\/allister-100x75.jpg 100w\" sizes=\"auto, (max-width: 960px) 100vw, 960px\" \/><\/figure>\n\n\n\n<p>McAllister com sua 8&#215;10&#8243;<\/p>\n\n\n\n<p>McAllister faz implress\u00f5es em vidro (e ensina) impresss\u00f5es de cianotipia e van dyke gigantes em tecido, viragens, etc<\/p>\n\n\n\n<figure class=\"wp-block-embed is-type-video is-provider-youtube wp-block-embed-youtube wp-embed-aspect-16-9 wp-has-aspect-ratio\"><div class=\"wp-block-embed__wrapper\">\n<iframe loading=\"lazy\" title=\"My\/AP - How to Print Cyanotype on Glass\" width=\"1290\" height=\"726\" src=\"https:\/\/www.youtube.com\/embed\/mygeYLcPuJM?feature=oembed\" frameborder=\"0\" allow=\"accelerometer; autoplay; clipboard-write; encrypted-media; gyroscope; picture-in-picture; web-share\" referrerpolicy=\"strict-origin-when-cross-origin\" allowfullscreen><\/iframe>\n<\/div><\/figure>\n\n\n\n<p>no v\u00eddeo \u00eale explica seu m\u00e9todo de fazer cianotipia em vidro, abaixo do seu v\u00eddeo tem links para outros videos e para pdfs com tutoriais, que McAllister compartilha com generosidade.<\/p>\n\n\n\n<p>(\u00eale usa gelatina, existem outras f\u00f3rmulas mais amig\u00e1veis com agar-agar)<\/p>\n\n\n\n<p>no link direto de suas redes sociais vemos outras adtividades suas como ator, produtor de videos de g\u00eanero espec\u00edfico,<\/p>\n","protected":false},"excerpt":{"rendered":"<p>Impress\u00e3o em Marrom de Van Dyke com 2,40 x 3 metros sobre tecido de musseline, \u00e0 partir de negativo 8&#215;10&#8243;; dois dias de exposi\u00e7\u00e3o, revelado \u00e0 m\u00e3o. McAllister com sua 8&#215;10&#8243; McAllister faz implress\u00f5es em vidro (e ensina) impresss\u00f5es de cianotipia e van dyke gigantes em tecido, viragens, etc no v\u00eddeo \u00eale explica seu m\u00e9todo [&hellip;]<\/p>\n","protected":false},"author":1,"featured_media":2562,"comment_status":"closed","ping_status":"","sticky":false,"template":"","format":"standard","meta":{"footnotes":""},"categories":[12,13],"tags":[],"class_list":["post-2561","post","type-post","status-publish","format-standard","has-post-thumbnail","hentry","category-pessoas","category-tecnicas"],"blocksy_meta":[],"_links":{"self":[{"href":"https:\/\/foto.art.br\/site\/wp-json\/wp\/v2\/posts\/2561","targetHints":{"allow":["GET"]}}],"collection":[{"href":"https:\/\/foto.art.br\/site\/wp-json\/wp\/v2\/posts"}],"about":[{"href":"https:\/\/foto.art.br\/site\/wp-json\/wp\/v2\/types\/post"}],"author":[{"embeddable":true,"href":"https:\/\/foto.art.br\/site\/wp-json\/wp\/v2\/users\/1"}],"replies":[{"embeddable":true,"href":"https:\/\/foto.art.br\/site\/wp-json\/wp\/v2\/comments?post=2561"}],"version-history":[{"count":2,"href":"https:\/\/foto.art.br\/site\/wp-json\/wp\/v2\/posts\/2561\/revisions"}],"predecessor-version":[{"id":2565,"href":"https:\/\/foto.art.br\/site\/wp-json\/wp\/v2\/posts\/2561\/revisions\/2565"}],"wp:featuredmedia":[{"embeddable":true,"href":"https:\/\/foto.art.br\/site\/wp-json\/wp\/v2\/media\/2562"}],"wp:attachment":[{"href":"https:\/\/foto.art.br\/site\/wp-json\/wp\/v2\/media?parent=2561"}],"wp:term":[{"taxonomy":"category","embeddable":true,"href":"https:\/\/foto.art.br\/site\/wp-json\/wp\/v2\/categories?post=2561"},{"taxonomy":"post_tag","embeddable":true,"href":"https:\/\/foto.art.br\/site\/wp-json\/wp\/v2\/tags?post=2561"}],"curies":[{"name":"wp","href":"https:\/\/api.w.org\/{rel}","templated":true}]}}