{"id":2566,"date":"2025-12-07T16:45:40","date_gmt":"2025-12-07T19:45:40","guid":{"rendered":"https:\/\/foto.art.br\/site\/?p=2566"},"modified":"2025-12-07T16:45:40","modified_gmt":"2025-12-07T19:45:40","slug":"aline-heau-cianotipia-em-vidro","status":"publish","type":"post","link":"https:\/\/foto.art.br\/site\/2025\/12\/07\/aline-heau-cianotipia-em-vidro\/","title":{"rendered":"Aline H\u00e9au &#8211; cianotipia em vidro"},"content":{"rendered":"\n<figure class=\"wp-block-image size-large\"><img loading=\"lazy\" decoding=\"async\" width=\"771\" height=\"1024\" src=\"https:\/\/foto.art.br\/site\/wp-content\/uploads\/2025\/12\/1-771x1024.jpg\" alt=\"\" class=\"wp-image-2567\" srcset=\"https:\/\/foto.art.br\/site\/wp-content\/uploads\/2025\/12\/1-771x1024.jpg 771w, https:\/\/foto.art.br\/site\/wp-content\/uploads\/2025\/12\/1-226x300.jpg 226w, https:\/\/foto.art.br\/site\/wp-content\/uploads\/2025\/12\/1-768x1020.jpg 768w, https:\/\/foto.art.br\/site\/wp-content\/uploads\/2025\/12\/1-100x133.jpg 100w, https:\/\/foto.art.br\/site\/wp-content\/uploads\/2025\/12\/1-1156x1536.jpg 1156w, https:\/\/foto.art.br\/site\/wp-content\/uploads\/2025\/12\/1.jpg 1200w\" sizes=\"auto, (max-width: 771px) 100vw, 771px\" \/><\/figure>\n\n\n\n<p>Aline \u00e9 uma artista francesa que tem se dedicado \u00e0 fotografia sem c\u00e2mera, belos trabalhos, ultimamente em vidro.<\/p>\n\n\n\n<figure class=\"wp-block-image size-large\"><img loading=\"lazy\" decoding=\"async\" width=\"1024\" height=\"1024\" src=\"https:\/\/foto.art.br\/site\/wp-content\/uploads\/2025\/12\/2-1024x1024.jpg\" alt=\"\" class=\"wp-image-2568\" srcset=\"https:\/\/foto.art.br\/site\/wp-content\/uploads\/2025\/12\/2-1024x1024.jpg 1024w, https:\/\/foto.art.br\/site\/wp-content\/uploads\/2025\/12\/2-300x300.jpg 300w, https:\/\/foto.art.br\/site\/wp-content\/uploads\/2025\/12\/2-150x150.jpg 150w, https:\/\/foto.art.br\/site\/wp-content\/uploads\/2025\/12\/2-768x768.jpg 768w, https:\/\/foto.art.br\/site\/wp-content\/uploads\/2025\/12\/2-100x100.jpg 100w, https:\/\/foto.art.br\/site\/wp-content\/uploads\/2025\/12\/2.jpg 1200w\" sizes=\"auto, (max-width: 1024px) 100vw, 1024px\" \/><figcaption class=\"wp-element-caption\">plantas , cianotipia em vidro<\/figcaption><\/figure>\n\n\n\n<figure class=\"wp-block-embed is-type-wp-embed is-provider-aline-h-au-cyanotypes wp-block-embed-aline-h-au-cyanotypes\"><div class=\"wp-block-embed__wrapper\">\n<blockquote class=\"wp-embedded-content\" data-secret=\"byAymxad40\"><a href=\"https:\/\/cyanotyp.es\/herbiers\/\">L&rsquo;herbier bleu<\/a><\/blockquote><iframe loading=\"lazy\" class=\"wp-embedded-content\" sandbox=\"allow-scripts\" security=\"restricted\" style=\"position: absolute; visibility: hidden;\" title=\"\u00ab\u00a0L&rsquo;herbier bleu\u00a0\u00bb &#8212; Aline H\u00e9au - Cyanotypes\" src=\"https:\/\/cyanotyp.es\/herbiers\/embed\/#?secret=P6pknBb9T7#?secret=byAymxad40\" data-secret=\"byAymxad40\" width=\"600\" height=\"338\" frameborder=\"0\" marginwidth=\"0\" marginheight=\"0\" scrolling=\"no\"><\/iframe>\n<\/div><\/figure>\n\n\n\n<figure class=\"wp-block-image size-full\"><img loading=\"lazy\" decoding=\"async\" width=\"1000\" height=\"705\" src=\"https:\/\/foto.art.br\/site\/wp-content\/uploads\/2025\/12\/3.jpg\" alt=\"\" class=\"wp-image-2569\" srcset=\"https:\/\/foto.art.br\/site\/wp-content\/uploads\/2025\/12\/3.jpg 1000w, https:\/\/foto.art.br\/site\/wp-content\/uploads\/2025\/12\/3-300x212.jpg 300w, https:\/\/foto.art.br\/site\/wp-content\/uploads\/2025\/12\/3-768x541.jpg 768w, https:\/\/foto.art.br\/site\/wp-content\/uploads\/2025\/12\/3-100x71.jpg 100w\" sizes=\"auto, (max-width: 1000px) 100vw, 1000px\" \/><figcaption class=\"wp-element-caption\">cianotipia de diferentes gr\u00e3os de areia sobre vidro<\/figcaption><\/figure>\n\n\n\n<figure class=\"wp-block-embed is-type-wp-embed is-provider-aline-h-au-cyanotypes wp-block-embed-aline-h-au-cyanotypes\"><div class=\"wp-block-embed__wrapper\">\n<blockquote class=\"wp-embedded-content\" data-secret=\"pTr38PzWEn\"><a href=\"https:\/\/cyanotyp.es\/le-peril-bleu\/\">Le p\u00e9ril bleu<\/a><\/blockquote><iframe loading=\"lazy\" class=\"wp-embedded-content\" sandbox=\"allow-scripts\" security=\"restricted\" style=\"position: absolute; visibility: hidden;\" title=\"\u00ab\u00a0Le p\u00e9ril bleu\u00a0\u00bb &#8212; Aline H\u00e9au - Cyanotypes\" src=\"https:\/\/cyanotyp.es\/le-peril-bleu\/embed\/#?secret=KE2k3A49jB#?secret=pTr38PzWEn\" data-secret=\"pTr38PzWEn\" width=\"600\" height=\"338\" frameborder=\"0\" marginwidth=\"0\" marginheight=\"0\" scrolling=\"no\"><\/iframe>\n<\/div><\/figure>\n\n\n\n<figure class=\"wp-block-image size-full\"><img loading=\"lazy\" decoding=\"async\" width=\"600\" height=\"450\" src=\"https:\/\/foto.art.br\/site\/wp-content\/uploads\/2025\/12\/Portrait-Aline-H-08.jpg\" alt=\"\" class=\"wp-image-2570\" srcset=\"https:\/\/foto.art.br\/site\/wp-content\/uploads\/2025\/12\/Portrait-Aline-H-08.jpg 600w, https:\/\/foto.art.br\/site\/wp-content\/uploads\/2025\/12\/Portrait-Aline-H-08-300x225.jpg 300w, https:\/\/foto.art.br\/site\/wp-content\/uploads\/2025\/12\/Portrait-Aline-H-08-100x75.jpg 100w\" sizes=\"auto, (max-width: 600px) 100vw, 600px\" \/><figcaption class=\"wp-element-caption\">Aline H\u00e9au<\/figcaption><\/figure>\n\n\n\n<figure class=\"wp-block-embed is-type-wp-embed is-provider-aline-h-au-cyanotypes wp-block-embed-aline-h-au-cyanotypes\"><div class=\"wp-block-embed__wrapper\">\n<blockquote class=\"wp-embedded-content\" data-secret=\"DRXVAVn4GJ\"><a href=\"https:\/\/cyanotyp.es\/technique\/cyanotype-on-glass-history-processes-variations\/\">Cyanotype on glass : history, processes, variations<\/a><\/blockquote><iframe loading=\"lazy\" class=\"wp-embedded-content\" sandbox=\"allow-scripts\" security=\"restricted\" style=\"position: absolute; visibility: hidden;\" title=\"\u00ab\u00a0Cyanotype on glass : history, processes, variations\u00a0\u00bb &#8212; Aline H\u00e9au - Cyanotypes\" src=\"https:\/\/cyanotyp.es\/technique\/cyanotype-on-glass-history-processes-variations\/embed\/#?secret=UjRI3zKYhk#?secret=DRXVAVn4GJ\" data-secret=\"DRXVAVn4GJ\" width=\"600\" height=\"338\" frameborder=\"0\" marginwidth=\"0\" marginheight=\"0\" scrolling=\"no\"><\/iframe>\n<\/div><\/figure>\n\n\n\n<figure class=\"wp-block-embed is-type-wp-embed is-provider-aline-h-au-cyanotypes wp-block-embed-aline-h-au-cyanotypes\"><div class=\"wp-block-embed__wrapper\">\n<blockquote class=\"wp-embedded-content\" data-secret=\"oHzyKzFOLe\"><a href=\"https:\/\/cyanotyp.es\/\">Accueil<\/a><\/blockquote><iframe loading=\"lazy\" class=\"wp-embedded-content\" sandbox=\"allow-scripts\" security=\"restricted\" style=\"position: absolute; visibility: hidden;\" title=\"\u00ab\u00a0Accueil\u00a0\u00bb &#8212; Aline H\u00e9au - Cyanotypes\" src=\"https:\/\/cyanotyp.es\/embed\/#?secret=0ikJNH0FHM#?secret=oHzyKzFOLe\" data-secret=\"oHzyKzFOLe\" width=\"600\" height=\"338\" frameborder=\"0\" marginwidth=\"0\" marginheight=\"0\" scrolling=\"no\"><\/iframe>\n<\/div><\/figure>\n","protected":false},"excerpt":{"rendered":"<p>Aline \u00e9 uma artista francesa que tem se dedicado \u00e0 fotografia sem c\u00e2mera, belos trabalhos, ultimamente em vidro.<\/p>\n","protected":false},"author":1,"featured_media":2567,"comment_status":"closed","ping_status":"","sticky":false,"template":"","format":"standard","meta":{"footnotes":""},"categories":[1],"tags":[],"class_list":["post-2566","post","type-post","status-publish","format-standard","has-post-thumbnail","hentry","category-uncategorized"],"blocksy_meta":[],"_links":{"self":[{"href":"https:\/\/foto.art.br\/site\/wp-json\/wp\/v2\/posts\/2566","targetHints":{"allow":["GET"]}}],"collection":[{"href":"https:\/\/foto.art.br\/site\/wp-json\/wp\/v2\/posts"}],"about":[{"href":"https:\/\/foto.art.br\/site\/wp-json\/wp\/v2\/types\/post"}],"author":[{"embeddable":true,"href":"https:\/\/foto.art.br\/site\/wp-json\/wp\/v2\/users\/1"}],"replies":[{"embeddable":true,"href":"https:\/\/foto.art.br\/site\/wp-json\/wp\/v2\/comments?post=2566"}],"version-history":[{"count":1,"href":"https:\/\/foto.art.br\/site\/wp-json\/wp\/v2\/posts\/2566\/revisions"}],"predecessor-version":[{"id":2571,"href":"https:\/\/foto.art.br\/site\/wp-json\/wp\/v2\/posts\/2566\/revisions\/2571"}],"wp:featuredmedia":[{"embeddable":true,"href":"https:\/\/foto.art.br\/site\/wp-json\/wp\/v2\/media\/2567"}],"wp:attachment":[{"href":"https:\/\/foto.art.br\/site\/wp-json\/wp\/v2\/media?parent=2566"}],"wp:term":[{"taxonomy":"category","embeddable":true,"href":"https:\/\/foto.art.br\/site\/wp-json\/wp\/v2\/categories?post=2566"},{"taxonomy":"post_tag","embeddable":true,"href":"https:\/\/foto.art.br\/site\/wp-json\/wp\/v2\/tags?post=2566"}],"curies":[{"name":"wp","href":"https:\/\/api.w.org\/{rel}","templated":true}]}}