{"id":2592,"date":"2025-12-27T05:17:25","date_gmt":"2025-12-27T08:17:25","guid":{"rendered":"https:\/\/foto.art.br\/site\/?p=2592"},"modified":"2025-12-27T09:55:05","modified_gmt":"2025-12-27T12:55:05","slug":"construcao-de-cameras-artesanais-na-ccmq","status":"publish","type":"post","link":"https:\/\/foto.art.br\/site\/2025\/12\/27\/construcao-de-cameras-artesanais-na-ccmq\/","title":{"rendered":"Constru\u00e7\u00e3o de C\u00e2meras Artesanais na CCMQ"},"content":{"rendered":"\n<figure class=\"wp-block-image size-large\"><img loading=\"lazy\" decoding=\"async\" width=\"1024\" height=\"834\" src=\"https:\/\/foto.art.br\/site\/wp-content\/uploads\/2025\/12\/20251211_091401-1024x834.jpg\" alt=\"\" class=\"wp-image-2586\" srcset=\"https:\/\/foto.art.br\/site\/wp-content\/uploads\/2025\/12\/20251211_091401-1024x834.jpg 1024w, https:\/\/foto.art.br\/site\/wp-content\/uploads\/2025\/12\/20251211_091401-300x244.jpg 300w, https:\/\/foto.art.br\/site\/wp-content\/uploads\/2025\/12\/20251211_091401-768x626.jpg 768w, https:\/\/foto.art.br\/site\/wp-content\/uploads\/2025\/12\/20251211_091401-100x81.jpg 100w, https:\/\/foto.art.br\/site\/wp-content\/uploads\/2025\/12\/20251211_091401-1536x1251.jpg 1536w, https:\/\/foto.art.br\/site\/wp-content\/uploads\/2025\/12\/20251211_091401-2048x1668.jpg 2048w\" sizes=\"auto, (max-width: 1024px) 100vw, 1024px\" \/><\/figure>\n\n\n\n<p>Vai acontecer na Casa de Cultura Mario Quintana nas manh\u00e3s dos dias 8, 9, quinta e sexta-feira e 13,14 de janeiro, ter\u00e7a e quarta feira a Oficina de Constru\u00e7\u00e3o de C\u00e2meras Fotogr\u00e1ficas Artesanais no Laborat\u00f3rio Fotogr\u00e1fico,&nbsp; terceiro andar, das 9 \u00e0s 12h.<\/p>\n\n\n\n<p>As vagas limitadas podem ser obtidas atrav\u00e9s da inscri\u00e7\u00e3o no formul\u00e1rio:<\/p>\n\n\n\n<p id=\"https:\/\/forms.gle\/hoNoxwJacek2gLrJ9\"><a href=\"https:\/\/forms.gle\/hoNoxwJacek2gLrJ9\" target=\"_blank\" rel=\"noreferrer noopener\"><code>https:\/\/forms.gle\/hoNoxwJacek2gLrJ9<\/code><\/a><\/p>\n\n\n\n<p>sobre o projeto:<\/p>\n\n\n\n<figure class=\"wp-block-embed is-type-wp-embed is-provider-foto-art-br wp-block-embed-foto-art-br\"><div class=\"wp-block-embed__wrapper\">\n<blockquote class=\"wp-embedded-content\" data-secret=\"NHvKcjdbIN\"><a href=\"https:\/\/foto.art.br\/site\/camera-de-eva-e-pvc\/\">C\u00e2mera de EVA e PVC<\/a><\/blockquote><iframe loading=\"lazy\" class=\"wp-embedded-content\" sandbox=\"allow-scripts\" security=\"restricted\" style=\"position: absolute; visibility: hidden;\" title=\"&#8220;C\u00e2mera de EVA e PVC&#8221; &#8212; foto.art.br\" src=\"https:\/\/foto.art.br\/site\/camera-de-eva-e-pvc\/embed\/#?secret=yPrJgOvLsU#?secret=NHvKcjdbIN\" data-secret=\"NHvKcjdbIN\" width=\"600\" height=\"338\" frameborder=\"0\" marginwidth=\"0\" marginheight=\"0\" scrolling=\"no\"><\/iframe>\n<\/div><\/figure>\n\n\n\n<!--more-->\n","protected":false},"excerpt":{"rendered":"<p>Vai acontecer na Casa de Cultura Mario Quintana nas manh\u00e3s dos dias 8, 9, quinta e sexta-feira e 13,14 de janeiro, ter\u00e7a e quarta feira a Oficina de Constru\u00e7\u00e3o de C\u00e2meras Fotogr\u00e1ficas Artesanais no Laborat\u00f3rio Fotogr\u00e1fico,&nbsp; terceiro andar, das 9 \u00e0s 12h. As vagas limitadas podem ser obtidas atrav\u00e9s da inscri\u00e7\u00e3o no formul\u00e1rio: https:\/\/forms.gle\/hoNoxwJacek2gLrJ9 sobre [&hellip;]<\/p>\n","protected":false},"author":1,"featured_media":2598,"comment_status":"closed","ping_status":"","sticky":false,"template":"","format":"standard","meta":{"footnotes":""},"categories":[1],"tags":[],"class_list":["post-2592","post","type-post","status-publish","format-standard","has-post-thumbnail","hentry","category-uncategorized"],"blocksy_meta":[],"_links":{"self":[{"href":"https:\/\/foto.art.br\/site\/wp-json\/wp\/v2\/posts\/2592","targetHints":{"allow":["GET"]}}],"collection":[{"href":"https:\/\/foto.art.br\/site\/wp-json\/wp\/v2\/posts"}],"about":[{"href":"https:\/\/foto.art.br\/site\/wp-json\/wp\/v2\/types\/post"}],"author":[{"embeddable":true,"href":"https:\/\/foto.art.br\/site\/wp-json\/wp\/v2\/users\/1"}],"replies":[{"embeddable":true,"href":"https:\/\/foto.art.br\/site\/wp-json\/wp\/v2\/comments?post=2592"}],"version-history":[{"count":7,"href":"https:\/\/foto.art.br\/site\/wp-json\/wp\/v2\/posts\/2592\/revisions"}],"predecessor-version":[{"id":2601,"href":"https:\/\/foto.art.br\/site\/wp-json\/wp\/v2\/posts\/2592\/revisions\/2601"}],"wp:featuredmedia":[{"embeddable":true,"href":"https:\/\/foto.art.br\/site\/wp-json\/wp\/v2\/media\/2598"}],"wp:attachment":[{"href":"https:\/\/foto.art.br\/site\/wp-json\/wp\/v2\/media?parent=2592"}],"wp:term":[{"taxonomy":"category","embeddable":true,"href":"https:\/\/foto.art.br\/site\/wp-json\/wp\/v2\/categories?post=2592"},{"taxonomy":"post_tag","embeddable":true,"href":"https:\/\/foto.art.br\/site\/wp-json\/wp\/v2\/tags?post=2592"}],"curies":[{"name":"wp","href":"https:\/\/api.w.org\/{rel}","templated":true}]}}