{"id":2603,"date":"2026-01-04T08:35:06","date_gmt":"2026-01-04T11:35:06","guid":{"rendered":"https:\/\/foto.art.br\/site\/?p=2603"},"modified":"2026-01-04T08:39:51","modified_gmt":"2026-01-04T11:39:51","slug":"ellen-carey","status":"publish","type":"post","link":"https:\/\/foto.art.br\/site\/2026\/01\/04\/ellen-carey\/","title":{"rendered":"Ellen Carey"},"content":{"rendered":"\n<figure class=\"wp-block-image size-full\"><img loading=\"lazy\" decoding=\"async\" width=\"750\" height=\"737\" src=\"https:\/\/foto.art.br\/site\/wp-content\/uploads\/2026\/01\/EllenCareyDougLevere.webp\" alt=\"\" class=\"wp-image-2604\" srcset=\"https:\/\/foto.art.br\/site\/wp-content\/uploads\/2026\/01\/EllenCareyDougLevere.webp 750w, https:\/\/foto.art.br\/site\/wp-content\/uploads\/2026\/01\/EllenCareyDougLevere-300x295.webp 300w, https:\/\/foto.art.br\/site\/wp-content\/uploads\/2026\/01\/EllenCareyDougLevere-100x98.webp 100w\" sizes=\"auto, (max-width: 750px) 100vw, 750px\" \/><\/figure>\n\n\n\n<p> Nascida em Nova Iorque, \u00e9 fot\u00f3grafa, artista visual, pesquisador a e professora, trabalha fotografia com e sem c\u00e2mera, fotografia de laborat\u00f3rio, fotograma, quimigrama.<\/p>\n\n\n\n<p>Carey j\u00e1 trabalhou com uma variedade de c\u00e2meras e formatos: Polaroid SX-70 e filme Polaroid PN; preto e branco e colorido; 35mm, m\u00e9dio e grande formato, Polaroid 50x60cm. Suas imagens experimentais abrangem uma gama de g\u00eaneros e temas; s\u00e3o \u00fanicas. Guiada por conceitos relacionados \u00e0 luz, aos \u00edndices da fotografia e \u00e0s propriedades espec\u00edficas do meio \u2013 silhueta, sombra, negativo \u2013 em cores, Carey frequentemente utiliza o sistema RGB-CMY, a teoria das cores fotogr\u00e1ficas, como ponto de partida para a paleta, adicionando contexto e conte\u00fado, citando a hist\u00f3ria da fotografia colorida, especialmente o trabalho de Anna Atkins, a primeira mulher fot\u00f3grafa, a primeira a fotografar em cores (afirma\u00e7\u00e3o dela).<\/p>\n\n\n<div  robogallery_id=\"2618\"  class=\"RoboGalleryV5 RoboGallery_ID2618\"  style=\"width:100%;max-width:100%;\"><\/div><script> var robogallery_config_id_2618 = {\r\n            \"restUrl\": \"https:\/\/foto.art.br\/site\/wp-json\/\",\r\n            \"wp_rest\": \"d4dd9047aa\",\r\n            \"errorImageUrl\": \"https:\/\/foto.art.br\/site\/wp-content\/plugins\/robo-gallery\/images\/\",\r\n            \"debug\": false\r\n        };<\/script>\n\n\n<p>No in\u00edcio de sua carreira artistica trabalhou muito com auto retratos interferidos; trabalhou muito com Polaroid 50x60cm no 20&#215;24 Studio.<\/p>\n\n\n\n<figure class=\"wp-block-embed is-type-wp-embed is-provider-20-x-24-studio wp-block-embed-20-x-24-studio\"><div class=\"wp-block-embed__wrapper\">\n<blockquote class=\"wp-embedded-content\" data-secret=\"Xl7T9OzJda\"><a href=\"https:\/\/20x24studio.com\/?page_id=282\">Ellen Carey, 20&#215;24 Polaroid Pulls and Rollbacks<\/a><\/blockquote><iframe loading=\"lazy\" class=\"wp-embedded-content\" sandbox=\"allow-scripts\" security=\"restricted\" style=\"position: absolute; visibility: hidden;\" title=\"&#8220;Ellen Carey, 20&#215;24 Polaroid Pulls and Rollbacks&#8221; &#8212; 20x24 Studio\" src=\"https:\/\/20x24studio.com\/?page_id=282&#038;embed=true#?secret=MymOrwuVhz#?secret=Xl7T9OzJda\" data-secret=\"Xl7T9OzJda\" width=\"600\" height=\"338\" frameborder=\"0\" marginwidth=\"0\" marginheight=\"0\" scrolling=\"no\"><\/iframe>\n<\/div><\/figure>\n\n\n\n<p><a href=\"https:\/\/www.ellencareyphotography.com\/\">Ellen Carey Photography<\/a><\/p>\n\n\n\n<p><\/p>\n","protected":false},"excerpt":{"rendered":"<p>Nascida em Nova Iorque, \u00e9 fot\u00f3grafa, artista visual, pesquisador a e professora, trabalha fotografia com e sem c\u00e2mera, fotografia de laborat\u00f3rio, fotograma, quimigrama. Carey j\u00e1 trabalhou com uma variedade de c\u00e2meras e formatos: Polaroid SX-70 e filme Polaroid PN; preto e branco e colorido; 35mm, m\u00e9dio e grande formato, Polaroid 50x60cm. Suas imagens experimentais abrangem [&hellip;]<\/p>\n","protected":false},"author":1,"featured_media":2604,"comment_status":"closed","ping_status":"","sticky":false,"template":"","format":"standard","meta":{"footnotes":""},"categories":[1],"tags":[],"class_list":["post-2603","post","type-post","status-publish","format-standard","has-post-thumbnail","hentry","category-uncategorized"],"blocksy_meta":[],"_links":{"self":[{"href":"https:\/\/foto.art.br\/site\/wp-json\/wp\/v2\/posts\/2603","targetHints":{"allow":["GET"]}}],"collection":[{"href":"https:\/\/foto.art.br\/site\/wp-json\/wp\/v2\/posts"}],"about":[{"href":"https:\/\/foto.art.br\/site\/wp-json\/wp\/v2\/types\/post"}],"author":[{"embeddable":true,"href":"https:\/\/foto.art.br\/site\/wp-json\/wp\/v2\/users\/1"}],"replies":[{"embeddable":true,"href":"https:\/\/foto.art.br\/site\/wp-json\/wp\/v2\/comments?post=2603"}],"version-history":[{"count":3,"href":"https:\/\/foto.art.br\/site\/wp-json\/wp\/v2\/posts\/2603\/revisions"}],"predecessor-version":[{"id":2620,"href":"https:\/\/foto.art.br\/site\/wp-json\/wp\/v2\/posts\/2603\/revisions\/2620"}],"wp:featuredmedia":[{"embeddable":true,"href":"https:\/\/foto.art.br\/site\/wp-json\/wp\/v2\/media\/2604"}],"wp:attachment":[{"href":"https:\/\/foto.art.br\/site\/wp-json\/wp\/v2\/media?parent=2603"}],"wp:term":[{"taxonomy":"category","embeddable":true,"href":"https:\/\/foto.art.br\/site\/wp-json\/wp\/v2\/categories?post=2603"},{"taxonomy":"post_tag","embeddable":true,"href":"https:\/\/foto.art.br\/site\/wp-json\/wp\/v2\/tags?post=2603"}],"curies":[{"name":"wp","href":"https:\/\/api.w.org\/{rel}","templated":true}]}}