{"id":2664,"date":"2026-02-04T14:53:40","date_gmt":"2026-02-04T17:53:40","guid":{"rendered":"https:\/\/foto.art.br\/site\/?p=2664"},"modified":"2026-02-05T15:18:55","modified_gmt":"2026-02-05T18:18:55","slug":"educador-e-construtor-de-cameras","status":"publish","type":"post","link":"https:\/\/foto.art.br\/site\/2026\/02\/04\/educador-e-construtor-de-cameras\/","title":{"rendered":"educador e construtor de c\u00e2meras"},"content":{"rendered":"\n<figure class=\"wp-block-image size-full\"><img loading=\"lazy\" decoding=\"async\" width=\"600\" height=\"800\" src=\"https:\/\/foto.art.br\/site\/wp-content\/uploads\/2026\/02\/Brendan-Barry-Images-MG_8042-600x800-1.jpg\" alt=\"\" class=\"wp-image-2689\" srcset=\"https:\/\/foto.art.br\/site\/wp-content\/uploads\/2026\/02\/Brendan-Barry-Images-MG_8042-600x800-1.jpg 600w, https:\/\/foto.art.br\/site\/wp-content\/uploads\/2026\/02\/Brendan-Barry-Images-MG_8042-600x800-1-225x300.jpg 225w, https:\/\/foto.art.br\/site\/wp-content\/uploads\/2026\/02\/Brendan-Barry-Images-MG_8042-600x800-1-100x133.jpg 100w\" sizes=\"auto, (max-width: 600px) 100vw, 600px\" \/><\/figure>\n\n\n\n<figure class=\"wp-block-image size-full\"><img loading=\"lazy\" decoding=\"async\" width=\"800\" height=\"534\" src=\"https:\/\/foto.art.br\/site\/wp-content\/uploads\/2026\/02\/brendan_barry_skyscraper-_23-800x534-1.jpg\" alt=\"\" class=\"wp-image-2679\" srcset=\"https:\/\/foto.art.br\/site\/wp-content\/uploads\/2026\/02\/brendan_barry_skyscraper-_23-800x534-1.jpg 800w, https:\/\/foto.art.br\/site\/wp-content\/uploads\/2026\/02\/brendan_barry_skyscraper-_23-800x534-1-300x200.jpg 300w, https:\/\/foto.art.br\/site\/wp-content\/uploads\/2026\/02\/brendan_barry_skyscraper-_23-800x534-1-768x513.jpg 768w, https:\/\/foto.art.br\/site\/wp-content\/uploads\/2026\/02\/brendan_barry_skyscraper-_23-800x534-1-100x67.jpg 100w\" sizes=\"auto, (max-width: 800px) 100vw, 800px\" \/><\/figure>\n\n\n\n<p>Brendan Barry \u00e9 fot\u00f3grafo, educador e construtor de c\u00e2meras, cuja pr\u00e1tica da fotografia Qu\u00edmica se baseia no processo, na constru\u00e7\u00e3o e na participa\u00e7\u00e3o. Trabalhando quase exclusivamente com c\u00e2meras obscuras e sistemas fotogr\u00e1ficos artesanais, ele transforma espa\u00e7os e objetos comuns em c\u00e2meras funcionais, convidando outras pessoas a vivenciar a experi\u00eancia f\u00edsica e temporal da cria\u00e7\u00e3o de imagens. Al\u00e9m de seu trabalho art\u00edstico, Barry \u00e9 fundador e diretor da Positive Light Projects, uma organiza\u00e7\u00e3o sem fins lucrativos que utiliza as artes visuais para engajar e inspirar.<\/p>\n\n\n<div  robogallery_id=\"2699\"  class=\"RoboGalleryV5 RoboGallery_ID2699\"  style=\"width:100%;max-width:100%;\"><\/div><script> var robogallery_config_id_2699 = {\r\n            \"restUrl\": \"https:\/\/foto.art.br\/site\/wp-json\/\",\r\n            \"wp_rest\": \"d4dd9047aa\",\r\n            \"errorImageUrl\": \"https:\/\/foto.art.br\/site\/wp-content\/plugins\/robo-gallery\/images\/\",\r\n            \"debug\": false\r\n        };<\/script>\n\n\n<p>Brendan tamb\u00e9m trabalha com c\u00f3pias \u00fanicas coloridas em papel processado revers\u00edvel. Tem esta s\u00e9rie de fotos de flores silvestres em uma exposi\u00e7\u00e3o e livro.<\/p>\n\n\n\n<p>via<br><a href=\"https:\/\/petapixel.com\/2026\/01\/29\/photographer-captures-beautiful-wildflowers-using-a-camera-he-built\" target=\"_blank\" rel=\"noreferrer noopener\">https:\/\/petapixel.com\/2026\/01\/29\/photographer-captures-beautiful-wildflowers-using-a-camera-he-built<\/a><\/p>\n\n\n\n<p><a href=\"https:\/\/www.instagram.com\/brendanbarryphoto\" target=\"_blank\" rel=\"noreferrer noopener\">https:\/\/www.instagram.com\/brendanbarryphoto<\/a><\/p>\n\n\n\n<p><a href=\"https:\/\/brendanbarry.co.uk\" target=\"_blank\" rel=\"noreferrer noopener\">https:\/\/brendanbarry.co.uk<\/a><\/p>\n\n\n\n<p><\/p>\n","protected":false},"excerpt":{"rendered":"<p>Brendan Barry \u00e9 fot\u00f3grafo, educador e construtor de c\u00e2meras, cuja pr\u00e1tica da fotografia Qu\u00edmica se baseia no processo, na constru\u00e7\u00e3o e na participa\u00e7\u00e3o. Trabalhando quase exclusivamente com c\u00e2meras obscuras e sistemas fotogr\u00e1ficos artesanais, ele transforma espa\u00e7os e objetos comuns em c\u00e2meras funcionais, convidando outras pessoas a vivenciar a experi\u00eancia f\u00edsica e temporal da cria\u00e7\u00e3o de [&hellip;]<\/p>\n","protected":false},"author":1,"featured_media":2689,"comment_status":"closed","ping_status":"","sticky":false,"template":"","format":"standard","meta":{"footnotes":""},"categories":[1],"tags":[],"class_list":["post-2664","post","type-post","status-publish","format-standard","has-post-thumbnail","hentry","category-uncategorized"],"blocksy_meta":[],"_links":{"self":[{"href":"https:\/\/foto.art.br\/site\/wp-json\/wp\/v2\/posts\/2664","targetHints":{"allow":["GET"]}}],"collection":[{"href":"https:\/\/foto.art.br\/site\/wp-json\/wp\/v2\/posts"}],"about":[{"href":"https:\/\/foto.art.br\/site\/wp-json\/wp\/v2\/types\/post"}],"author":[{"embeddable":true,"href":"https:\/\/foto.art.br\/site\/wp-json\/wp\/v2\/users\/1"}],"replies":[{"embeddable":true,"href":"https:\/\/foto.art.br\/site\/wp-json\/wp\/v2\/comments?post=2664"}],"version-history":[{"count":7,"href":"https:\/\/foto.art.br\/site\/wp-json\/wp\/v2\/posts\/2664\/revisions"}],"predecessor-version":[{"id":2704,"href":"https:\/\/foto.art.br\/site\/wp-json\/wp\/v2\/posts\/2664\/revisions\/2704"}],"wp:featuredmedia":[{"embeddable":true,"href":"https:\/\/foto.art.br\/site\/wp-json\/wp\/v2\/media\/2689"}],"wp:attachment":[{"href":"https:\/\/foto.art.br\/site\/wp-json\/wp\/v2\/media?parent=2664"}],"wp:term":[{"taxonomy":"category","embeddable":true,"href":"https:\/\/foto.art.br\/site\/wp-json\/wp\/v2\/categories?post=2664"},{"taxonomy":"post_tag","embeddable":true,"href":"https:\/\/foto.art.br\/site\/wp-json\/wp\/v2\/tags?post=2664"}],"curies":[{"name":"wp","href":"https:\/\/api.w.org\/{rel}","templated":true}]}}