{"id":2731,"date":"2026-02-07T18:32:12","date_gmt":"2026-02-07T21:32:12","guid":{"rendered":"https:\/\/foto.art.br\/site\/?p=2731"},"modified":"2026-02-07T18:32:12","modified_gmt":"2026-02-07T21:32:12","slug":"rogerio-ferrari-fotojornalismo","status":"publish","type":"post","link":"https:\/\/foto.art.br\/site\/2026\/02\/07\/rogerio-ferrari-fotojornalismo\/","title":{"rendered":"Rog\u00e9rio Ferrari &#8211; fotojornalismo"},"content":{"rendered":"\n<figure class=\"wp-block-image size-large\"><img loading=\"lazy\" decoding=\"async\" width=\"1024\" height=\"785\" src=\"https:\/\/foto.art.br\/site\/wp-content\/uploads\/2026\/02\/DSC02529-1024x785.jpg\" alt=\"\" class=\"wp-image-2734\" srcset=\"https:\/\/foto.art.br\/site\/wp-content\/uploads\/2026\/02\/DSC02529-1024x785.jpg 1024w, https:\/\/foto.art.br\/site\/wp-content\/uploads\/2026\/02\/DSC02529-300x230.jpg 300w, https:\/\/foto.art.br\/site\/wp-content\/uploads\/2026\/02\/DSC02529-768x589.jpg 768w, https:\/\/foto.art.br\/site\/wp-content\/uploads\/2026\/02\/DSC02529-100x77.jpg 100w, https:\/\/foto.art.br\/site\/wp-content\/uploads\/2026\/02\/DSC02529-1536x1178.jpg 1536w, https:\/\/foto.art.br\/site\/wp-content\/uploads\/2026\/02\/DSC02529-2048x1570.jpg 2048w\" sizes=\"auto, (max-width: 1024px) 100vw, 1024px\" \/><figcaption class=\"wp-element-caption\">Rog\u00e9rio Ferari na Funda\u00e7\u00e3o BADESC na exposi\u00e7\u00e3o Ciganos em 2012<\/figcaption><\/figure>\n\n\n\n<figure class=\"wp-block-image size-large\"><img loading=\"lazy\" decoding=\"async\" width=\"1024\" height=\"895\" src=\"https:\/\/foto.art.br\/site\/wp-content\/uploads\/2026\/02\/DSC02526-1024x895.jpg\" alt=\"\" class=\"wp-image-2732\" srcset=\"https:\/\/foto.art.br\/site\/wp-content\/uploads\/2026\/02\/DSC02526-1024x895.jpg 1024w, https:\/\/foto.art.br\/site\/wp-content\/uploads\/2026\/02\/DSC02526-300x262.jpg 300w, https:\/\/foto.art.br\/site\/wp-content\/uploads\/2026\/02\/DSC02526-768x671.jpg 768w, https:\/\/foto.art.br\/site\/wp-content\/uploads\/2026\/02\/DSC02526-100x87.jpg 100w, https:\/\/foto.art.br\/site\/wp-content\/uploads\/2026\/02\/DSC02526-1536x1342.jpg 1536w, https:\/\/foto.art.br\/site\/wp-content\/uploads\/2026\/02\/DSC02526-2048x1790.jpg 2048w\" sizes=\"auto, (max-width: 1024px) 100vw, 1024px\" \/><figcaption class=\"wp-element-caption\">Rog\u00e9rio Ferari na Funda\u00e7\u00e3o BADESC na exposi\u00e7\u00e3o Ciganos em 2012<\/figcaption><\/figure>\n\n\n\n<figure class=\"wp-block-embed is-type-video is-provider-youtube wp-block-embed-youtube wp-embed-aspect-16-9 wp-has-aspect-ratio\"><div class=\"wp-block-embed__wrapper\">\n<iframe loading=\"lazy\" title=\"Conversa Rogerio Ferrari, fotojornalista e antrop\u00f3logo baiano\" width=\"1290\" height=\"726\" src=\"https:\/\/www.youtube.com\/embed\/G9e8bLSI5tg?feature=oembed\" frameborder=\"0\" allow=\"accelerometer; autoplay; clipboard-write; encrypted-media; gyroscope; picture-in-picture; web-share\" referrerpolicy=\"strict-origin-when-cross-origin\" allowfullscreen><\/iframe>\n<\/div><\/figure>\n\n\n\n<p>precocemente falecido em 2021 em um depoimento de 2020 conta sua trajet\u00f3ria engajada<\/p>\n","protected":false},"excerpt":{"rendered":"<p>precocemente falecido em 2021 em um depoimento de 2020 conta sua trajet\u00f3ria engajada<\/p>\n","protected":false},"author":1,"featured_media":2734,"comment_status":"closed","ping_status":"","sticky":false,"template":"","format":"standard","meta":{"footnotes":""},"categories":[12],"tags":[],"class_list":["post-2731","post","type-post","status-publish","format-standard","has-post-thumbnail","hentry","category-pessoas"],"blocksy_meta":[],"_links":{"self":[{"href":"https:\/\/foto.art.br\/site\/wp-json\/wp\/v2\/posts\/2731","targetHints":{"allow":["GET"]}}],"collection":[{"href":"https:\/\/foto.art.br\/site\/wp-json\/wp\/v2\/posts"}],"about":[{"href":"https:\/\/foto.art.br\/site\/wp-json\/wp\/v2\/types\/post"}],"author":[{"embeddable":true,"href":"https:\/\/foto.art.br\/site\/wp-json\/wp\/v2\/users\/1"}],"replies":[{"embeddable":true,"href":"https:\/\/foto.art.br\/site\/wp-json\/wp\/v2\/comments?post=2731"}],"version-history":[{"count":1,"href":"https:\/\/foto.art.br\/site\/wp-json\/wp\/v2\/posts\/2731\/revisions"}],"predecessor-version":[{"id":2735,"href":"https:\/\/foto.art.br\/site\/wp-json\/wp\/v2\/posts\/2731\/revisions\/2735"}],"wp:featuredmedia":[{"embeddable":true,"href":"https:\/\/foto.art.br\/site\/wp-json\/wp\/v2\/media\/2734"}],"wp:attachment":[{"href":"https:\/\/foto.art.br\/site\/wp-json\/wp\/v2\/media?parent=2731"}],"wp:term":[{"taxonomy":"category","embeddable":true,"href":"https:\/\/foto.art.br\/site\/wp-json\/wp\/v2\/categories?post=2731"},{"taxonomy":"post_tag","embeddable":true,"href":"https:\/\/foto.art.br\/site\/wp-json\/wp\/v2\/tags?post=2731"}],"curies":[{"name":"wp","href":"https:\/\/api.w.org\/{rel}","templated":true}]}}