{"id":2876,"date":"2026-03-16T05:03:39","date_gmt":"2026-03-16T08:03:39","guid":{"rendered":"https:\/\/foto.art.br\/site\/?p=2876"},"modified":"2026-03-16T05:04:42","modified_gmt":"2026-03-16T08:04:42","slug":"analog-festival","status":"publish","type":"post","link":"https:\/\/foto.art.br\/site\/2026\/03\/16\/analog-festival\/","title":{"rendered":"Analog Festival"},"content":{"rendered":"\n<figure class=\"wp-block-image size-full\"><img loading=\"lazy\" decoding=\"async\" width=\"320\" height=\"345\" src=\"https:\/\/foto.art.br\/site\/wp-content\/uploads\/2026\/03\/TAF26LOGO-POLA.jpg\" alt=\"\" class=\"wp-image-2877\" srcset=\"https:\/\/foto.art.br\/site\/wp-content\/uploads\/2026\/03\/TAF26LOGO-POLA.jpg 320w, https:\/\/foto.art.br\/site\/wp-content\/uploads\/2026\/03\/TAF26LOGO-POLA-278x300.jpg 278w, https:\/\/foto.art.br\/site\/wp-content\/uploads\/2026\/03\/TAF26LOGO-POLA-100x108.jpg 100w\" sizes=\"auto, (max-width: 320px) 100vw, 320px\" \/><\/figure>\n\n\n\n<p>Nascido em Nantes com o nome de Expolaroid em 2013, o Analog Festival est\u00e1 sediado em Paris desde sua independ\u00eancia da Polaroid em 2022. Essa mudan\u00e7a tamb\u00e9m proporcionou a oportunidade de incorporar t\u00e9cnicas alternativas e hist\u00f3ricas \u00e0 sua programa\u00e7\u00e3o de exposi\u00e7\u00f5es, al\u00e9m da fotografia instant\u00e2nea.<\/p>\n\n\n\n<p>A 14\u00aa edi\u00e7\u00e3o foi inaugurada na Galeria LODO (7\u00ba arrondissement de Paris) em 19 de fevereiro com Polaroid, cianotipia e livros de artista, e ser\u00e1 encerrada em 25 de julho na Galerie XII, no 4\u00ba arrondissement de Paris, tamb\u00e9m com Polaroid.<\/p>\n\n\n\n<p>Especificamente, a programa\u00e7\u00e3o de 2026 abrange Paris, Lyon e Le Mans, com 47 expositores apresentando seus trabalhos em 12 espa\u00e7os, incluindo galerias, um centro comunit\u00e1rio, livrarias, um laborat\u00f3rio fotogr\u00e1fico e institui\u00e7\u00f5es. Para cumprir as normas do Minist\u00e9rio da Cultura, o festival supervisiona 10 expositores, sendo os demais representados por galerias.<\/p>\n\n\n\n<p>Ap\u00f3s destacar o col\u00f3dio h\u00e1 dois anos e a cianotipia no ano passado, a edi\u00e7\u00e3o deste ano centra-se na impress\u00e3o orotone, cujos princ\u00edpios fundamentais permanecem os mesmos: a imagem instant\u00e2nea, com as suas varia\u00e7\u00f5es pict\u00f3ricas, transforma\u00e7\u00f5es e resultados inesperados que lhe conferem um encanto \u00fanico.<\/p>\n\n\n\n<p>Demonstra\u00e7\u00f5es do processo de impress\u00e3o antot\u00edpica e workshops sobre t\u00e9cnicas criativas da Polaroid ir\u00e3o marcar esta primavera sob a \u00e9gide da fotografia instant\u00e2nea e dos processos alternativos hist\u00f3ricos. Uma exposi\u00e7\u00e3o servir\u00e1 tamb\u00e9m como lan\u00e7amento de uma monografia dedicada ao vencedor do Grande Pr\u00e9mio Internacional Polaroid de 2002 e do Pr\u00e9mio Polaroid Europeu na categoria de Investiga\u00e7\u00e3o Pessoal.<\/p>\n\n\n\n<p>Os parceiros hist\u00f3ricos que apoiam o festival (a ag\u00eancia Sajin Photo; o est\u00fadio de design gr\u00e1fico Collorant Studio; a editora Obcd Visuel; o est\u00fadio de design gr\u00e1fico bjan; a BotNation AI e o meio online Polaroid Passion) mant\u00eam, em 2026, o apoio do grupo de lojas Nation Photo e da associa\u00e7\u00e3o Union des Photographes Professionnels, que acolhe o festival em sua galeria a cada dois anos.<\/p>\n\n\n\n<p><a href=\"https:\/\/loeildelaphotographie.com\/fr\/the-analog-festival-2026-14\/?\" target=\"_blank\" rel=\"noreferrer noopener\">https:\/\/loeildelaphotographie.com\/fr\/the-analog-festival-2026-14\/?<\/a><\/p>\n\n\n\n<p><a href=\"https:\/\/www.facebook.com\/profile.php?id=100088310454975\" target=\"_blank\" rel=\"noreferrer noopener\">https:\/\/www.facebook.com\/profile.php?id=100088310454975<\/a><\/p>\n\n\n\n<p><a href=\"https:\/\/www.instagram.com\/the.analog.festival\" target=\"_blank\" rel=\"noreferrer noopener\">https:\/\/www.instagram.com\/the.analog.festival<\/a><\/p>\n\n\n\n<p><\/p>\n","protected":false},"excerpt":{"rendered":"<p>Nascido em Nantes com o nome de Expolaroid em 2013, o Analog Festival est\u00e1 sediado em Paris desde sua independ\u00eancia da Polaroid em 2022. Essa mudan\u00e7a tamb\u00e9m proporcionou a oportunidade de incorporar t\u00e9cnicas alternativas e hist\u00f3ricas \u00e0 sua programa\u00e7\u00e3o de exposi\u00e7\u00f5es, al\u00e9m da fotografia instant\u00e2nea. A 14\u00aa edi\u00e7\u00e3o foi inaugurada na Galeria LODO (7\u00ba arrondissement [&hellip;]<\/p>\n","protected":false},"author":1,"featured_media":2877,"comment_status":"closed","ping_status":"","sticky":false,"template":"","format":"standard","meta":{"footnotes":""},"categories":[1,13],"tags":[],"class_list":["post-2876","post","type-post","status-publish","format-standard","has-post-thumbnail","hentry","category-uncategorized","category-tecnicas"],"blocksy_meta":[],"_links":{"self":[{"href":"https:\/\/foto.art.br\/site\/wp-json\/wp\/v2\/posts\/2876","targetHints":{"allow":["GET"]}}],"collection":[{"href":"https:\/\/foto.art.br\/site\/wp-json\/wp\/v2\/posts"}],"about":[{"href":"https:\/\/foto.art.br\/site\/wp-json\/wp\/v2\/types\/post"}],"author":[{"embeddable":true,"href":"https:\/\/foto.art.br\/site\/wp-json\/wp\/v2\/users\/1"}],"replies":[{"embeddable":true,"href":"https:\/\/foto.art.br\/site\/wp-json\/wp\/v2\/comments?post=2876"}],"version-history":[{"count":1,"href":"https:\/\/foto.art.br\/site\/wp-json\/wp\/v2\/posts\/2876\/revisions"}],"predecessor-version":[{"id":2878,"href":"https:\/\/foto.art.br\/site\/wp-json\/wp\/v2\/posts\/2876\/revisions\/2878"}],"wp:featuredmedia":[{"embeddable":true,"href":"https:\/\/foto.art.br\/site\/wp-json\/wp\/v2\/media\/2877"}],"wp:attachment":[{"href":"https:\/\/foto.art.br\/site\/wp-json\/wp\/v2\/media?parent=2876"}],"wp:term":[{"taxonomy":"category","embeddable":true,"href":"https:\/\/foto.art.br\/site\/wp-json\/wp\/v2\/categories?post=2876"},{"taxonomy":"post_tag","embeddable":true,"href":"https:\/\/foto.art.br\/site\/wp-json\/wp\/v2\/tags?post=2876"}],"curies":[{"name":"wp","href":"https:\/\/api.w.org\/{rel}","templated":true}]}}