{"id":2883,"date":"2026-03-19T05:45:26","date_gmt":"2026-03-19T08:45:26","guid":{"rendered":"https:\/\/foto.art.br\/site\/?p=2883"},"modified":"2026-04-09T07:08:33","modified_gmt":"2026-04-09T10:08:33","slug":"2883","status":"publish","type":"post","link":"https:\/\/foto.art.br\/site\/2026\/03\/19\/2883\/","title":{"rendered":"Revista Pal\u00edndromo"},"content":{"rendered":"\n<figure class=\"wp-block-image size-large\"><img loading=\"lazy\" decoding=\"async\" width=\"819\" height=\"1024\" src=\"https:\/\/foto.art.br\/site\/wp-content\/uploads\/2026\/03\/pali-819x1024.jpg\" alt=\"\" class=\"wp-image-2884\" srcset=\"https:\/\/foto.art.br\/site\/wp-content\/uploads\/2026\/03\/pali-819x1024.jpg 819w, https:\/\/foto.art.br\/site\/wp-content\/uploads\/2026\/03\/pali-240x300.jpg 240w, https:\/\/foto.art.br\/site\/wp-content\/uploads\/2026\/03\/pali-768x960.jpg 768w, https:\/\/foto.art.br\/site\/wp-content\/uploads\/2026\/03\/pali-100x125.jpg 100w, https:\/\/foto.art.br\/site\/wp-content\/uploads\/2026\/03\/pali.jpg 1024w\" sizes=\"auto, (max-width: 819px) 100vw, 819px\" \/><\/figure>\n\n\n\n<p>A revista Pal\u00edndromo est\u00e1 com chamada aberta para publica\u00e7\u00e3o de artigos e ensaios visuais.<br>A presente edi\u00e7\u00e3o pretende reunir pesquisas que problematizam os modos de circula\u00e7\u00e3o da fotografia contempor\u00e2nea, evidenciando como ela atravessa e tensiona os campos da mem\u00f3ria e do esquecimento, ao mesmo tempo em que desafia as fronteiras entre verdade e fic\u00e7\u00e3o.<br>Imagens em disputa: fotografia, mem\u00f3ria, verdade e fic\u00e7\u00e3o convida a pensar:<\/p>\n\n\n\n<ul class=\"wp-block-list\">\n<li>Como a fotografia contempor\u00e2nea problematiza as rela\u00e7\u00f5es entre mem\u00f3ria, esquecimento e constru\u00e7\u00e3o de narrativas em um contexto marcado pela intelig\u00eancia artificial?;<\/li>\n\n\n\n<li>Como os processos fotogr\u00e1ficos de base qu\u00edmica podem ser compreendidos como um gesto cr\u00edtico frente a automatiza\u00e7\u00e3o da imagem?;<\/li>\n\n\n\n<li>Quais procedimentos a fotografia contempor\u00e2nea mobiliza para tensionar os limites \u00e9ticos, est\u00e9ticos e pol\u00edticos na produ\u00e7\u00e3o, circula\u00e7\u00e3o e recep\u00e7\u00e3o das imagens?<\/li>\n<\/ul>\n\n\n\n<p>Informa\u00e7\u00f5es<\/p>\n\n\n\n<p>A revista Pal\u00edndromo \u00e9 vinculada ao Programa de P\u00f3s-gradua\u00e7\u00e3o em Artes Visuais da Universidade do Estado de Santa Catarina \u2013 UDESC e atualmente \u00e9 classificada como Qualis A1.<\/p>\n\n\n\n<p>Site: <a href=\"https:\/\/periodicos.udesc.br\/index.php\/palindromo\/announcement\/view\/563\" target=\"_blank\" rel=\"noreferrer noopener\">https:\/\/periodicos.udesc.br\/index.php\/palindromo\/announcement\/view\/563<\/a><\/p>\n\n\n\n<p>Organiza\u00e7\u00e3o:<br>Luzia Renata Yamazaki (UDESC)<br>Alexandre Romariz Sequeira (UFPa)<br>Anna Karina Castanheira Bartolomeu (UFMG)<br>Felipe Cardoso de Mello Prando (UFPR)<\/p>\n\n\n\n<p>Data-limite para submiss\u00f5es: 30\/07\/2026<\/p>\n","protected":false},"excerpt":{"rendered":"<p>A revista Pal\u00edndromo est\u00e1 com chamada aberta para publica\u00e7\u00e3o de artigos e ensaios visuais.A presente edi\u00e7\u00e3o pretende reunir pesquisas que problematizam os modos de circula\u00e7\u00e3o da fotografia contempor\u00e2nea, evidenciando como ela atravessa e tensiona os campos da mem\u00f3ria e do esquecimento, ao mesmo tempo em que desafia as fronteiras entre verdade e fic\u00e7\u00e3o.Imagens em disputa: [&hellip;]<\/p>\n","protected":false},"author":1,"featured_media":2884,"comment_status":"closed","ping_status":"","sticky":false,"template":"","format":"standard","meta":{"footnotes":""},"categories":[14],"tags":[],"class_list":["post-2883","post","type-post","status-publish","format-standard","has-post-thumbnail","hentry","category-fotografia"],"blocksy_meta":[],"_links":{"self":[{"href":"https:\/\/foto.art.br\/site\/wp-json\/wp\/v2\/posts\/2883","targetHints":{"allow":["GET"]}}],"collection":[{"href":"https:\/\/foto.art.br\/site\/wp-json\/wp\/v2\/posts"}],"about":[{"href":"https:\/\/foto.art.br\/site\/wp-json\/wp\/v2\/types\/post"}],"author":[{"embeddable":true,"href":"https:\/\/foto.art.br\/site\/wp-json\/wp\/v2\/users\/1"}],"replies":[{"embeddable":true,"href":"https:\/\/foto.art.br\/site\/wp-json\/wp\/v2\/comments?post=2883"}],"version-history":[{"count":2,"href":"https:\/\/foto.art.br\/site\/wp-json\/wp\/v2\/posts\/2883\/revisions"}],"predecessor-version":[{"id":3094,"href":"https:\/\/foto.art.br\/site\/wp-json\/wp\/v2\/posts\/2883\/revisions\/3094"}],"wp:featuredmedia":[{"embeddable":true,"href":"https:\/\/foto.art.br\/site\/wp-json\/wp\/v2\/media\/2884"}],"wp:attachment":[{"href":"https:\/\/foto.art.br\/site\/wp-json\/wp\/v2\/media?parent=2883"}],"wp:term":[{"taxonomy":"category","embeddable":true,"href":"https:\/\/foto.art.br\/site\/wp-json\/wp\/v2\/categories?post=2883"},{"taxonomy":"post_tag","embeddable":true,"href":"https:\/\/foto.art.br\/site\/wp-json\/wp\/v2\/tags?post=2883"}],"curies":[{"name":"wp","href":"https:\/\/api.w.org\/{rel}","templated":true}]}}