{"id":2887,"date":"2026-03-28T05:47:48","date_gmt":"2026-03-28T08:47:48","guid":{"rendered":"https:\/\/foto.art.br\/site\/?p=2887"},"modified":"2026-03-28T05:47:48","modified_gmt":"2026-03-28T08:47:48","slug":"revelat-2026-agora-em-outubro","status":"publish","type":"post","link":"https:\/\/foto.art.br\/site\/2026\/03\/28\/revelat-2026-agora-em-outubro\/","title":{"rendered":"Revela&#8217;t 2026 agora em outubro"},"content":{"rendered":"\n<figure class=\"wp-block-image size-large\"><img loading=\"lazy\" decoding=\"async\" width=\"1024\" height=\"419\" src=\"https:\/\/foto.art.br\/site\/wp-content\/uploads\/2026\/03\/logotext-rgb-1-1024x419.webp\" alt=\"\" class=\"wp-image-2888\" srcset=\"https:\/\/foto.art.br\/site\/wp-content\/uploads\/2026\/03\/logotext-rgb-1-1024x419.webp 1024w, https:\/\/foto.art.br\/site\/wp-content\/uploads\/2026\/03\/logotext-rgb-1-300x123.webp 300w, https:\/\/foto.art.br\/site\/wp-content\/uploads\/2026\/03\/logotext-rgb-1-768x314.webp 768w, https:\/\/foto.art.br\/site\/wp-content\/uploads\/2026\/03\/logotext-rgb-1-100x41.webp 100w, https:\/\/foto.art.br\/site\/wp-content\/uploads\/2026\/03\/logotext-rgb-1-1536x629.webp 1536w, https:\/\/foto.art.br\/site\/wp-content\/uploads\/2026\/03\/logotext-rgb-1.webp 1600w\" sizes=\"auto, (max-width: 1024px) 100vw, 1024px\" \/><\/figure>\n\n\n\n<figure class=\"wp-block-image size-large\"><img loading=\"lazy\" decoding=\"async\" width=\"1024\" height=\"174\" src=\"https:\/\/foto.art.br\/site\/wp-content\/uploads\/2026\/03\/capcalera-castella-1024x174.webp\" alt=\"\" class=\"wp-image-2890\" srcset=\"https:\/\/foto.art.br\/site\/wp-content\/uploads\/2026\/03\/capcalera-castella-1024x174.webp 1024w, https:\/\/foto.art.br\/site\/wp-content\/uploads\/2026\/03\/capcalera-castella-300x51.webp 300w, https:\/\/foto.art.br\/site\/wp-content\/uploads\/2026\/03\/capcalera-castella-768x130.webp 768w, https:\/\/foto.art.br\/site\/wp-content\/uploads\/2026\/03\/capcalera-castella-100x17.webp 100w, https:\/\/foto.art.br\/site\/wp-content\/uploads\/2026\/03\/capcalera-castella.webp 1320w\" sizes=\"auto, (max-width: 1024px) 100vw, 1024px\" \/><\/figure>\n\n\n\n<p>Finalmente conseguimos! Haver\u00e1 um novo Revela\u2019t. N\u00e3o ser\u00e1 em maio ou junho: ser\u00e1 em outubro. O festival retorna com uma edi\u00e7\u00e3o que explora 20 maneiras de escapar atrav\u00e9s da fotografia anal\u00f3gica contempor\u00e2nea. Escapar nem sempre significa fugir. \u00c0s vezes, significa respirar, criar, revelar.<br>Todos n\u00f3s buscamos uma sa\u00edda, e este ano esse tamb\u00e9m \u00e9 o lema da edi\u00e7\u00e3o. Este ano, a melhor maneira de escapar ser\u00e1 retornar ao Revela\u2019t 2026.<\/p>\n\n\n\n<p>2026 tamb\u00e9m ser\u00e1 um ano de transi\u00e7\u00e3o e consolida\u00e7\u00e3o. Com o apoio de um grupo externo que refor\u00e7a o projeto, estamos iniciando um processo para garantir a estabilidade e o crescimento estrutural do festival a partir de 2027.<\/p>\n","protected":false},"excerpt":{"rendered":"<p>Finalmente conseguimos! Haver\u00e1 um novo Revela\u2019t. N\u00e3o ser\u00e1 em maio ou junho: ser\u00e1 em outubro. O festival retorna com uma edi\u00e7\u00e3o que explora 20 maneiras de escapar atrav\u00e9s da fotografia anal\u00f3gica contempor\u00e2nea. Escapar nem sempre significa fugir. \u00c0s vezes, significa respirar, criar, revelar.Todos n\u00f3s buscamos uma sa\u00edda, e este ano esse tamb\u00e9m \u00e9 o lema [&hellip;]<\/p>\n","protected":false},"author":1,"featured_media":2888,"comment_status":"closed","ping_status":"","sticky":false,"template":"","format":"standard","meta":{"footnotes":""},"categories":[1],"tags":[],"class_list":["post-2887","post","type-post","status-publish","format-standard","has-post-thumbnail","hentry","category-uncategorized"],"blocksy_meta":[],"_links":{"self":[{"href":"https:\/\/foto.art.br\/site\/wp-json\/wp\/v2\/posts\/2887","targetHints":{"allow":["GET"]}}],"collection":[{"href":"https:\/\/foto.art.br\/site\/wp-json\/wp\/v2\/posts"}],"about":[{"href":"https:\/\/foto.art.br\/site\/wp-json\/wp\/v2\/types\/post"}],"author":[{"embeddable":true,"href":"https:\/\/foto.art.br\/site\/wp-json\/wp\/v2\/users\/1"}],"replies":[{"embeddable":true,"href":"https:\/\/foto.art.br\/site\/wp-json\/wp\/v2\/comments?post=2887"}],"version-history":[{"count":2,"href":"https:\/\/foto.art.br\/site\/wp-json\/wp\/v2\/posts\/2887\/revisions"}],"predecessor-version":[{"id":2891,"href":"https:\/\/foto.art.br\/site\/wp-json\/wp\/v2\/posts\/2887\/revisions\/2891"}],"wp:featuredmedia":[{"embeddable":true,"href":"https:\/\/foto.art.br\/site\/wp-json\/wp\/v2\/media\/2888"}],"wp:attachment":[{"href":"https:\/\/foto.art.br\/site\/wp-json\/wp\/v2\/media?parent=2887"}],"wp:term":[{"taxonomy":"category","embeddable":true,"href":"https:\/\/foto.art.br\/site\/wp-json\/wp\/v2\/categories?post=2887"},{"taxonomy":"post_tag","embeddable":true,"href":"https:\/\/foto.art.br\/site\/wp-json\/wp\/v2\/tags?post=2887"}],"curies":[{"name":"wp","href":"https:\/\/api.w.org\/{rel}","templated":true}]}}