{"id":2925,"date":"2026-03-28T05:50:31","date_gmt":"2026-03-28T08:50:31","guid":{"rendered":"https:\/\/foto.art.br\/site\/?p=2925"},"modified":"2026-03-31T03:51:42","modified_gmt":"2026-03-31T06:51:42","slug":"retratistas-retratados-2","status":"publish","type":"post","link":"https:\/\/foto.art.br\/site\/2026\/03\/28\/retratistas-retratados-2\/","title":{"rendered":"retratistas retratados"},"content":{"rendered":"\n<p>atividade paralela \u00e0 exposi\u00e7\u00e3o<\/p>\n\n\n\n<p>retratos primeiro dia<\/p>\n\n\n<div  robogallery_id=\"3058\"  class=\"RoboGalleryV5 RoboGallery_ID3058\"  style=\"width:100%;\"><\/div><script> var robogallery_config_id_3058 = {\r\n            \"restUrl\": \"https:\/\/foto.art.br\/site\/wp-json\/\",\r\n            \"wp_rest\": \"0820a56413\",\r\n            \"errorImageUrl\": \"https:\/\/foto.art.br\/site\/wp-content\/plugins\/robo-gallery\/images\/\",\r\n            \"debug\": false\r\n        };<\/script>\n\n\n<p>retratos do segundo dia<\/p>\n\n\n<div  robogallery_id=\"2954\"  class=\"RoboGalleryV5 RoboGallery_ID2954\"  style=\"width:100%;\"><\/div><script> var robogallery_config_id_2954 = {\r\n            \"restUrl\": \"https:\/\/foto.art.br\/site\/wp-json\/\",\r\n            \"wp_rest\": \"0820a56413\",\r\n            \"errorImageUrl\": \"https:\/\/foto.art.br\/site\/wp-content\/plugins\/robo-gallery\/images\/\",\r\n            \"debug\": false\r\n        };<\/script>\n\n\n<p>algumas imagens do primeiro e segundo dia<\/p>\n\n\n<div  robogallery_id=\"2917\"  class=\"RoboGalleryV5 RoboGallery_ID2917\"  style=\"width:100%;\"><\/div><script> var robogallery_config_id_2917 = {\r\n            \"restUrl\": \"https:\/\/foto.art.br\/site\/wp-json\/\",\r\n            \"wp_rest\": \"0820a56413\",\r\n            \"errorImageUrl\": \"https:\/\/foto.art.br\/site\/wp-content\/plugins\/robo-gallery\/images\/\",\r\n            \"debug\": false\r\n        };<\/script>\n\n<div  robogallery_id=\"3061\"  class=\"RoboGalleryV5 RoboGallery_ID3061\"  style=\"width:100%;\"><\/div><script> var robogallery_config_id_3061 = {\r\n            \"restUrl\": \"https:\/\/foto.art.br\/site\/wp-json\/\",\r\n            \"wp_rest\": \"0820a56413\",\r\n            \"errorImageUrl\": \"https:\/\/foto.art.br\/site\/wp-content\/plugins\/robo-gallery\/images\/\",\r\n            \"debug\": false\r\n        };<\/script>\n\n\n<p>credito das imagens, Achutti, Kin, Wanderely, Jussara, Denise, Am\u00edlcar e japa<\/p>\n\n\n\n<p><\/p>\n","protected":false},"excerpt":{"rendered":"<p>atividade paralela \u00e0 exposi\u00e7\u00e3o retratos primeiro dia retratos do segundo dia algumas imagens do primeiro e segundo dia credito das imagens, Achutti, Kin, Wanderely, Jussara, Denise, Am\u00edlcar e japa<\/p>\n","protected":false},"author":1,"featured_media":2903,"comment_status":"closed","ping_status":"","sticky":false,"template":"","format":"standard","meta":{"footnotes":""},"categories":[1,14,12,13],"tags":[],"class_list":["post-2925","post","type-post","status-publish","format-standard","has-post-thumbnail","hentry","category-uncategorized","category-fotografia","category-pessoas","category-tecnicas"],"blocksy_meta":[],"_links":{"self":[{"href":"https:\/\/foto.art.br\/site\/wp-json\/wp\/v2\/posts\/2925","targetHints":{"allow":["GET"]}}],"collection":[{"href":"https:\/\/foto.art.br\/site\/wp-json\/wp\/v2\/posts"}],"about":[{"href":"https:\/\/foto.art.br\/site\/wp-json\/wp\/v2\/types\/post"}],"author":[{"embeddable":true,"href":"https:\/\/foto.art.br\/site\/wp-json\/wp\/v2\/users\/1"}],"replies":[{"embeddable":true,"href":"https:\/\/foto.art.br\/site\/wp-json\/wp\/v2\/comments?post=2925"}],"version-history":[{"count":17,"href":"https:\/\/foto.art.br\/site\/wp-json\/wp\/v2\/posts\/2925\/revisions"}],"predecessor-version":[{"id":3075,"href":"https:\/\/foto.art.br\/site\/wp-json\/wp\/v2\/posts\/2925\/revisions\/3075"}],"wp:featuredmedia":[{"embeddable":true,"href":"https:\/\/foto.art.br\/site\/wp-json\/wp\/v2\/media\/2903"}],"wp:attachment":[{"href":"https:\/\/foto.art.br\/site\/wp-json\/wp\/v2\/media?parent=2925"}],"wp:term":[{"taxonomy":"category","embeddable":true,"href":"https:\/\/foto.art.br\/site\/wp-json\/wp\/v2\/categories?post=2925"},{"taxonomy":"post_tag","embeddable":true,"href":"https:\/\/foto.art.br\/site\/wp-json\/wp\/v2\/tags?post=2925"}],"curies":[{"name":"wp","href":"https:\/\/api.w.org\/{rel}","templated":true}]}}