{"id":3180,"date":"2026-04-15T05:04:35","date_gmt":"2026-04-15T08:04:35","guid":{"rendered":"https:\/\/foto.art.br\/site\/?p=3180"},"modified":"2026-04-15T05:05:08","modified_gmt":"2026-04-15T08:05:08","slug":"gu-pho-photofestival-2026","status":"publish","type":"post","link":"https:\/\/foto.art.br\/site\/2026\/04\/15\/gu-pho-photofestival-2026\/","title":{"rendered":"GU.PHO. Photofestival 2026"},"content":{"rendered":"\n<figure class=\"wp-block-image size-full\"><img loading=\"lazy\" decoding=\"async\" width=\"1024\" height=\"576\" src=\"https:\/\/foto.art.br\/site\/wp-content\/uploads\/2026\/04\/gupho-international-vernacular-photography-festival-2026-save-the-date-1024x576-1.png\" alt=\"\" class=\"wp-image-3181\" srcset=\"https:\/\/foto.art.br\/site\/wp-content\/uploads\/2026\/04\/gupho-international-vernacular-photography-festival-2026-save-the-date-1024x576-1.png 1024w, https:\/\/foto.art.br\/site\/wp-content\/uploads\/2026\/04\/gupho-international-vernacular-photography-festival-2026-save-the-date-1024x576-1-300x169.png 300w, https:\/\/foto.art.br\/site\/wp-content\/uploads\/2026\/04\/gupho-international-vernacular-photography-festival-2026-save-the-date-1024x576-1-768x432.png 768w, https:\/\/foto.art.br\/site\/wp-content\/uploads\/2026\/04\/gupho-international-vernacular-photography-festival-2026-save-the-date-1024x576-1-100x56.png 100w\" sizes=\"auto, (max-width: 1024px) 100vw, 1024px\" \/><\/figure>\n\n\n\n<p>O primeiro Festival Internacional de Fotografia Vernacular da It\u00e1lia retorna de 18 a 26 de junho.<\/p>\n\n\n\n<p>Ser\u00e1 o nosso olhar \u00e9tico?<\/p>\n\n\n\n<p>Num momento hist\u00f3rico em que a produ\u00e7\u00e3o, circula\u00e7\u00e3o e reativa\u00e7\u00e3o de imagens ocorrem com uma velocidade e abrang\u00eancia sem precedentes, a quinta edi\u00e7\u00e3o do Festival GU.PHO. prop\u00f5e uma reflex\u00e3o cr\u00edtica sobre a \u00e9tica e a legitimidade da utiliza\u00e7\u00e3o de materiais visuais de terceiros. &#8220;Sobre a \u00c9tica&#8221; pretende ser um momento de questionamento coletivo: n\u00e3o um conjunto de respostas definitivas, mas um espa\u00e7o aberto que re\u00fane pr\u00e1ticas art\u00edsticas, arquivos e perspectivas.<\/p>\n\n\n\n<figure class=\"wp-block-embed is-type-wp-embed is-provider-gu-pho wp-block-embed-gu-pho\"><div class=\"wp-block-embed__wrapper\">\n<blockquote class=\"wp-embedded-content\" data-secret=\"T9HXPuKscx\"><a href=\"https:\/\/www.gupho.com\/\">Manifesto 2026<\/a><\/blockquote><iframe loading=\"lazy\" class=\"wp-embedded-content\" sandbox=\"allow-scripts\" security=\"restricted\" style=\"position: absolute; visibility: hidden;\" title=\"&#8220;Manifesto 2026&#8221; &#8212; Gu.Pho.\" src=\"https:\/\/www.gupho.com\/embed\/#?secret=PrMAkBEBTJ#?secret=T9HXPuKscx\" data-secret=\"T9HXPuKscx\" width=\"600\" height=\"338\" frameborder=\"0\" marginwidth=\"0\" marginheight=\"0\" scrolling=\"no\"><\/iframe>\n<\/div><\/figure>\n","protected":false},"excerpt":{"rendered":"<p>O primeiro Festival Internacional de Fotografia Vernacular da It\u00e1lia retorna de 18 a 26 de junho. Ser\u00e1 o nosso olhar \u00e9tico? Num momento hist\u00f3rico em que a produ\u00e7\u00e3o, circula\u00e7\u00e3o e reativa\u00e7\u00e3o de imagens ocorrem com uma velocidade e abrang\u00eancia sem precedentes, a quinta edi\u00e7\u00e3o do Festival GU.PHO. prop\u00f5e uma reflex\u00e3o cr\u00edtica sobre a \u00e9tica e [&hellip;]<\/p>\n","protected":false},"author":1,"featured_media":3181,"comment_status":"closed","ping_status":"","sticky":false,"template":"","format":"standard","meta":{"footnotes":""},"categories":[1,14],"tags":[],"class_list":["post-3180","post","type-post","status-publish","format-standard","has-post-thumbnail","hentry","category-uncategorized","category-fotografia"],"blocksy_meta":[],"_links":{"self":[{"href":"https:\/\/foto.art.br\/site\/wp-json\/wp\/v2\/posts\/3180","targetHints":{"allow":["GET"]}}],"collection":[{"href":"https:\/\/foto.art.br\/site\/wp-json\/wp\/v2\/posts"}],"about":[{"href":"https:\/\/foto.art.br\/site\/wp-json\/wp\/v2\/types\/post"}],"author":[{"embeddable":true,"href":"https:\/\/foto.art.br\/site\/wp-json\/wp\/v2\/users\/1"}],"replies":[{"embeddable":true,"href":"https:\/\/foto.art.br\/site\/wp-json\/wp\/v2\/comments?post=3180"}],"version-history":[{"count":1,"href":"https:\/\/foto.art.br\/site\/wp-json\/wp\/v2\/posts\/3180\/revisions"}],"predecessor-version":[{"id":3182,"href":"https:\/\/foto.art.br\/site\/wp-json\/wp\/v2\/posts\/3180\/revisions\/3182"}],"wp:featuredmedia":[{"embeddable":true,"href":"https:\/\/foto.art.br\/site\/wp-json\/wp\/v2\/media\/3181"}],"wp:attachment":[{"href":"https:\/\/foto.art.br\/site\/wp-json\/wp\/v2\/media?parent=3180"}],"wp:term":[{"taxonomy":"category","embeddable":true,"href":"https:\/\/foto.art.br\/site\/wp-json\/wp\/v2\/categories?post=3180"},{"taxonomy":"post_tag","embeddable":true,"href":"https:\/\/foto.art.br\/site\/wp-json\/wp\/v2\/tags?post=3180"}],"curies":[{"name":"wp","href":"https:\/\/api.w.org\/{rel}","templated":true}]}}