{"id":3183,"date":"2026-04-17T13:37:31","date_gmt":"2026-04-17T16:37:31","guid":{"rendered":"https:\/\/foto.art.br\/site\/?p=3183"},"modified":"2026-04-17T13:38:51","modified_gmt":"2026-04-17T16:38:51","slug":"26odia-internacional-da-fotografia-pinhole","status":"publish","type":"post","link":"https:\/\/foto.art.br\/site\/2026\/04\/17\/26odia-internacional-da-fotografia-pinhole\/","title":{"rendered":"26\u00baDia Internacional da Fotografia Pinhole"},"content":{"rendered":"\n<figure class=\"wp-block-image size-large\"><img loading=\"lazy\" decoding=\"async\" width=\"1024\" height=\"1015\" src=\"https:\/\/foto.art.br\/site\/wp-content\/uploads\/2026\/04\/Ximena-Astudillo-Delgado-_world1-1024x1015.jpg\" alt=\"\" class=\"wp-image-3184\" srcset=\"https:\/\/foto.art.br\/site\/wp-content\/uploads\/2026\/04\/Ximena-Astudillo-Delgado-_world1-1024x1015.jpg 1024w, https:\/\/foto.art.br\/site\/wp-content\/uploads\/2026\/04\/Ximena-Astudillo-Delgado-_world1-300x297.jpg 300w, https:\/\/foto.art.br\/site\/wp-content\/uploads\/2026\/04\/Ximena-Astudillo-Delgado-_world1-150x150.jpg 150w, https:\/\/foto.art.br\/site\/wp-content\/uploads\/2026\/04\/Ximena-Astudillo-Delgado-_world1-768x762.jpg 768w, https:\/\/foto.art.br\/site\/wp-content\/uploads\/2026\/04\/Ximena-Astudillo-Delgado-_world1-100x99.jpg 100w, https:\/\/foto.art.br\/site\/wp-content\/uploads\/2026\/04\/Ximena-Astudillo-Delgado-_world1-1536x1523.jpg 1536w, https:\/\/foto.art.br\/site\/wp-content\/uploads\/2026\/04\/Ximena-Astudillo-Delgado-_world1-2048x2031.jpg 2048w\" sizes=\"auto, (max-width: 1024px) 100vw, 1024px\" \/><\/figure>\n\n\n\n<p>como sempre acontece desde 2001, no \u00faltimo domingo do mes de abril, este ano dia 26, <br>acontece o Dia Internacional da Fotografia Pinhole, em sua 26\u00aa edi\u00e7\u00e3o; este site pariticipou desde a primeira edi\u00e7\u00e3o.<\/p>\n\n\n\n<p>o site do evento mant\u00e9m o seu desatualizado layout da \u00e9poca, mas entrando e explorando vemos uma grande n\u00famero de imagens do mundo todo, classificadas por ano e pa\u00eds. Lamentavelmente nem todos anunciam os eventos previamente no site, sobre onde e como acntecer\u00e3o as diversas atividades, oficinas, atividades abertas.<\/p>\n\n\n\n<p>Vale a pena uma boa explora\u00e7\u00e3o do site.<\/p>\n\n\n\n<p><a href=\"https:\/\/pinholeday.org\" target=\"_blank\" rel=\"noreferrer noopener\">https:\/\/pinholeday.org<\/a><\/p>\n\n\n\n<p>A fotografia pinhole \u00e9 uma preciosa ferramenta no ensino\/ aprendizagem da arte e da fotografia. j\u00e1 teve momentos de grande uso, aqui no Brasil inclusive, principalmente \u00e0 partir dos anos 1970. 1990.<\/p>\n\n\n\n<figure class=\"wp-block-image size-full\"><img loading=\"lazy\" decoding=\"async\" width=\"478\" height=\"341\" src=\"https:\/\/foto.art.br\/site\/wp-content\/uploads\/2026\/04\/cleber_falieri_20010430_133654.jpg\" alt=\"\" class=\"wp-image-3195\" srcset=\"https:\/\/foto.art.br\/site\/wp-content\/uploads\/2026\/04\/cleber_falieri_20010430_133654.jpg 478w, https:\/\/foto.art.br\/site\/wp-content\/uploads\/2026\/04\/cleber_falieri_20010430_133654-300x214.jpg 300w, https:\/\/foto.art.br\/site\/wp-content\/uploads\/2026\/04\/cleber_falieri_20010430_133654-100x71.jpg 100w\" sizes=\"auto, (max-width: 478px) 100vw, 478px\" \/><figcaption class=\"wp-element-caption\">foto de Cl\u00e9ber Falieri, 2001<\/figcaption><\/figure>\n\n\n\n<p><a href=\"https:\/\/pinholeday.org\/gallery\/2001\/photo_45.html\">https:\/\/pinholeday.org\/gallery\/2001\/photo_45.html<\/a><\/p>\n\n\n\n<p>A fotografia na lata foi muito usada em grupos como a Fotoativa, Bel\u00e9m do Par\u00e1, Cidade Invertida, S\u00e3o Paulo, Clube da Lata e Lata M\u00e1gica (maioria da UFRGS) em Porto Alegre, o pessoal da EBA da UFMG. de l\u00e1 o Cl\u00e9ber Fali\u00e9ri publicou um tutorial muito usado aqui no Brasil.<\/p>\n\n\n\n<figure class=\"wp-block-image size-full\"><img loading=\"lazy\" decoding=\"async\" width=\"500\" height=\"314\" src=\"https:\/\/foto.art.br\/site\/wp-content\/uploads\/2026\/04\/paula_biazus_20010528_210754.jpg\" alt=\"\" class=\"wp-image-3196\" srcset=\"https:\/\/foto.art.br\/site\/wp-content\/uploads\/2026\/04\/paula_biazus_20010528_210754.jpg 500w, https:\/\/foto.art.br\/site\/wp-content\/uploads\/2026\/04\/paula_biazus_20010528_210754-300x188.jpg 300w, https:\/\/foto.art.br\/site\/wp-content\/uploads\/2026\/04\/paula_biazus_20010528_210754-100x63.jpg 100w\" sizes=\"auto, (max-width: 500px) 100vw, 500px\" \/><figcaption class=\"wp-element-caption\">foto de Paula Biazus, 2001<\/figcaption><\/figure>\n\n\n\n<p><a href=\"https:\/\/pinholeday.org\/gallery\/2001\/photo_289.html\">https:\/\/pinholeday.org\/gallery\/2001\/photo_289.html<\/a><\/p>\n\n\n\n<p>Foi muito usado tamb\u00e9m em escolas de primeiro e segundo grau, em banheiros improvisados de laborat\u00f3rio, \u00e9poca do papel fotogr\u00e1fico barato que permitia estas pr\u00e1ticas.<\/p>\n\n\n\n<p>Hoje o uso do papel fotogr\u00e1fico est\u00e1 proibitivo mo Brasil. <\/p>\n\n\n\n<p>Temos uma boa alternativa que \u00e9 o uso do filme de raio-x, ainda n\u00e3o extinto, em nosso ainda terceiro mundo vai demorar para termos computadores, rededes, infraestrutura para a digitaliza\u00e7\u00e3o total, principalemente  em nosso munic\u00edpios do interior. Mesmo nas capitais, por vezes a a capta\u00e7\u00e3o da imagem \u00e9 feita por meio digital, mas impresso em filme laser ou mesmo filme fotogr\u00e1fico, para a imagem poder circular entre consult\u00f3rios e hospitais&#8230;<\/p>\n\n\n\n<p>O baixo pre\u00e7o \u00e9 em fun\u00e7\u00e3o de ser um produto importado mas com isen\u00e7\u00e3o de impostos por ser um artigo de primeir\u00edssima necessidade.<\/p>\n\n\n\n<figure class=\"wp-block-image size-full is-resized\"><img loading=\"lazy\" decoding=\"async\" width=\"660\" height=\"861\" src=\"https:\/\/foto.art.br\/site\/wp-content\/uploads\/2026\/04\/foma.webp\" alt=\"\" class=\"wp-image-3190\" style=\"width:299px;height:auto\" srcset=\"https:\/\/foto.art.br\/site\/wp-content\/uploads\/2026\/04\/foma.webp 660w, https:\/\/foto.art.br\/site\/wp-content\/uploads\/2026\/04\/foma-230x300.webp 230w, https:\/\/foto.art.br\/site\/wp-content\/uploads\/2026\/04\/foma-100x130.webp 100w\" sizes=\"auto, (max-width: 660px) 100vw, 660px\" \/><\/figure>\n\n\n\n<p>uma folha de papel fotogr\u00e1fico Foma 13x18cm custa em torno de 9 reais, enquanto a folha de filme de raio-x fuji HRU 13&#215;18 sai por menos de 1,50 reais ! \u00e9 muita coisa. At\u00e9 o papel fotogr\u00e1fico colorido \u00e9 mais barato!<\/p>\n\n\n\n<figure class=\"wp-block-image size-large is-resized\"><img loading=\"lazy\" decoding=\"async\" width=\"800\" height=\"1024\" src=\"https:\/\/foto.art.br\/site\/wp-content\/uploads\/2026\/04\/D_NQ_NP_2X_864228-MLA77873125011_072024-F-800x1024.webp\" alt=\"\" class=\"wp-image-3189\" style=\"aspect-ratio:0.781251389691822;width:301px;height:auto\" srcset=\"https:\/\/foto.art.br\/site\/wp-content\/uploads\/2026\/04\/D_NQ_NP_2X_864228-MLA77873125011_072024-F-800x1024.webp 800w, https:\/\/foto.art.br\/site\/wp-content\/uploads\/2026\/04\/D_NQ_NP_2X_864228-MLA77873125011_072024-F-235x300.webp 235w, https:\/\/foto.art.br\/site\/wp-content\/uploads\/2026\/04\/D_NQ_NP_2X_864228-MLA77873125011_072024-F-768x983.webp 768w, https:\/\/foto.art.br\/site\/wp-content\/uploads\/2026\/04\/D_NQ_NP_2X_864228-MLA77873125011_072024-F-100x128.webp 100w, https:\/\/foto.art.br\/site\/wp-content\/uploads\/2026\/04\/D_NQ_NP_2X_864228-MLA77873125011_072024-F.webp 938w\" sizes=\"auto, (max-width: 800px) 100vw, 800px\" \/><\/figure>\n\n\n\n<p>Usando como c\u00e2mera uma lata das de leite em p\u00f3 de 400g, usa-se metade de uma folha 13x18cm.<\/p>\n\n\n\n<p>Outras diferen\u00e7as a considerar, a sensibilidade do papel fotogr\u00e1fico \u00e9 em torno de ISO 8, enquanto do filme de raio-x ISO200, \u00e9 muita diferen\u00e7a, com aspectos bons e ruis.<\/p>\n\n\n\n<p>A baixa sensibilidade do papel fotogr\u00e1fico permite seu uso em laborat\u00f3rios fotograficos improvisados, a sensibilidade \u00e9 muito baixa.<\/p>\n\n\n\n<p>O filme de raio-x por seu lado exigem uma sala com  boa veda\u00e7\u00e3o e lanterna de seguran\u00e7a adequada, bem fraca; a luz de seguran\u00e7a usada em papel fotogr\u00e1fico n\u00e3o funciona para o filme de raio-x, o filme vela com facilidade, sendo recorente a perda de caixas inteiras de filme, se manipulada como o papel fotogr\u00e1fico, isto acontece com fot[ografos e professores experientes no laborat\u00f3rio de papel.<\/p>\n\n\n\n<p>Tem outros cuidados como a facilidade de riscar, etc<\/p>\n\n\n\n<p>tem um t\u00f3pico esepec\u00edfico sobre isto neste <a href=\"https:\/\/foto.art.br\/site\/filme-de-raio-x\/\" data-type=\"page\" data-id=\"75\" target=\"_blank\" rel=\"noreferrer noopener\">link &#8211; Filme de Raio X<\/a><\/p>\n\n\n\n<p>Sobre como fazer uma lata pratica de usar<\/p>\n\n\n\n<figure class=\"wp-block-embed is-type-wp-embed is-provider-foto-art-br wp-block-embed-foto-art-br\"><div class=\"wp-block-embed__wrapper\">\n<blockquote class=\"wp-embedded-content\" data-secret=\"g7fituyfWn\"><a href=\"https:\/\/foto.art.br\/site\/pinhole\/\">Pinhole<\/a><\/blockquote><iframe loading=\"lazy\" class=\"wp-embedded-content\" sandbox=\"allow-scripts\" security=\"restricted\" style=\"position: absolute; visibility: hidden;\" title=\"&#8220;Pinhole&#8221; &#8212; foto.art.br\" src=\"https:\/\/foto.art.br\/site\/pinhole\/embed\/#?secret=NySBU4wH4k#?secret=g7fituyfWn\" data-secret=\"g7fituyfWn\" width=\"600\" height=\"338\" frameborder=\"0\" marginwidth=\"0\" marginheight=\"0\" scrolling=\"no\"><\/iframe>\n<\/div><\/figure>\n","protected":false},"excerpt":{"rendered":"<p>como sempre acontece desde 2001, no \u00faltimo domingo do mes de abril, este ano dia 26, acontece o Dia Internacional da Fotografia Pinhole, em sua 26\u00aa edi\u00e7\u00e3o; este site pariticipou desde a primeira edi\u00e7\u00e3o. o site do evento mant\u00e9m o seu desatualizado layout da \u00e9poca, mas entrando e explorando vemos uma grande n\u00famero de imagens [&hellip;]<\/p>\n","protected":false},"author":1,"featured_media":3184,"comment_status":"closed","ping_status":"","sticky":false,"template":"","format":"standard","meta":{"footnotes":""},"categories":[1],"tags":[],"class_list":["post-3183","post","type-post","status-publish","format-standard","has-post-thumbnail","hentry","category-uncategorized"],"blocksy_meta":[],"_links":{"self":[{"href":"https:\/\/foto.art.br\/site\/wp-json\/wp\/v2\/posts\/3183","targetHints":{"allow":["GET"]}}],"collection":[{"href":"https:\/\/foto.art.br\/site\/wp-json\/wp\/v2\/posts"}],"about":[{"href":"https:\/\/foto.art.br\/site\/wp-json\/wp\/v2\/types\/post"}],"author":[{"embeddable":true,"href":"https:\/\/foto.art.br\/site\/wp-json\/wp\/v2\/users\/1"}],"replies":[{"embeddable":true,"href":"https:\/\/foto.art.br\/site\/wp-json\/wp\/v2\/comments?post=3183"}],"version-history":[{"count":11,"href":"https:\/\/foto.art.br\/site\/wp-json\/wp\/v2\/posts\/3183\/revisions"}],"predecessor-version":[{"id":3199,"href":"https:\/\/foto.art.br\/site\/wp-json\/wp\/v2\/posts\/3183\/revisions\/3199"}],"wp:featuredmedia":[{"embeddable":true,"href":"https:\/\/foto.art.br\/site\/wp-json\/wp\/v2\/media\/3184"}],"wp:attachment":[{"href":"https:\/\/foto.art.br\/site\/wp-json\/wp\/v2\/media?parent=3183"}],"wp:term":[{"taxonomy":"category","embeddable":true,"href":"https:\/\/foto.art.br\/site\/wp-json\/wp\/v2\/categories?post=3183"},{"taxonomy":"post_tag","embeddable":true,"href":"https:\/\/foto.art.br\/site\/wp-json\/wp\/v2\/tags?post=3183"}],"curies":[{"name":"wp","href":"https:\/\/api.w.org\/{rel}","templated":true}]}}