{"id":390,"date":"2023-12-06T07:16:34","date_gmt":"2023-12-06T10:16:34","guid":{"rendered":"https:\/\/foto.art.br\/site\/?p=390"},"modified":"2023-12-07T01:49:44","modified_gmt":"2023-12-07T04:49:44","slug":"fotografia-experimental-de-grande-formato-udesc","status":"publish","type":"post","link":"https:\/\/foto.art.br\/site\/2023\/12\/06\/fotografia-experimental-de-grande-formato-udesc\/","title":{"rendered":"Fotografia Experimental de Grande Formato &#8211; UDESC"},"content":{"rendered":"\n<p>aconteceu na UDESC<\/p>\n\n\n\n<figure class=\"wp-block-image size-large\"><img loading=\"lazy\" decoding=\"async\" width=\"1024\" height=\"1024\" src=\"https:\/\/foto.art.br\/site\/wp-content\/uploads\/2023\/12\/Grande-formato-1024x1024.jpg\" alt=\"\" class=\"wp-image-389\" srcset=\"https:\/\/foto.art.br\/site\/wp-content\/uploads\/2023\/12\/Grande-formato-1024x1024.jpg 1024w, https:\/\/foto.art.br\/site\/wp-content\/uploads\/2023\/12\/Grande-formato-300x300.jpg 300w, https:\/\/foto.art.br\/site\/wp-content\/uploads\/2023\/12\/Grande-formato-150x150.jpg 150w, https:\/\/foto.art.br\/site\/wp-content\/uploads\/2023\/12\/Grande-formato-768x768.jpg 768w, https:\/\/foto.art.br\/site\/wp-content\/uploads\/2023\/12\/Grande-formato.jpg 1080w\" sizes=\"auto, (max-width: 1024px) 100vw, 1024px\" \/><\/figure>\n\n\n\n<p>O curso, destinado a quem j\u00e1 tenha algum conhecimento b\u00e1sico de fotografia, vai abordar as possibilidades da fotografia experimental de baixo custo, seu emprego no processo de ensino\/aprendizagem, possibilidades como meio expressivo. Ser\u00e3o explicadas algumas t\u00e9cnicas experimentais e alternativas de fotografia qu\u00edmica, abordado o uso de filmes de Raio-x, papel colorido, revela\u00e7\u00e3o revers\u00edvel, reveladores e processos alternativos, uso de c\u00e2meras de grande formato.<br>Ser\u00e3o oferecidas 6 vagas com uma c\u00e2mera por aluno.<br>A atividade ser\u00e1 ministrada por S\u00e9rgio Sakakibara, fot\u00f3grafo e artista visual, professor de fotografia no MIS-SC, e pela Prof de Fotografia do CEART-UDESC Lu Renata.<\/p>\n\n\n\n<figure class=\"wp-block-image size-large\"><img loading=\"lazy\" decoding=\"async\" width=\"1024\" height=\"768\" src=\"https:\/\/foto.art.br\/site\/wp-content\/uploads\/2023\/12\/UDESC_2-1024x768.jpg\" alt=\"\" class=\"wp-image-396\" srcset=\"https:\/\/foto.art.br\/site\/wp-content\/uploads\/2023\/12\/UDESC_2-1024x768.jpg 1024w, https:\/\/foto.art.br\/site\/wp-content\/uploads\/2023\/12\/UDESC_2-300x225.jpg 300w, https:\/\/foto.art.br\/site\/wp-content\/uploads\/2023\/12\/UDESC_2-768x576.jpg 768w, https:\/\/foto.art.br\/site\/wp-content\/uploads\/2023\/12\/UDESC_2-1536x1152.jpg 1536w, https:\/\/foto.art.br\/site\/wp-content\/uploads\/2023\/12\/UDESC_2-2048x1536.jpg 2048w\" sizes=\"auto, (max-width: 1024px) 100vw, 1024px\" \/><\/figure>\n\n\n\n<p>Algumas fotos dos alunos:<\/p>\n\n\n<style type=\"text\/css\" scoped>.rbs_gallery_69ef5b949812bSpinner{\r\n\t\t\t\tmargin: 50px auto;\r\n\t\t\t\twidth: 50px;\r\n\t\t\t\theight: 40px;\r\n\t\t\t\ttext-align: center;\r\n\t\t\t\tfont-size: 10px;\r\n\t\t\t}\r\n\t\t\t.rbs_gallery_69ef5b949812bSpinner > div{\r\n\t\t\t  background-color: #333;\r\n\t\t\t  height: 100%;\r\n\t\t\t  width: 6px;\r\n\t\t\t  display: inline-block;\r\n\t\t\t  -webkit-animation: rbs_gallery_69ef5b949812b-stretchdelay 1.2s infinite ease-in-out;\r\n\t\t\t  animation: rbs_gallery_69ef5b949812b-stretchdelay 1.2s infinite ease-in-out;\r\n\t\t\t}\r\n\t\t\t.rbs_gallery_69ef5b949812bSpinner .rbs_gallery_69ef5b949812bRect2 {\r\n\t\t\t  -webkit-animation-delay: -1.1s;\r\n\t\t\t  animation-delay: -1.1s;\r\n\t\t\t}\r\n\t\t\t.rbs_gallery_69ef5b949812bSpinner .rbs_gallery_69ef5b949812bRect3 {\r\n\t\t\t  -webkit-animation-delay: -1.0s;\r\n\t\t\t  animation-delay: -1.0s;\r\n\t\t\t}\r\n\t\t\t.rbs_gallery_69ef5b949812bSpinner .rbs_gallery_69ef5b949812bRect4 {\r\n\t\t\t  -webkit-animation-delay: -0.9s;\r\n\t\t\t  animation-delay: -0.9s;\r\n\t\t\t}\r\n\t\t\t.rbs_gallery_69ef5b949812bSpinner .rbs_gallery_69ef5b949812bRect5 {\r\n\t\t\t  -webkit-animation-delay: -0.8s;\r\n\t\t\t  animation-delay: -0.8s;\r\n\t\t\t}\r\n\t\t\t@-webkit-keyframes rbs_gallery_69ef5b949812b-stretchdelay {\r\n\t\t\t  0%, 40%, 100% { -webkit-transform: scaleY(0.4) }  \r\n\t\t\t  20% { -webkit-transform: scaleY(1.0) }\r\n\t\t\t}\r\n\t\t\t@keyframes rbs_gallery_69ef5b949812b-stretchdelay {\r\n\t\t\t  0%, 40%, 100% { \r\n\t\t\t    transform: scaleY(0.4);\r\n\t\t\t    -webkit-transform: scaleY(0.4);\r\n\t\t\t  }  20% { \r\n\t\t\t    transform: scaleY(1.0);\r\n\t\t\t    -webkit-transform: scaleY(1.0);\r\n\t\t\t  }\r\n\t\t\t}\r\n\t\t<\/style><div class=\"robo-gallery-wrap robo-gallery-wrap-id382 robo-gallery-grid\" ><div id=\"rbs_gallery_69ef5b949812b-block-loader\" class=\"rbs_gallery_69ef5b949812bSpinner\"><div class=\"rbs_gallery_69ef5b949812bRect1\"><\/div> <div class=\"rbs_gallery_69ef5b949812bRect2\"><\/div> <div class=\"rbs_gallery_69ef5b949812bRect3\"><\/div> <div class=\"rbs_gallery_69ef5b949812bRect4\"><\/div> <div class=\"rbs_gallery_69ef5b949812bRect5\"><\/div><\/div><div id=\"robo_gallery_main_block_rbs_gallery_69ef5b949812b\" class=\"robogallery-gallery-382\" style=\"width:100%;  display: none;\"><div id=\"rbs_gallery_69ef5b949812b\" data-options=\"rbs_gallery_69ef5b949812b\" style=\"width:100%;\" class=\"robo_gallery  \"><div class=\"rbs-img  category382 \" ><div class=\"rbs-img-image   rbs-lightbox \" ><div class=\"rbs-img-thumbs\"  data-thumbnail=\"https:\/\/foto.art.br\/site\/wp-content\/uploads\/2023\/12\/ana2-246x300.jpg\"  title=\"ana2\"  data-width=\"246\"  data-height=\"300\" ><\/div><div class=\"rbs-img-data-popup\"  data-popup=\"https:\/\/foto.art.br\/site\/wp-content\/uploads\/2023\/12\/ana2.jpg\"  title=\"ana2\" ><\/div><div class=\"thumbnail-overlay\"><div class=\"rbsTitle \">ana2<\/div><div class=\"rbsIcons\"><i class=\"fa fa-search-plus rbsZoomIcon \" ><\/i><\/div><\/div><\/div><\/div><div class=\"rbs-img  category382 \" ><div class=\"rbs-img-image   rbs-lightbox \" ><div class=\"rbs-img-thumbs\"  data-thumbnail=\"https:\/\/foto.art.br\/site\/wp-content\/uploads\/2023\/12\/ana3-300x245.jpg\"  title=\"ana3\"  data-width=\"300\"  data-height=\"245\" ><\/div><div class=\"rbs-img-data-popup\"  data-popup=\"https:\/\/foto.art.br\/site\/wp-content\/uploads\/2023\/12\/ana3.jpg\"  title=\"ana3\" ><\/div><div class=\"thumbnail-overlay\"><div class=\"rbsTitle \">ana3<\/div><div class=\"rbsIcons\"><i class=\"fa fa-search-plus rbsZoomIcon \" ><\/i><\/div><\/div><\/div><\/div><div class=\"rbs-img  category382 \" ><div class=\"rbs-img-image   rbs-lightbox \" ><div class=\"rbs-img-thumbs\"  data-thumbnail=\"https:\/\/foto.art.br\/site\/wp-content\/uploads\/2023\/12\/mariana1-233x300.jpg\"  title=\"mariana1\"  data-width=\"233\"  data-height=\"300\" ><\/div><div class=\"rbs-img-data-popup\"  data-popup=\"https:\/\/foto.art.br\/site\/wp-content\/uploads\/2023\/12\/mariana1.jpg\"  title=\"mariana1\" ><\/div><div class=\"thumbnail-overlay\"><div class=\"rbsTitle \">mariana1<\/div><div class=\"rbsIcons\"><i class=\"fa fa-search-plus rbsZoomIcon \" ><\/i><\/div><\/div><\/div><\/div><div class=\"rbs-img  category382 \" ><div class=\"rbs-img-image   rbs-lightbox \" ><div class=\"rbs-img-thumbs\"  data-thumbnail=\"https:\/\/foto.art.br\/site\/wp-content\/uploads\/2023\/12\/mariana3-300x241.jpg\"  title=\"mariana3\"  data-width=\"300\"  data-height=\"241\" ><\/div><div class=\"rbs-img-data-popup\"  data-popup=\"https:\/\/foto.art.br\/site\/wp-content\/uploads\/2023\/12\/mariana3.jpg\"  title=\"mariana3\" ><\/div><div class=\"thumbnail-overlay\"><div class=\"rbsTitle \">mariana3<\/div><div class=\"rbsIcons\"><i class=\"fa fa-search-plus rbsZoomIcon \" ><\/i><\/div><\/div><\/div><\/div><div class=\"rbs-img  category382 \" ><div class=\"rbs-img-image   rbs-lightbox \" ><div class=\"rbs-img-thumbs\"  data-thumbnail=\"https:\/\/foto.art.br\/site\/wp-content\/uploads\/2023\/12\/mateus1-241x300.jpg\"  title=\"mateus1\"  data-width=\"241\"  data-height=\"300\" ><\/div><div class=\"rbs-img-data-popup\"  data-popup=\"https:\/\/foto.art.br\/site\/wp-content\/uploads\/2023\/12\/mateus1.jpg\"  title=\"mateus1\" ><\/div><div class=\"thumbnail-overlay\"><div class=\"rbsTitle \">mateus1<\/div><div class=\"rbsIcons\"><i class=\"fa fa-search-plus rbsZoomIcon \" ><\/i><\/div><\/div><\/div><\/div><div class=\"rbs-img  category382 \" ><div class=\"rbs-img-image   rbs-lightbox \" ><div class=\"rbs-img-thumbs\"  data-thumbnail=\"https:\/\/foto.art.br\/site\/wp-content\/uploads\/2023\/12\/mateus5-242x300.jpg\"  title=\"mateus5\"  data-width=\"242\"  data-height=\"300\" ><\/div><div class=\"rbs-img-data-popup\"  data-popup=\"https:\/\/foto.art.br\/site\/wp-content\/uploads\/2023\/12\/mateus5.jpg\"  title=\"mateus5\" ><\/div><div class=\"thumbnail-overlay\"><div class=\"rbsTitle \">mateus5<\/div><div class=\"rbsIcons\"><i class=\"fa fa-search-plus rbsZoomIcon \" ><\/i><\/div><\/div><\/div><\/div><\/div><\/div><\/div><script>var rbs_gallery_69ef5b949812b = {\"version\":\"5.1.4\",\"id\":382,\"class\":\"id382\",\"roboGalleryDelay\":1000,\"mainContainer\":\"#robo_gallery_main_block_rbs_gallery_69ef5b949812b\",\"loadingContainer\":\"#rbs_gallery_69ef5b949812b-block-loader\",\"loadingContainerObj\":\"rbs_gallery_69ef5b949812b-block-loader\",\"columnWidth\":\"auto\",\"columns\":3,\"resolutions\":[{\"columnWidth\":\"auto\",\"columns\":3,\"maxWidth\":960},{\"columnWidth\":\"auto\",\"columns\":2,\"maxWidth\":650},{\"columnWidth\":\"auto\",\"columns\":1,\"maxWidth\":450}],\"lightboxOptions\":{\"gallery\":{\"enabled\":true,\"tCounter\":\"%curr% of %total%\"}},\"overlayEffect\":\"direction-aware-fade\",\"boxesToLoadStart\":12,\"boxesToLoad\":8,\"waitUntilThumbLoads\":1,\"LoadingWord\":\"Loading...\",\"loadMoreWord\":\"Load More\",\"noMoreEntriesWord\":\"No More Entries\",\"horizontalSpaceBetweenBoxes\":15,\"verticalSpaceBetweenBoxes\":15,\"lazyLoad\":1,\"wrapContainer\":\"#robo-gallery-wrap-rbs_gallery_69ef5b949812b\"};<\/script>","protected":false},"excerpt":{"rendered":"<p>aconteceu na UDESC O curso, destinado a quem j\u00e1 tenha algum conhecimento b\u00e1sico de fotografia, vai abordar as possibilidades da fotografia experimental de baixo custo, seu emprego no processo de ensino\/aprendizagem, possibilidades como meio expressivo. Ser\u00e3o explicadas algumas t\u00e9cnicas experimentais e alternativas de fotografia qu\u00edmica, abordado o uso de filmes de Raio-x, papel colorido, revela\u00e7\u00e3o [&hellip;]<\/p>\n","protected":false},"author":1,"featured_media":389,"comment_status":"closed","ping_status":"","sticky":false,"template":"","format":"standard","meta":{"footnotes":""},"categories":[1],"tags":[],"class_list":["post-390","post","type-post","status-publish","format-standard","has-post-thumbnail","hentry","category-uncategorized"],"blocksy_meta":[],"_links":{"self":[{"href":"https:\/\/foto.art.br\/site\/wp-json\/wp\/v2\/posts\/390","targetHints":{"allow":["GET"]}}],"collection":[{"href":"https:\/\/foto.art.br\/site\/wp-json\/wp\/v2\/posts"}],"about":[{"href":"https:\/\/foto.art.br\/site\/wp-json\/wp\/v2\/types\/post"}],"author":[{"embeddable":true,"href":"https:\/\/foto.art.br\/site\/wp-json\/wp\/v2\/users\/1"}],"replies":[{"embeddable":true,"href":"https:\/\/foto.art.br\/site\/wp-json\/wp\/v2\/comments?post=390"}],"version-history":[{"count":0,"href":"https:\/\/foto.art.br\/site\/wp-json\/wp\/v2\/posts\/390\/revisions"}],"wp:featuredmedia":[{"embeddable":true,"href":"https:\/\/foto.art.br\/site\/wp-json\/wp\/v2\/media\/389"}],"wp:attachment":[{"href":"https:\/\/foto.art.br\/site\/wp-json\/wp\/v2\/media?parent=390"}],"wp:term":[{"taxonomy":"category","embeddable":true,"href":"https:\/\/foto.art.br\/site\/wp-json\/wp\/v2\/categories?post=390"},{"taxonomy":"post_tag","embeddable":true,"href":"https:\/\/foto.art.br\/site\/wp-json\/wp\/v2\/tags?post=390"}],"curies":[{"name":"wp","href":"https:\/\/api.w.org\/{rel}","templated":true}]}}