{"id":854,"date":"2024-04-21T16:34:01","date_gmt":"2024-04-21T19:34:01","guid":{"rendered":"https:\/\/foto.art.br\/site\/?p=854"},"modified":"2024-05-01T15:54:49","modified_gmt":"2024-05-01T18:54:49","slug":"pinhole-day-dia-mundial-da-fotografia-florianopolis-2024","status":"publish","type":"post","link":"https:\/\/foto.art.br\/site\/2024\/04\/21\/pinhole-day-dia-mundial-da-fotografia-florianopolis-2024\/","title":{"rendered":"Pinhole Day Dia Mundial da Fotografia &#8211; Florian\u00f3polis 2024"},"content":{"rendered":"\n<figure class=\"wp-block-image size-large\"><img loading=\"lazy\" decoding=\"async\" width=\"1024\" height=\"359\" src=\"https:\/\/foto.art.br\/site\/wp-content\/uploads\/2024\/04\/Design_sem_nome_17134719994208_18305-1024x359.png\" alt=\"\" class=\"wp-image-855\" srcset=\"https:\/\/foto.art.br\/site\/wp-content\/uploads\/2024\/04\/Design_sem_nome_17134719994208_18305-1024x359.png 1024w, https:\/\/foto.art.br\/site\/wp-content\/uploads\/2024\/04\/Design_sem_nome_17134719994208_18305-300x105.png 300w, https:\/\/foto.art.br\/site\/wp-content\/uploads\/2024\/04\/Design_sem_nome_17134719994208_18305-768x269.png 768w, https:\/\/foto.art.br\/site\/wp-content\/uploads\/2024\/04\/Design_sem_nome_17134719994208_18305.png 1100w\" sizes=\"auto, (max-width: 1024px) 100vw, 1024px\" \/><\/figure>\n\n\n\n<p>O Dia Mundial da Fotografia Pinhole \u00e9 celebrado anualmente no \u00faltimo domingo de abril. O evento foi criado para promover e celebrar a arte da fotografia pinhole em todo o mundo.<br>Neste ano, o Clube de Fotografia projeto extens\u00e3o do LIFE &#8211; Laborat\u00f3rio Interdisciplinar de Forma\u00e7\u00e3o de Educadores, que faz parte do CEART\/UDESC, estar\u00e1 promovendo o evento e convida toda a comunidade para vir fazer sua fotografia pinhole colorida!<br>Data: 28\/04 (domingo)<br>Hor\u00e1rio: 9h \u00e0s 15h<br>Local: Laborat\u00f3rio de Fotografia CEART\/UDESC<\/p>\n\n\n\n<p>Av. Me. Benvenuta, 1907 &#8211; Itacorubi, Florian\u00f3polis &#8211; SC<\/p>\n\n\n\n<p><a href=\"https:\/\/www.udesc.br\/ceart\/life\/extens%C3%A3o\/pinhole\" target=\"_blank\" rel=\"noreferrer noopener\">https:\/\/www.udesc.br\/ceart\/life\/extens%C3%A3o\/pinhole<\/a><\/p>\n\n\n\n<p><strong><em>Galeria do grupo no site do Pinholeday:<\/em><\/strong><\/p>\n\n\n\n<p><a href=\"https:\/\/pinholeday.org\/gallery\/2024\/index.php?formType=list&amp;groupname=Ceart\" target=\"_blank\" rel=\"noreferrer noopener\">https:\/\/pinholeday.org\/gallery\/2024\/index.php?formType=list&amp;groupname=Ceart<\/a><\/p>\n","protected":false},"excerpt":{"rendered":"<p>O Dia Mundial da Fotografia Pinhole \u00e9 celebrado anualmente no \u00faltimo domingo de abril. O evento foi criado para promover e celebrar a arte da fotografia pinhole em todo o mundo.Neste ano, o Clube de Fotografia projeto extens\u00e3o do LIFE &#8211; Laborat\u00f3rio Interdisciplinar de Forma\u00e7\u00e3o de Educadores, que faz parte do CEART\/UDESC, estar\u00e1 promovendo o [&hellip;]<\/p>\n","protected":false},"author":1,"featured_media":865,"comment_status":"closed","ping_status":"","sticky":false,"template":"","format":"standard","meta":{"footnotes":""},"categories":[1],"tags":[],"class_list":["post-854","post","type-post","status-publish","format-standard","has-post-thumbnail","hentry","category-uncategorized"],"blocksy_meta":[],"_links":{"self":[{"href":"https:\/\/foto.art.br\/site\/wp-json\/wp\/v2\/posts\/854","targetHints":{"allow":["GET"]}}],"collection":[{"href":"https:\/\/foto.art.br\/site\/wp-json\/wp\/v2\/posts"}],"about":[{"href":"https:\/\/foto.art.br\/site\/wp-json\/wp\/v2\/types\/post"}],"author":[{"embeddable":true,"href":"https:\/\/foto.art.br\/site\/wp-json\/wp\/v2\/users\/1"}],"replies":[{"embeddable":true,"href":"https:\/\/foto.art.br\/site\/wp-json\/wp\/v2\/comments?post=854"}],"version-history":[{"count":0,"href":"https:\/\/foto.art.br\/site\/wp-json\/wp\/v2\/posts\/854\/revisions"}],"wp:featuredmedia":[{"embeddable":true,"href":"https:\/\/foto.art.br\/site\/wp-json\/wp\/v2\/media\/865"}],"wp:attachment":[{"href":"https:\/\/foto.art.br\/site\/wp-json\/wp\/v2\/media?parent=854"}],"wp:term":[{"taxonomy":"category","embeddable":true,"href":"https:\/\/foto.art.br\/site\/wp-json\/wp\/v2\/categories?post=854"},{"taxonomy":"post_tag","embeddable":true,"href":"https:\/\/foto.art.br\/site\/wp-json\/wp\/v2\/tags?post=854"}],"curies":[{"name":"wp","href":"https:\/\/api.w.org\/{rel}","templated":true}]}}