{"id":871,"date":"2024-06-04T08:52:47","date_gmt":"2024-06-04T11:52:47","guid":{"rendered":"https:\/\/foto.art.br\/site\/?p=871"},"modified":"2024-06-18T09:07:23","modified_gmt":"2024-06-18T12:07:23","slug":"vilem-flusser-e-a-fotografia-experimental-com-marc-lenot","status":"publish","type":"post","link":"https:\/\/foto.art.br\/site\/2024\/06\/04\/vilem-flusser-e-a-fotografia-experimental-com-marc-lenot\/","title":{"rendered":"Vil\u00e9m Flusser e a fotografia experimental com Marc Lenot"},"content":{"rendered":"\n<h3 class=\"wp-block-heading\">18\/jun | das 19h \u00e0s 21h | presencial &#8211; Casa Fiat BH<\/h3>\n\n\n\n<p>A fotografia experimental \u00e9 um campo aberto para diferentes processos e resultados, n\u00e3o se restringindo a uma \u00e1rea espec\u00edfica. O fil\u00f3sofo tcheco-brasileiro Vil\u00e9m Flusser (1920-1991) teve uma abordagem muito influente sobre a fotografia, especialmente sobre a fotografia experimental. Ele trouxe questionamentos filos\u00f3ficos para entender as tecnologias, a import\u00e2ncia da imagem e, assim, a pr\u00f3pria exist\u00eancia humana na contemporaneidade.<\/p>\n\n\n\n<p>O convidado para falar sobre esse pensador \u00e9 o franc\u00eas Marc Lenot, reconhecido cr\u00edtico de arte do jornal Le Monde, que vai abordar a trajet\u00f3ria, as descobertas e os diferentes termos apresentados na obra do fil\u00f3sofo. Para uma compreens\u00e3o mais ampla do pensamento do autor, os professores da UFMG Rodrigo Duarte, da Filosofia, e a Rachel Cec\u00edlia de Oliveira Costa, da Belas Artes, far\u00e3o uma bate-papo com Marc Lenot. Inscreva-se gratuitamente pela&nbsp;<strong><a href=\"https:\/\/bit.ly\/PalestraVilemFlusser\">Sympla<\/a><\/strong>.<\/p>\n\n\n\n<figure class=\"wp-block-embed is-type-wp-embed is-provider-casa-fiat-de-cultura wp-block-embed-casa-fiat-de-cultura\"><div class=\"wp-block-embed__wrapper\">\n<blockquote class=\"wp-embedded-content\" data-secret=\"jNO07sXrpV\"><a href=\"https:\/\/casafiatdecultura.com.br\/evento\/junho-na-casa-fiat-de-cultura-24\/palestra-vilem-flusser-e-a-fotografia-experimental-com-marc-lenot\/\">Palestra | Vil\u00e9m Flusser e a fotografia experimental com Marc Lenot<\/a><\/blockquote><iframe loading=\"lazy\" class=\"wp-embedded-content\" sandbox=\"allow-scripts\" security=\"restricted\" style=\"position: absolute; clip: rect(1px, 1px, 1px, 1px);\" title=\"&#8220;Palestra | Vil\u00e9m Flusser e a fotografia experimental com Marc Lenot&#8221; &#8212; Casa Fiat de Cultura\" src=\"https:\/\/casafiatdecultura.com.br\/evento\/junho-na-casa-fiat-de-cultura-24\/palestra-vilem-flusser-e-a-fotografia-experimental-com-marc-lenot\/embed\/#?secret=Bk8sIbv6g8#?secret=jNO07sXrpV\" data-secret=\"jNO07sXrpV\" width=\"600\" height=\"338\" frameborder=\"0\" marginwidth=\"0\" marginheight=\"0\" scrolling=\"no\"><\/iframe>\n<\/div><\/figure>\n","protected":false},"excerpt":{"rendered":"<p>18\/jun | das 19h \u00e0s 21h | presencial &#8211; Casa Fiat BH A fotografia experimental \u00e9 um campo aberto para diferentes processos e resultados, n\u00e3o se restringindo a uma \u00e1rea espec\u00edfica. O fil\u00f3sofo tcheco-brasileiro Vil\u00e9m Flusser (1920-1991) teve uma abordagem muito influente sobre a fotografia, especialmente sobre a fotografia experimental. Ele trouxe questionamentos filos\u00f3ficos para [&hellip;]<\/p>\n","protected":false},"author":1,"featured_media":0,"comment_status":"closed","ping_status":"","sticky":false,"template":"","format":"standard","meta":{"footnotes":""},"categories":[1],"tags":[],"class_list":["post-871","post","type-post","status-publish","format-standard","hentry","category-uncategorized"],"blocksy_meta":[],"_links":{"self":[{"href":"https:\/\/foto.art.br\/site\/wp-json\/wp\/v2\/posts\/871","targetHints":{"allow":["GET"]}}],"collection":[{"href":"https:\/\/foto.art.br\/site\/wp-json\/wp\/v2\/posts"}],"about":[{"href":"https:\/\/foto.art.br\/site\/wp-json\/wp\/v2\/types\/post"}],"author":[{"embeddable":true,"href":"https:\/\/foto.art.br\/site\/wp-json\/wp\/v2\/users\/1"}],"replies":[{"embeddable":true,"href":"https:\/\/foto.art.br\/site\/wp-json\/wp\/v2\/comments?post=871"}],"version-history":[{"count":0,"href":"https:\/\/foto.art.br\/site\/wp-json\/wp\/v2\/posts\/871\/revisions"}],"wp:attachment":[{"href":"https:\/\/foto.art.br\/site\/wp-json\/wp\/v2\/media?parent=871"}],"wp:term":[{"taxonomy":"category","embeddable":true,"href":"https:\/\/foto.art.br\/site\/wp-json\/wp\/v2\/categories?post=871"},{"taxonomy":"post_tag","embeddable":true,"href":"https:\/\/foto.art.br\/site\/wp-json\/wp\/v2\/tags?post=871"}],"curies":[{"name":"wp","href":"https:\/\/api.w.org\/{rel}","templated":true}]}}