{"id":949,"date":"2024-08-20T15:26:48","date_gmt":"2024-08-20T18:26:48","guid":{"rendered":"https:\/\/foto.art.br\/site\/?p=949"},"modified":"2024-09-02T15:50:07","modified_gmt":"2024-09-02T18:50:07","slug":"premio-funarte-marc-ferrez-de-fotografia-17a-edicao","status":"publish","type":"post","link":"https:\/\/foto.art.br\/site\/2024\/08\/20\/premio-funarte-marc-ferrez-de-fotografia-17a-edicao\/","title":{"rendered":"Pr\u00eamio Funarte Marc Ferrez de Fotografia \u2013 17\u00aa Edi\u00e7\u00e3o"},"content":{"rendered":"\n<p>O edital vai oferecer\u00a0<strong>dez premia\u00e7\u00f5es<\/strong>\u00a0e\u00a0<strong>doze bolsas culturais<\/strong>, que buscam estimular a nova produ\u00e7\u00e3o fotogr\u00e1fica, incentivando, promovendo e difundindo a ampla e diversa produ\u00e7\u00e3o art\u00edstica de todas as regi\u00f5es do pa\u00eds.\u00a0<strong>As\u00a0dez premia\u00e7\u00f5es t\u00eam o valor bruto de R$ 30 mil cada<\/strong>,\u00a0para projetos de conjunto de obras fotogr\u00e1ficas de livre cria\u00e7\u00e3o com vi\u00e9s art\u00edstico. E, entre as doze bolsas culturais, s\u00e3o\u00a0<strong>seis bolsas, de R$ 60 mil cada<\/strong>,\u00a0para projetos de registro documental e\/ou fotojornalismo no Brasil, que tenham como resultado uma exposi\u00e7\u00e3o presencial e um cat\u00e1logo virtual; e\u00a0<strong>mais seis bolsas, tamb\u00e9m de\u00a0R$ 60 mil cada<\/strong>,\u00a0para projetos de pesquisa para cria\u00e7\u00e3o de obras de reflex\u00e3o cr\u00edtica sobre a fotografia, que tenham como resultado um livro impresso &#8212;\u00a0\u00a0al\u00e9m disso, o proponente dever\u00e1 escolher entre disponibilizar a vers\u00e3o virtual do livro ou realizar uma atividade formativa que tenha rela\u00e7\u00e3o direta com a bolsa recebida.<\/p>\n\n\n\n<p><a href=\"https:\/\/www.gov.br\/funarte\/pt-br\/editais-1\/2024\/premio-funarte-marc-ferrez-de-fotografia-2013-17a-edicao\/premio-funarte-marc-ferrez-de-fotografia-2013-17a-edicao\" target=\"_blank\" rel=\"noreferrer noopener\">https:\/\/www.gov.br\/funarte\/pt-br\/editais-1\/2024\/premio-funarte-marc-ferrez-de-fotografia-2013-17a-edicao\/premio-funarte-marc-ferrez-de-fotografia-2013-17a-edicao<\/a><\/p>\n\n\n\n<p><\/p>\n","protected":false},"excerpt":{"rendered":"<p>O edital vai oferecer\u00a0dez premia\u00e7\u00f5es\u00a0e\u00a0doze bolsas culturais, que buscam estimular a nova produ\u00e7\u00e3o fotogr\u00e1fica, incentivando, promovendo e difundindo a ampla e diversa produ\u00e7\u00e3o art\u00edstica de todas as regi\u00f5es do pa\u00eds.\u00a0As\u00a0dez premia\u00e7\u00f5es t\u00eam o valor bruto de R$ 30 mil cada,\u00a0para projetos de conjunto de obras fotogr\u00e1ficas de livre cria\u00e7\u00e3o com vi\u00e9s art\u00edstico. E, entre as [&hellip;]<\/p>\n","protected":false},"author":1,"featured_media":951,"comment_status":"closed","ping_status":"","sticky":false,"template":"","format":"standard","meta":{"footnotes":""},"categories":[1],"tags":[],"class_list":["post-949","post","type-post","status-publish","format-standard","has-post-thumbnail","hentry","category-uncategorized"],"blocksy_meta":[],"_links":{"self":[{"href":"https:\/\/foto.art.br\/site\/wp-json\/wp\/v2\/posts\/949","targetHints":{"allow":["GET"]}}],"collection":[{"href":"https:\/\/foto.art.br\/site\/wp-json\/wp\/v2\/posts"}],"about":[{"href":"https:\/\/foto.art.br\/site\/wp-json\/wp\/v2\/types\/post"}],"author":[{"embeddable":true,"href":"https:\/\/foto.art.br\/site\/wp-json\/wp\/v2\/users\/1"}],"replies":[{"embeddable":true,"href":"https:\/\/foto.art.br\/site\/wp-json\/wp\/v2\/comments?post=949"}],"version-history":[{"count":0,"href":"https:\/\/foto.art.br\/site\/wp-json\/wp\/v2\/posts\/949\/revisions"}],"wp:featuredmedia":[{"embeddable":true,"href":"https:\/\/foto.art.br\/site\/wp-json\/wp\/v2\/media\/951"}],"wp:attachment":[{"href":"https:\/\/foto.art.br\/site\/wp-json\/wp\/v2\/media?parent=949"}],"wp:term":[{"taxonomy":"category","embeddable":true,"href":"https:\/\/foto.art.br\/site\/wp-json\/wp\/v2\/categories?post=949"},{"taxonomy":"post_tag","embeddable":true,"href":"https:\/\/foto.art.br\/site\/wp-json\/wp\/v2\/tags?post=949"}],"curies":[{"name":"wp","href":"https:\/\/api.w.org\/{rel}","templated":true}]}}