{"id":959,"date":"2024-09-02T15:44:01","date_gmt":"2024-09-02T18:44:01","guid":{"rendered":"https:\/\/foto.art.br\/site\/?p=959"},"modified":"2024-09-02T15:46:24","modified_gmt":"2024-09-02T18:46:24","slug":"impressao-em-albumen","status":"publish","type":"post","link":"https:\/\/foto.art.br\/site\/2024\/09\/02\/impressao-em-albumen\/","title":{"rendered":"Impress\u00e3o em Alb\u00famen"},"content":{"rendered":"\n<figure class=\"wp-block-image size-large\"><img loading=\"lazy\" decoding=\"async\" width=\"1024\" height=\"1024\" src=\"https:\/\/foto.art.br\/site\/wp-content\/uploads\/2024\/09\/sassaki-1024x1024.jpg\" alt=\"\" class=\"wp-image-961\" srcset=\"https:\/\/foto.art.br\/site\/wp-content\/uploads\/2024\/09\/sassaki-1024x1024.jpg 1024w, https:\/\/foto.art.br\/site\/wp-content\/uploads\/2024\/09\/sassaki-300x300.jpg 300w, https:\/\/foto.art.br\/site\/wp-content\/uploads\/2024\/09\/sassaki-150x150.jpg 150w, https:\/\/foto.art.br\/site\/wp-content\/uploads\/2024\/09\/sassaki-768x768.jpg 768w, https:\/\/foto.art.br\/site\/wp-content\/uploads\/2024\/09\/sassaki.jpg 1500w\" sizes=\"auto, (max-width: 1024px) 100vw, 1024px\" \/><\/figure>\n\n\n\n<p>Demonstra\u00e7\u00e3o online: Impress\u00e3o em Alb\u00famen &#8211; processo, matrizes tradicionais e em jato de tinta<\/p>\n\n\n\n<p>Nesta atividade online de dois dias, ser\u00e1 demonstrado o processo fotogr\u00e1fico de impress\u00e3o em papel albuminado. No primeiro dia, ser\u00e3o mostrados de forma compacta os passos para a produ\u00e7\u00e3o do papel fotossens\u00edvel, desde os ingredientes, como clara e prata, a cobertura das folhas e sua sensibiliza\u00e7\u00e3o. Tamb\u00e9m ser\u00e1 demonstrado o processo de c\u00f3pia por contato a partir de matrizes <a><\/a>tradicionais como negativos de vidro e papel.<\/p>\n\n\n\n<p>No segundo dia, ser\u00e1 abordado o processo de c\u00f3pia por contato a partir de matrizes impressas em jato de tinta a partir de arquivo digital. Os passos para a produ\u00e7\u00e3o do negativo otimizado para o processo ser\u00e1 explicado.<\/p>\n\n\n\n<p>Esta atividade faz parte do projeto \u201cImpress\u00e3o em alb\u00famen: C\u00f3pias positivas em papel a partir de matrizes anal\u00f3gicas e digitais\u201d que foi contemplado no Edital Bolsa Funarte de Est\u00edmulo \u00e0 Conserva\u00e7\u00e3o Fotogr\u00e1fica Solange Z\u00fa\u00f1iga de 2023.<\/p>\n\n\n\n<p>Cronograma:<\/p>\n\n\n\n<p>A atividade ser\u00e1 dividida em tr\u00eas sess\u00f5es com assuntos distintos. A inscri\u00e7\u00e3o vale para as tr\u00eas sess\u00f5es.<\/p>\n\n\n\n<p><strong>Dia 28\/9\/24 &#8211; das 10h-13h e 15h-18h<\/strong><\/p>\n\n\n\n<p>Prepara\u00e7\u00e3o do papel albuminado.<\/p>\n\n\n\n<p>Exposi\u00e7\u00e3o e processamento.<\/p>\n\n\n\n<p><strong>Dia 29\/9\/24 &#8211; das 15h-18h<\/strong><\/p>\n\n\n\n<p>Produ\u00e7\u00e3o do negativo em jato de tinta.<\/p>\n\n\n\n<p>Ministrado por:<\/p>\n\n\n\n<p>Roger Hama Sassaki. Natural de S\u00e3o Paulo, \u00e9 bacharel em fotografia pelo SENAC-SP e Mestre em Po\u00e9ticas Visuais pela ECA-USP. Iniciou a fotografia na \u00e1rea de documenta\u00e7\u00e3o fotogr\u00e1fica de comunidades brasileiras e tamb\u00e9m do cen\u00e1rio art\u00edstico, principalmente musical, da cidade de S\u00e3o Paulo. Em 2011 produziu sua exposi\u00e7\u00e3o individual fotogr\u00e1fica sobre a regi\u00e3o do sert\u00e3o mineiro na Universidade de Paris, Sorbonne, a convite da institui\u00e7\u00e3o. Em 2012, inicia um processo de resgate de processos hist\u00f3ricos fotogr\u00e1ficos em seu ateli\u00ea em SP. Para a divulga\u00e7\u00e3o das pesquisas, funda o blog Imagineiro (<a href=\"https:\/\/l.facebook.com\/l.php?u=http%3A%2F%2Fimagineiro.com.br%2F%3Ffbclid%3DIwZXh0bgNhZW0CMTAAAR3oWS-MpySpSFu3-d7XkPBJcw2LCD6MnxzituXs2dEtImEcb0Uf55FjhLU_aem_RCfZViYsG983s_yxCcMjyg&amp;h=AT2Jiu-oAbNlCVHfqedbVYJIn8vPgYTvdLBzLzORtwCkewNZ7AqWfC8aolCvaYiox6sPLE59LoRt_jDFt_uOkK6Fc_F9l5gReTl-b1WztixuHHdeawbDwaumUznvlzhCdU4_&amp;__tn__=-UK-R&amp;c[0]=AT36gvvABN6iQsBZujzYTYXkrUtjYORL2X6vq6_9DUem8ZN2POnPk5mQwfvJ24CBzYfd_c8fhTqZa0iX3JbUMxwMPZMiDtS71agkwZlUku_-6W0sJaiTYaAhjAd8HJ7rJxtGn3X7jVk9Bl9b4waUCTT4YIiJ0aYEp8N1v4rSbUKhxLWndzbwPmMEYnOE7IxiaGzjjD_q6t9ROfA\" rel=\"noreferrer noopener\" target=\"_blank\">imagineiro.com.br<\/a>) e tem sido convidado por institui\u00e7\u00f5es de ensino de artes visuais para ministrar cursos e demonstra\u00e7\u00f5es de processos para estudantes de fotografia e outras artes. Foi contemplado duas vezes pela Bolsa Funarte de Est\u00edmulo \u00e0 Conserva\u00e7\u00e3o Fotogr\u00e1fica Solange Z\u00fa\u00f1iga para a produ\u00e7\u00e3o de manuais pr\u00e1ticos em processos fotogr\u00e1ficos, como negativos do s\u00e9culo 19 e impress\u00e3o em alb\u00famen.<\/p>\n\n\n\n<p><strong>inscri\u00e7\u00f5es:<\/strong><\/p>\n\n\n\n<p><a href=\"https:\/\/www.sympla.com.br\/...\/demonstracao-online...\/2605166\">https:\/\/www.sympla.com.br\/&#8230;\/demonstracao-online&#8230;\/2605166<\/a><\/p>\n\n\n\n<p><\/p>\n","protected":false},"excerpt":{"rendered":"<p>Demonstra\u00e7\u00e3o online: Impress\u00e3o em Alb\u00famen &#8211; processo, matrizes tradicionais e em jato de tinta Nesta atividade online de dois dias, ser\u00e1 demonstrado o processo fotogr\u00e1fico de impress\u00e3o em papel albuminado. No primeiro dia, ser\u00e3o mostrados de forma compacta os passos para a produ\u00e7\u00e3o do papel fotossens\u00edvel, desde os ingredientes, como clara e prata, a cobertura [&hellip;]<\/p>\n","protected":false},"author":1,"featured_media":961,"comment_status":"closed","ping_status":"","sticky":false,"template":"","format":"standard","meta":{"footnotes":""},"categories":[1],"tags":[],"class_list":["post-959","post","type-post","status-publish","format-standard","has-post-thumbnail","hentry","category-uncategorized"],"blocksy_meta":[],"_links":{"self":[{"href":"https:\/\/foto.art.br\/site\/wp-json\/wp\/v2\/posts\/959","targetHints":{"allow":["GET"]}}],"collection":[{"href":"https:\/\/foto.art.br\/site\/wp-json\/wp\/v2\/posts"}],"about":[{"href":"https:\/\/foto.art.br\/site\/wp-json\/wp\/v2\/types\/post"}],"author":[{"embeddable":true,"href":"https:\/\/foto.art.br\/site\/wp-json\/wp\/v2\/users\/1"}],"replies":[{"embeddable":true,"href":"https:\/\/foto.art.br\/site\/wp-json\/wp\/v2\/comments?post=959"}],"version-history":[{"count":0,"href":"https:\/\/foto.art.br\/site\/wp-json\/wp\/v2\/posts\/959\/revisions"}],"wp:featuredmedia":[{"embeddable":true,"href":"https:\/\/foto.art.br\/site\/wp-json\/wp\/v2\/media\/961"}],"wp:attachment":[{"href":"https:\/\/foto.art.br\/site\/wp-json\/wp\/v2\/media?parent=959"}],"wp:term":[{"taxonomy":"category","embeddable":true,"href":"https:\/\/foto.art.br\/site\/wp-json\/wp\/v2\/categories?post=959"},{"taxonomy":"post_tag","embeddable":true,"href":"https:\/\/foto.art.br\/site\/wp-json\/wp\/v2\/tags?post=959"}],"curies":[{"name":"wp","href":"https:\/\/api.w.org\/{rel}","templated":true}]}}